{"id":154,"date":"2007-07-12T08:18:31","date_gmt":"2007-07-12T06:18:31","guid":{"rendered":"http:\/\/www.luxorbis.org\/friedensplattform.at\/?p=154"},"modified":"2007-07-12T08:18:31","modified_gmt":"2007-07-12T06:18:31","slug":"kreativitat-statt-eurofighter","status":"publish","type":"post","link":"http:\/\/www.friedensplattform.at\/?p=154","title":{"rendered":"Kreativit&#228;t statt Eurofighter"},"content":{"rendered":"<p>Am Donnerstag, dem 12. Juli 07 soll der erste Eurofighter in Zeltweg landen. Damit soll \u00d6sterreichs Bundesheer endg\u00fcltig zu einem tauglichen Partner in den k\u00fcnftigen Kriegen der EU-Armee werden. Ganz ohne Protest soll das aber nicht \u00fcber die B\u00fchne gehen.<\/p>\n<p>Daher sammeln wir uns am Bahnhof in Zeltweg bis 10 Uhr fr\u00fch. Wer aus Wien rechtzeitig dort sein will, kann den Zug um 06.57 Uhr ab S\u00fcdbahnhof nehmen.<\/p>\n<p>Wir wollen der Landung dieses Kampffliegers unsere Kreativit\u00e4t entgegenzusetzen.<\/p>\n","protected":false},"excerpt":{"rendered":"<p>Am Donnerstag, dem 12. Juli 07 soll der erste Eurofighter in Zeltweg landen. Damit soll \u00d6sterreichs Bundesheer endg\u00fcltig zu einem tauglichen Partner in den k\u00fcnftigen Kriegen der EU-Armee werden. Ganz ohne Protest soll das aber nicht \u00fcber die B\u00fchne gehen. Daher sammeln wir uns am Bahnhof in Zeltweg bis 10 Uhr fr\u00fch. Wer aus Wien &hellip; <a href=\"http:\/\/www.friedensplattform.at\/?p=154\" class=\"more-link\"><span class=\"screen-reader-text\">Kreativit&#228;t statt Eurofighter<\/span> weiterlesen <span class=\"meta-nav\">&rarr;<\/span><\/a><\/p>\n","protected":false},"author":1,"featured_media":0,"comment_status":"open","ping_status":"open","sticky":false,"template":"","format":"standard","meta":{"footnotes":""},"categories":[1],"tags":[],"class_list":["post-154","post","type-post","status-publish","format-standard","hentry","category-allgemein"],"_links":{"self":[{"href":"http:\/\/www.friedensplattform.at\/index.php?rest_route=\/wp\/v2\/posts\/154","targetHints":{"allow":["GET"]}}],"collection":[{"href":"http:\/\/www.friedensplattform.at\/index.php?rest_route=\/wp\/v2\/posts"}],"about":[{"href":"http:\/\/www.friedensplattform.at\/index.php?rest_route=\/wp\/v2\/types\/post"}],"author":[{"embeddable":true,"href":"http:\/\/www.friedensplattform.at\/index.php?rest_route=\/wp\/v2\/users\/1"}],"replies":[{"embeddable":true,"href":"http:\/\/www.friedensplattform.at\/index.php?rest_route=%2Fwp%2Fv2%2Fcomments&post=154"}],"version-history":[{"count":0,"href":"http:\/\/www.friedensplattform.at\/index.php?rest_route=\/wp\/v2\/posts\/154\/revisions"}],"wp:attachment":[{"href":"http:\/\/www.friedensplattform.at\/index.php?rest_route=%2Fwp%2Fv2%2Fmedia&parent=154"}],"wp:term":[{"taxonomy":"category","embeddable":true,"href":"http:\/\/www.friedensplattform.at\/index.php?rest_route=%2Fwp%2Fv2%2Fcategories&post=154"},{"taxonomy":"post_tag","embeddable":true,"href":"http:\/\/www.friedensplattform.at\/index.php?rest_route=%2Fwp%2Fv2%2Ftags&post=154"}],"curies":[{"name":"wp","href":"https:\/\/api.w.org\/{rel}","templated":true}]}}