{"id":1996,"date":"2012-03-06T17:20:50","date_gmt":"2012-03-06T15:20:50","guid":{"rendered":"http:\/\/www.luxorbis.org\/friedensplattform.at\/?p=1996"},"modified":"2012-03-06T17:20:50","modified_gmt":"2012-03-06T15:20:50","slug":"protestaktion-vor-dem-schauspielhaus-am-7-maerz","status":"publish","type":"post","link":"http:\/\/www.friedensplattform.at\/?p=1996","title":{"rendered":"Frauen in Schwarz und Kritische J&#252;dische Stimme antworten auf den Brief der Intendantin des Schauspielhauses"},"content":{"rendered":"<div><!--more--><\/div>\n<div><span style=\"font-family: Arial; font-size: 10pt;\" lang=\"DE\">Frau Anna Badora<\/span><\/div>\n<div><span style=\"font-family: Arial; font-size: 10pt;\" lang=\"DE\">Intendantin<\/span><\/div>\n<div><span style=\"font-family: Arial; font-size: 10pt;\" lang=\"DE\">Schauspielhaus Graz<\/span><\/div>\n<div><span style=\"font-family: Arial; font-size: 10pt;\" lang=\"DE\">Hofgasse 11<\/span><\/div>\n<div><span style=\"font-family: Arial; font-size: 10pt;\" lang=\"DE\">8010 Graz<\/span><\/div>\n<div><span style=\"font-family: Arial; font-size: 10pt;\" lang=\"DE\">Sehr geehrte Frau Badora,<\/span><\/div>\n<div><span style=\"font-family: Arial; font-size: 10pt;\" lang=\"DE\">Vielen Dank f\u00fcr Ihre M\u00fche eine so ausf\u00fchrliche Antwort auf unseren Brief zu schreiben.<\/span><\/div>\n<div><span style=\"font-family: Arial; font-size: 10pt;\" lang=\"DE\">Obwohl wir mit mehreren Argumenten in Ihrem Brief voll einverstanden sind, m\u00f6chten wir doch einiges dazu bemerken.<\/span><\/div>\n<div><span style=\"font-family: Arial; font-size: 10pt;\" lang=\"DE\">Man  kann die Anschl\u00e4ge der Hamas (13 israelische Opfer seit 2000)  verurteilen, sie sind aber niemals gleichzusetzen mit u.a. den st\u00e4ndigen  Luftbombardements auf Gaza, oft mit chemischen Waffen,\u00a0der  Hungerblockade, jahrzehntelanger Abriegelungen, dem Massaker &#8222;Operation  Gegossenes Blei&#8220; (ca. 1450 pal\u00e4stinensische Opfer), ganz zu schweigen  von den vielen Massakern, die immer wieder in Gaza stattgefunden haben.\u00a0  Es ist eine ungleiche Auseinandersetzung auf allen Ebenen.<\/span><\/div>\n<ul>\n<li><span style=\"font-family: Arial; font-size: 10pt;\" lang=\"DE\">Daraus  folgt, dass es nicht einseitig sein kann sich auf die Seite der  Pal\u00e4stinenser_innen zu stellen, sondern ein Gebot der Gerechtigkeit!<\/span><\/li>\n<li><span style=\"font-family: Arial; font-size: 10pt;\" lang=\"DE\">Ein  St\u00fcck \u00fcber den Holocaust ist immer notwendig und gut, doch bedeutet das  nicht, dass die Vertreibung und Unterdr\u00fcckung der indigenen Bev\u00f6lkerung  darin thematisiert wurde.<\/span><\/li>\n<li><span style=\"font-family: Arial; font-size: 10pt;\" lang=\"DE\">Geht  es nicht darum, zu einer v\u00f6lkerrechtswidrigen und  menschenrechtsfeindlichen Politik klar Stellung zu beziehen, als  politisch denkender und handelnder Mensch Verantwortung zu \u00fcbernehmen,  zu einer Politik und Geschichte, die durch Europa zentral verursacht  wurde und das seit 1948?<\/span><\/li>\n<li><span style=\"font-family: Arial; font-size: 10pt;\" lang=\"DE\">Wir  verstehen Ihren Absatz bez\u00fcglich Ungarn, aber kann die Politik in  Ungarn mit den Geschehnissen in Israel und in den besetzten Gebieten  verglichen werden?\u00a0 Geht es in Ungarn um Macht\u00fcbernahme durch eine  rechte Elite, sind es in Israel Regierungen, die Krieg gegen einen Teil  der Bev\u00f6lkerung f\u00fchren und deren Land rauben. <\/span><\/li>\n<li><span style=\"font-family: Arial; font-size: 10pt;\" lang=\"DE\">Es  ist bezeichnend, dass Politiker_innen einem Theater verordnen, wo es zu  spielen hat und gut, wenn dieses sich nicht vor den Karren spannen  l\u00e4sst.<\/span><\/li>\n<li><span style=\"font-family: Arial; font-size: 10pt;\" lang=\"DE\">Das  best\u00e4tigt die Richtigkeit unseres Protestes, der sich gegen diese  Politik richtet und von \u00f6sterreichischen Institutionen, ob k\u00fcnstlerisch  oder akademisch, eine Auseinandersetzung mit der  menschenrechtsfeindlichen Politik Israels einfordert.\u00a0 Frieden kann nur  einkehren, wenn alle daran mitwirken.\u00a0 Das Grazer Schauspielhaus k\u00f6nnte  es, wenn es eine Kooperation mit solch einer Politik klar ablehnt. <\/span><\/li>\n<li><span style=\"font-family: Arial; font-size: 10pt;\" lang=\"DE\">Boykott  ist das Mittel der Wahl um die israelischen Politik zu einer Umkehr in  ihrem Denken und Handeln zu veranlassen.\u00a0 Eines der wenigen Mittel, mit  dem wir in Europa einen Beitrag zum Weltfrieden und Gerechtigkeit  leisten k\u00f6nnen.\u00a0\u00a0Das Ende der Apartheid in S\u00fcdafrika k\u00f6nnte uns als  Beispiel dienen.<\/span><\/li>\n<\/ul>\n<div><span style=\"font-family: Arial; font-size: 10pt;\" lang=\"DE\">Mit freundlichen Gr\u00fc\u00dfen,<\/span><\/div>\n<div><span style=\"font-family: Arial; font-size: 10pt;\" lang=\"DE\">Mag. Peter Melvyn<\/span><\/div>\n<div><span style=\"font-family: Arial; font-size: 10pt;\" lang=\"DE\">Kritische J\u00fcdische Stimme (\u00d6sterreich)<\/span><\/div>\n<div><span style=\"font-family: Arial; font-size: 10pt;\" lang=\"DE\"><a href=\"https:\/\/service.gmx.net\/de\/cgi\/g.fcgi\/mail\/new?CUSTOMERNO=18763540&amp;t=de414045812.1331152620.ffcc204c&amp;to=nahostfriede%40gmail.com\" target=\"_blank\">nahostfriede@gmail.com<\/a> <\/span><\/div>\n<div><span style=\"font-family: Arial; font-size: 10pt;\" lang=\"DE\"><a href=\"http:\/\/www.nahostfriede.at\/\" target=\"_blank\">www.nahostfriede.at<\/a> <\/span><\/div>\n<div><span style=\"font-family: Arial; font-size: 10pt;\" lang=\"DE\">Paula Abrams-Hourani<\/span><\/div>\n<div><span style=\"font-family: Arial; font-size: 10pt;\" lang=\"DE\">Frauen in Schwarz (Wien)<\/span><\/div>\n<div><span style=\"font-family: Arial; font-size: 10pt;\" lang=\"DE\"><a href=\"https:\/\/service.gmx.net\/de\/cgi\/g.fcgi\/mail\/new?CUSTOMERNO=18763540&amp;t=de414045812.1331152620.ffcc204c&amp;to=fraueninschwarzwien%40gmail.com\" target=\"_blank\">fraueninschwarzwien@gmail.com<\/a> <\/span><\/div>\n<div><span style=\"font-family: Arial; font-size: 10pt;\" lang=\"DE\"><a href=\"http:\/\/www.fraueninschwarz.at\/\" target=\"_blank\">www.fraueninschwarz.at<\/a><\/span><\/div>\n<div><span style=\"font-family: Arial; font-size: 10pt;\" lang=\"DE\">__________________________________________________________<br \/>\n<\/span><\/div>\n<h2>Es folgt ein Text der Friedensplattform:<\/h2>\n<h3>Liebe Theaterfreundinnen und -freunde !<\/h3>\n<h3>Wir alle sch\u00e4tzen die gute und professionelle Arbeit des Ensembles des Grazer Schauspielhauses. Gerade weil wir kritische Themen \u00fcberaus begr\u00fc\u00dfen, m\u00f6chten wir Sie auf einen Widerspruch aufmerksam machen:<\/h3>\n<h3><strong> <\/strong><\/h3>\n<h3><strong>Am 15. und 16. M\u00e4rz wird es ein Gastspiel der Grazer Produktion \u201eBoat People\u201c am Habima-Theater in Tel Aviv geben. In diesem St\u00fcck geht es um Menschenrechte und Fl\u00fcchtlingsschicksale. <\/strong><\/h3>\n<h3><strong>Wir m\u00f6chten in diesem Zusammenhang darauf hinweisen, dass israelische Regierungen seit Jahrzehnten systematisch die Menschenrechte der Pal\u00e4stinenserInnen verletzen und das Westjordanland widerrechtlich besetzt halten.<\/strong><\/h3>\n<h3>Israel entwickelt sich mehr und mehr zum Apartheid-Staat, in dem es z.B. den Pal\u00e4stinenserInnen die Benutzung vieler Stra\u00dfen untersagt und eine j\u00fcdische Siedlung nach der anderen auf pal\u00e4stinensischem Boden errichtet. Dadurch wurden die Friedensverhandlungen von Oslo zum Scheitern gebracht und jede M\u00f6glichkeit f\u00fcr eine gerechte 2-Staatenl\u00f6sung sprichw\u00f6rtlich verbaut. Im Zuge der israelischen Neusiedlungen werden t\u00e4glich pal\u00e4stinensische D\u00f6rfer und deren Lebensgrundlagen, wie Olivenbaumhaine, zerst\u00f6rt. Es ist dieselbe Vertreibungspolitik seit 1948, denn israelische Regierende wollen einen Staat mit mehrheitlich j\u00fcdischer Bev\u00f6lkerung. Die Pal\u00e4stinenserInnen werden durch eine 760 km lange Mauer ausgesperrt, 24.000 pal\u00e4stinensische H\u00e4user wurden seit 1967 von der israelischen Regierung zerst\u00f6rt.<\/h3>\n<h3>Durch internationale Theaterprojekte m\u00f6chte sich Israel mit k\u00fcnstlerisch- kritischem Image pr\u00e4sentieren.<\/h3>\n<h3>Darunter soll die bittere Realit\u00e4t der Pal\u00e4stinenserInnen verschwinden, denn von ihnen ist freilich keine Rede.<\/h3>\n<h3>Als Friedensplattform ist es uns zentral, f\u00fcr Frieden und gegen Unterdr\u00fcckung \u00fcberall auf der Welt einzutreten.<\/h3>\n<h3>Wahrhafter Frieden ist nur m\u00f6glich durch Gerechtigkeit.<\/h3>\n<h3><span style=\"color: #008000;\"><strong>Daher fordern wir eine Aufk\u00fcndigung jeglicher Zusammenarbeit mit Israel, solange das Recht der Pal\u00e4stinenserInnen mit F\u00fc\u00dfen getreten wird!<\/strong><\/span><\/h3>\n<h3>Ein Protestschreiben der \u201eFrauen in Schwarz\u201c (Wien) an das Grazer Schauspielhaus wegen dieser Kooperation wurde auch von der \u201eSteirischen Friedensplattform\u201c unterzeichnet.<\/h3>\n<h3>Weitere Informationen zum Thema:<\/h3>\n<h3><a href=\"http:\/\/www.friedensplattform.at\/\">http:\/\/www.friedensplattform.at<\/a> (Abdruck des Protestbriefs)<\/h3>\n<h3><a href=\"http:\/\/\">http:\/\/www.fraueninschwarz.at <\/a><\/h3>\n<h3><a href=\"http:\/\/\">http:\/\/www.ag-friedensforschung.de\/regionen\/Israel<\/a><\/h3>\n<h3><a href=\"http:\/\/\">http:\/\/www.juedische-stimme.de<\/a><\/h3>\n<h3><a href=\"http:\/\/www.icahd.org\/\">http:\/\/www.icahd.org<\/a> (Israeli Committee Against House Demolitions)<\/h3>\n<h3><a href=\"http:\/\/www.youtube.com\/watch?v=s8Mnp9wHTHo\">http:\/\/www.youtube.com\/watch?v=s8Mnp9wHTHo<\/a><\/h3>\n<h3>(Hauszerst\u00f6rung live)<\/h3>\n<h3><span style=\"color: #008000;\">Today the Palestinians cry out to the world and to God, saying:<\/span><\/h3>\n<h3><span style=\"color: #008000;\"> <\/span><\/h3>\n<h3><span style=\"color: #008000;\"><strong> <\/strong><\/span><\/h3>\n<h3><span style=\"color: #008000;\"> <\/span><\/h3>\n<h3><span style=\"color: #008000;\"><strong>How long, O God, will they steal our livelihood? Oppress, imprison and humiliate our people? Deprive our children of their childhood? Indeed how long, God, will\u00a0the multitudes of Christians of the world ignore the anguish of our Palestinian sisters and brothers and all of the oppressed?<\/strong><\/span><\/h3>\n<h3><strong> <\/strong><\/h3>\n<h3><strong>(<\/strong>Aus einem Solidarit\u00e4tsschreiben s\u00fcdafrikanischer Bisch\u00f6fe anl\u00e4sslich der 8.<strong> \u201eInternational Israeli Apartheid Week\u201c <\/strong>von 5.-11. M\u00e4rz 2012)<\/h3>\n<h3><a href=\"http:\/\/www.bdssouthafrica.com\/\">http:\/\/www.bdssouthafrica.com<\/a><em> <\/em><\/h3>\n<p style=\"text-align: center;\">\n<p style=\"text-align: center;\"><strong><br \/>\n<\/strong><\/p>\n<p style=\"text-align: center;\"><a name=\"fried\"><\/a><\/p>\n<h2><span style=\"color: #993366;\"><a name=\"fried\">Kreuztragung von Erich Fried<\/a><a name=\"fried\"><\/a><\/span><\/h2>\n<h3 style=\"text-align: center;\"><span style=\"color: #993366;\">Kreuztragung 1972<\/span><\/h3>\n<p style=\"text-align: center;\"><span style=\"color: #993366;\"><strong>Eine Pal\u00e4stinenserin<br \/>\nmittleren Alters<br \/>\nnicht kenntlich an ihrem Gesicht<br \/>\ndas ihr schwarzer Schleier verh\u00fcllt <\/strong><\/span><\/p>\n<p style=\"text-align: center;\"><span style=\"color: #993366;\"><strong>aber kenntlich von weitem<br \/>\nan dem entwurzelten Baum<br \/>\nauf ihrer Schulter<br \/>\ngeht langsam die Stra\u00dfe entlang<\/strong><\/span><\/p>\n<p style=\"text-align: center;\"><span style=\"color: #993366;\"><strong>durch den Moshav<br \/>\nvorbei an den wei\u00dfen Gipsk\u00f6pfen<br \/>\nJabotinskys und Golda Meirs<br \/>\ndie ihn bewachen<\/strong><\/span><\/p>\n<p><span style=\"color: #993366;\"><strong> <\/strong><\/span><\/p>\n<p><span style=\"color: #993366;\"><strong> <\/strong><\/span><\/p>\n<p><span style=\"color: #993366;\"><strong> <\/strong><\/span><\/p>\n<p><span style=\"color: #993366;\"><strong> <\/strong><\/span><\/p>\n<p><span style=\"color: #993366;\"><strong> <\/strong><\/span><\/p>\n<p style=\"text-align: center;\"><span style=\"color: #993366;\"><strong>Sie tr\u00e4gt ihren Baum<br \/>\nden ihr die Israelis<br \/>\nentwurzelt haben<br \/>\nals sie selber entwurzelt wurde<\/strong><\/span><\/p>\n<p><span style=\"color: #993366;\"><strong> <\/strong><\/span><\/p>\n<p style=\"text-align: center;\"><span style=\"color: #993366;\"><strong>aus ihrem zerst\u00f6rten Dorf<br \/>\nirgendwohin<br \/>\nwo sie hofft ihn pflanzen zu k\u00f6nnen<br \/>\nbevor er stirbt<\/strong><\/span><\/p>\n<p><span style=\"color: #993366;\"><strong> <\/strong><\/span><\/p>\n<p><span style=\"color: #993366;\"><strong> <\/strong><\/span><\/p>\n<p><span style=\"color: #993366;\"><strong> <\/strong><\/span><\/p>\n<p><span style=\"color: #993366;\"><strong> <\/strong><\/span><\/p>\n<p><span style=\"color: #993366;\"><strong> <\/strong><\/span><\/p>\n<p><span style=\"color: #993366;\"><strong> <\/strong><\/span><\/p>\n<p style=\"text-align: center;\"><span style=\"color: #993366;\"><strong> <\/strong><\/span><\/p>\n<p style=\"text-align: center;\"><span style=\"color: #993366;\"><strong> Die Gipsaugen Jabotinskys<br \/>\nund Golda Meirs<br \/>\nstarren den staubigen Weg an<br \/>\nund sehen sie nicht<\/strong><\/span><\/p>\n<p style=\"text-align: center;\"><span style=\"color: #993366;\"><em>Erich Fried<\/em><\/span><\/p>\n<p style=\"text-align: center;\"><span style=\"color: #993366;\">Der Moshav Dikla ist eine Siedlung politisch rechtsstehender Zionisten.   Die Episode ereignete sich im August 1972. Die gro\u00dfen B\u00fcsten sind das   Werk eines Moshavbewohners.<\/span><\/p>\n<p style=\"text-align: center;\">\n<p style=\"text-align: center;\">\n<p style=\"text-align: center;\"><em><br \/>\n<\/em><\/p>\n","protected":false},"excerpt":{"rendered":"","protected":false},"author":3,"featured_media":0,"comment_status":"open","ping_status":"open","sticky":false,"template":"","format":"standard","meta":{"footnotes":""},"categories":[18],"tags":[],"class_list":["post-1996","post","type-post","status-publish","format-standard","hentry","category-palaestina-solidaritaet"],"_links":{"self":[{"href":"http:\/\/www.friedensplattform.at\/index.php?rest_route=\/wp\/v2\/posts\/1996","targetHints":{"allow":["GET"]}}],"collection":[{"href":"http:\/\/www.friedensplattform.at\/index.php?rest_route=\/wp\/v2\/posts"}],"about":[{"href":"http:\/\/www.friedensplattform.at\/index.php?rest_route=\/wp\/v2\/types\/post"}],"author":[{"embeddable":true,"href":"http:\/\/www.friedensplattform.at\/index.php?rest_route=\/wp\/v2\/users\/3"}],"replies":[{"embeddable":true,"href":"http:\/\/www.friedensplattform.at\/index.php?rest_route=%2Fwp%2Fv2%2Fcomments&post=1996"}],"version-history":[{"count":0,"href":"http:\/\/www.friedensplattform.at\/index.php?rest_route=\/wp\/v2\/posts\/1996\/revisions"}],"wp:attachment":[{"href":"http:\/\/www.friedensplattform.at\/index.php?rest_route=%2Fwp%2Fv2%2Fmedia&parent=1996"}],"wp:term":[{"taxonomy":"category","embeddable":true,"href":"http:\/\/www.friedensplattform.at\/index.php?rest_route=%2Fwp%2Fv2%2Fcategories&post=1996"},{"taxonomy":"post_tag","embeddable":true,"href":"http:\/\/www.friedensplattform.at\/index.php?rest_route=%2Fwp%2Fv2%2Ftags&post=1996"}],"curies":[{"name":"wp","href":"https:\/\/api.w.org\/{rel}","templated":true}]}}