{"id":3993,"date":"2016-01-08T13:44:15","date_gmt":"2016-01-08T13:44:15","guid":{"rendered":"http:\/\/www.friedensplattform.at\/?p=3993"},"modified":"2016-01-08T13:55:54","modified_gmt":"2016-01-08T13:55:54","slug":"koalition-der-heuchler","status":"publish","type":"post","link":"http:\/\/www.friedensplattform.at\/?p=3993","title":{"rendered":"Koalition der Heuchler, Junge welt vom 8.1.16"},"content":{"rendered":"<h2>Kungelei mit den Saudis beenden<\/h2>\n<h2>Von Sahra Wagenknecht<\/h2>\n<div class=\"Content\">\n<div class=\"ImageBox Large\">\n<table style=\"height: 334px;\" summary=\"Designtabelle\" width=\"489\">\n<tbody>\n<tr>\n<td>\n<div><img decoding=\"async\" id=\"img78019\" src=\"http:\/\/www.jungewelt.de\/serveImage.php?id=78019&amp;type=l&amp;ext=.jpg\" alt=\"RTR4SJGF.jpg\" \/><\/div>\n<div class=\"Title\">Gute Gesch\u00e4fte: Vizekanzler Sigmar Gabriel und der saudische Finanzminister Ibrahim Al-Assaf bei der Unterzeichnung von Wirtschaftsabkommen in Riad (8. M\u00e4rz 2015)<\/div>\n<div class=\"Copyright\">Foto: REUTERS\/Faisal AlNasser<\/div>\n<\/td>\n<\/tr>\n<\/tbody>\n<\/table>\n<\/div>\n<div id=\"Infobox\" class=\"Infobox\">\n<p>Sahra Wagenknecht ist Vorsitzende der Fraktion Die Linke im Bundestag und Referentin bei der XXI. Internationalen Rosa Luxemburg Konferenz am Samstag in der Berliner Urania<\/p>\n<\/div>\n<p>Unvorstellbare 1,8 Billionen US-Dollar \u2013 diese Riesensumme wird j\u00e4hrlich f\u00fcr Krieg, Soldaten und Waffen verpulvert. Ein Bruchteil dessen w\u00fcrde ausreichen, um Hunger und Elend aus der Welt zu schaffen.<\/p>\n<\/div>\n<p><!--more--><\/p>\n<p>Mit \u00fcber 1.500 US-Dollar pro Kopf geben die USA und Saudi-Arabien mit Abstand das meiste Geld f\u00fcr Milit\u00e4r aus \u2013 im Fall der Scheichs mit stark steigender Tendenz. Zwar hat Wirtschaftsminister Sigmar Gabriel 2014 noch vor dem \u00bbGesch\u00e4ft mit dem Tod\u00ab gewarnt. Doch schon ein Jahr sp\u00e4ter reiste er mit einer gro\u00dfen Delegation nach Riad. Allein im ersten Halbjahr 2015 wurden Waffenlieferungen im Wert von 180\u00a0Millionen Euro an den Golfstaat genehmigt.Seit Jahrzehnten machen sich deutsche Firmen den Hunger der \u00d6lscheichs nach Waffen, Luxuslimousinen und modernen Maschinen zunutze. Konzerne wie Siemens und Heckler &amp; Koch produzieren vor Ort, auch die Deutsche Bahn oder das Chemieunternehmen Lanxess profitieren von milliardenschweren Auftr\u00e4gen. Kein Wunder, dass neben Gabriel auch der baden-w\u00fcrttembergische Wirtschaftsminister Nils Schmid (SPD) sowie der bayrische Ministerpr\u00e4sident Horst Seehofer (CSU) den Saudis im letzten Jahr ihre Aufwartung machten.<\/p>\n<div class=\"Ad-300\"><\/div>\n<p>Gegen Fl\u00fcchtlinge hetzen, aber durch Waffengesch\u00e4fte und die Unterst\u00fctzung von Folterstaaten daf\u00fcr sorgen, dass massenhaft Menschen aus ihrer Heimat fliehen m\u00fcssen\u00a0\u2013 diese Politik betreibt die CSU schon seit Jahrzehnten. Doch die Heuchelei wird immer offensichtlicher, schlie\u00dflich ist die \u00f6ffentliche Auspeitschung und Massenhinrichtung von Regimegegnern mit den vielbeschworenen westlichen Werten beim besten Willen nicht kompatibel. Hinzu kommt, dass Saudi-Arabien f\u00fcr die wachsende Macht des \u00bbIslamischen Staates\u00ab, der \u00bbAl-Nusra-Front\u00ab und anderer Terrorbanden mitverantwortlich ist und den Krieg in Syrien immer wieder neu anheizt. Seit M\u00e4rz 2015 bombardiert Saudi-Arabien au\u00dferdem das Nachbarland Jemen, was zu einer humanit\u00e4ren Katastrophe mit Tausenden zivilen Opfern und Millionen Binnenfl\u00fcchtlingen gef\u00fchrt hat.<\/p>\n<p>Selbst der Bundesnachrichtendienst warnt inzwischen vor der \u00bbimpulsiven Interventionspolitik\u00ab des saudischen K\u00f6nigshauses. Die Angst vor weiteren B\u00fcrgerkriegsfl\u00fcchtlingen und die Schwierigkeit, die Partnerschaft mit den Terrorpaten im Nahen Osten mit der Propaganda vom \u00bbKrieg gegen den Terror\u00ab in Einklang zu bringen, setzt die Regierung unter wachsenden Druck. Diesen gilt es zu verst\u00e4rken: Statt unter Bruch des V\u00f6lkerrechts mit fragw\u00fcrdigen Verb\u00fcndeten in einen brandgef\u00e4hrlichen Krieg zu ziehen, muss das Gesch\u00e4ft mit dem Tod endg\u00fcltig verboten und die Kungelei mit den Kriegstreibern nicht nur am Golf und in der T\u00fcrkei endlich beendet werden.<\/p>\n","protected":false},"excerpt":{"rendered":"<p>Kungelei mit den Saudis beenden Von Sahra Wagenknecht Gute Gesch\u00e4fte: Vizekanzler Sigmar Gabriel und der saudische Finanzminister Ibrahim Al-Assaf bei der Unterzeichnung von Wirtschaftsabkommen in Riad (8. M\u00e4rz 2015) Foto: REUTERS\/Faisal AlNasser Sahra Wagenknecht ist Vorsitzende der Fraktion Die Linke im Bundestag und Referentin bei der XXI. Internationalen Rosa Luxemburg Konferenz am Samstag in der &hellip; <a href=\"http:\/\/www.friedensplattform.at\/?p=3993\" class=\"more-link\"><span class=\"screen-reader-text\">Koalition der Heuchler, Junge welt vom 8.1.16<\/span> weiterlesen <span class=\"meta-nav\">&rarr;<\/span><\/a><\/p>\n","protected":false},"author":2,"featured_media":0,"comment_status":"open","ping_status":"open","sticky":false,"template":"","format":"standard","meta":{"footnotes":""},"categories":[1],"tags":[],"class_list":["post-3993","post","type-post","status-publish","format-standard","hentry","category-allgemein"],"_links":{"self":[{"href":"http:\/\/www.friedensplattform.at\/index.php?rest_route=\/wp\/v2\/posts\/3993","targetHints":{"allow":["GET"]}}],"collection":[{"href":"http:\/\/www.friedensplattform.at\/index.php?rest_route=\/wp\/v2\/posts"}],"about":[{"href":"http:\/\/www.friedensplattform.at\/index.php?rest_route=\/wp\/v2\/types\/post"}],"author":[{"embeddable":true,"href":"http:\/\/www.friedensplattform.at\/index.php?rest_route=\/wp\/v2\/users\/2"}],"replies":[{"embeddable":true,"href":"http:\/\/www.friedensplattform.at\/index.php?rest_route=%2Fwp%2Fv2%2Fcomments&post=3993"}],"version-history":[{"count":5,"href":"http:\/\/www.friedensplattform.at\/index.php?rest_route=\/wp\/v2\/posts\/3993\/revisions"}],"predecessor-version":[{"id":3998,"href":"http:\/\/www.friedensplattform.at\/index.php?rest_route=\/wp\/v2\/posts\/3993\/revisions\/3998"}],"wp:attachment":[{"href":"http:\/\/www.friedensplattform.at\/index.php?rest_route=%2Fwp%2Fv2%2Fmedia&parent=3993"}],"wp:term":[{"taxonomy":"category","embeddable":true,"href":"http:\/\/www.friedensplattform.at\/index.php?rest_route=%2Fwp%2Fv2%2Fcategories&post=3993"},{"taxonomy":"post_tag","embeddable":true,"href":"http:\/\/www.friedensplattform.at\/index.php?rest_route=%2Fwp%2Fv2%2Ftags&post=3993"}],"curies":[{"name":"wp","href":"https:\/\/api.w.org\/{rel}","templated":true}]}}