{"id":4073,"date":"2016-08-10T06:52:40","date_gmt":"2016-08-10T06:52:40","guid":{"rendered":"http:\/\/www.friedensplattform.at\/?p=4073"},"modified":"2016-08-10T07:13:08","modified_gmt":"2016-08-10T07:13:08","slug":"staatsanwaltschaft-muenchen-stopp-der-ermittlungen-gegen-juergen-graesslin","status":"publish","type":"post","link":"http:\/\/www.friedensplattform.at\/?p=4073","title":{"rendered":"Staatsanwaltschaft M\u00fcnchen: Stopp der Ermittlungen gegen J\u00fcrgen Gr\u00e4sslin"},"content":{"rendered":"<h3><strong>Die T\u00e4ter verurteilen statt die Enth\u00fcller verfolgen<\/strong><\/h3>\n<h3><a href=\"https:\/\/www.change.org\/p\/staatsanwaltschaft-m%C3%BCnchen-stopp-der-ermittlungen-gegen-j%C3%BCrgen-gr%C3%A4sslin-und-mitstreiter?recruiter=32948259&amp;utm_source=petitions_share&amp;utm_medium=copylink\">Unterschreibt hier die Petition !<\/a><\/h3>\n<p>Strafverfolgung gegen Enth\u00fcllungsautoren:\u00a0 Gegen J\u00fcrgen Gr\u00e4sslin, Daniel Harrich und Danuta Zandberg-Harrich ermittelt derzeit die Staatsanwaltschaft. Wir protestieren, weil ein solches Vorgehen investigative Journalisten einsch\u00fcchtern und Whistleblower entmutigen soll.<\/p>\n<h3><\/h3>\n<p><!--more--><\/p>\n<div id=\"description\">\n<div class=\"xs-phs mtm\">\n<div class=\"mbl\">\n<div class=\"type-break-word type-l description\">\n<div class=\"rte js-description-content\">In ihrem<strong> Dokumentarthriller \u201e<a href=\"https:\/\/de.wikipedia.org\/wiki\/Meister_des_Todes\" target=\"_blank\" rel=\"nofollow\">Meister des Todes<\/a>\u201c<\/strong> und dem zugeh\u00f6rigen <strong>Enth\u00fcllungsbuch<\/strong> ( \u201e<strong><a href=\"http:\/\/www.nachdenkseiten.de\/?p=27789\" target=\"_blank\" rel=\"nofollow\">Netzwerk des Todes<\/a><\/strong>\u201c) belegen J\u00fcrgen Gr\u00e4sslin, Daniel Harrich und Danuta Zandberg-Harrich die <strong>illegalen Exporte<\/strong> von G36-Sturmgewehren durch die Firma Heckler &amp; Koch nach Mexiko. F\u00fcr ihre journalistische Leistung erhielten sie im April 2016 den Grimme-Preis.<strong>Jetzt<\/strong> <strong>ermittelt die Staatsanwaltschaft<\/strong> gegen die Enth\u00fcller, wegen der Ver\u00f6ffentlichung von Dokumenten. Unglaublich, aber wahr: Daniel Harrich hatte der Staatsanwaltschaft zahlreiche Dokumente zur Verf\u00fcgung gestellt, auf deren Basis die staatsanwaltschaftliche Klageschrift gegen <strong>Heckler &amp; Koch<\/strong> verfasst werden konnte. Statt eines Dankes wird jetzt von der Staatsanwaltschaft gegen die Autoren des Buches \u201eNetzwerk des Todes\u201c ermittelt.Bereits 2010 hatte J\u00fcrgen Gr\u00e4sslin wegen dieser illegalen R\u00fcstungsexporte <strong>Strafanzeige gegen die Herstellerfirma Heckler &amp; Koch<\/strong> gestellt, gefolgt von einer Anzeige gegen die Bundesbeh\u00f6rden, die diese Waffenexporte genehmigten. Jetzt erst, am 18.Mai 2016, also rund sechs Jahre nach der Anzeige, verk\u00fcndete die Staatsanwaltschaft, zumindest gegen f\u00fcnf fr\u00fchere Heckler &amp; Koch-Mitarbeiter (darunter Peter Beyerle, fr\u00fcherer Pr\u00e4sident des Landgerichts in Rottweil, mit Zust\u00e4ndigkeit f\u00fcr Oberndorf \/dem Sitz von Heckler &amp; Koch) ein Hauptverfahren zu er\u00f6ffnen: Sie h\u00e4tten \u201egemeinschaftlich\u2026, gewerbsm\u00e4\u00dfig und <strong>als Mitglied einer Bande \u2026 vors\u00e4tzlich Kriegswaffen ausgef\u00fchrt<\/strong>\u201c. Gegen die zust\u00e4ndigen Genehmigungsbeh\u00f6rden ermittelt die Staatsanwaltschaft nicht: Es liege kein \u201ehinreichender Anfangsverdacht\u201c vor.F\u00fcr die Aufnahme der Ermittlungen gegen Grasslin und andere hingegen, die den Skandal der \u201ebandenm\u00e4\u00dfigen\u201c R\u00fcstungsverk\u00e4ufe aufdeckten, gen\u00fcgten der Staatsanwaltschaft drei Monate.Diese unausgewogene Vorgehensweise stellt eine\u00a0 massive Bedrohung f\u00fcr investigativen Journalismus dar und bedeutet eine erhebliche Gef\u00e4hrdung von Whistleblowern.Deshalb:\u00a0<strong>Einstellung der staatsanwaltlichen Ermittlungen gegen J\u00fcrgen Gr\u00e4sslin u.a.<\/strong><\/div>\n<\/div>\n<\/div>\n<\/div>\n<\/div>\n<div id=\"details\">\n<div id=\"delivered-to\" data-view-attached=\"true\" data-view=\"petitions\/show\/components\/delivered_to\" data-visible_dms=\"3\" data-model_name=\"Petition\" data-fetch_summary=\"{&quot;model&quot;:{&quot;model&quot;:&quot;Petition&quot;,&quot;id&quot;:&quot;7110428&quot;}}\">\n<div class=\"box bg-default border-rounded-t pam mtl mbn type-s\"><strong class=\"type-weak\">Diese Petition wird versendet an:<\/strong><\/p>\n<ul class=\"list-space-m\">\n<li>Staatsanwaltschaft M\u00fcnchen<\/li>\n<\/ul>\n<\/div>\n<\/div>\n<\/div>\n<p>Quelle:<\/p>\n<p>https:\/\/www.change.org\/p\/staatsanwaltschaft-m%C3%BCnchen-stopp-der-ermittlungen-gegen-j%C3%BCrgen-gr%C3%A4sslin-und-mitstreiter?recruiter=32948259&#038;utm_source=petitions_share&#038;utm_medium=copylink<\/p>\n","protected":false},"excerpt":{"rendered":"<p>Die T\u00e4ter verurteilen statt die Enth\u00fcller verfolgen Unterschreibt hier die Petition ! Strafverfolgung gegen Enth\u00fcllungsautoren:\u00a0 Gegen J\u00fcrgen Gr\u00e4sslin, Daniel Harrich und Danuta Zandberg-Harrich ermittelt derzeit die Staatsanwaltschaft. Wir protestieren, weil ein solches Vorgehen investigative Journalisten einsch\u00fcchtern und Whistleblower entmutigen soll.<\/p>\n","protected":false},"author":2,"featured_media":0,"comment_status":"open","ping_status":"open","sticky":false,"template":"","format":"standard","meta":{"footnotes":""},"categories":[1],"tags":[],"class_list":["post-4073","post","type-post","status-publish","format-standard","hentry","category-allgemein"],"_links":{"self":[{"href":"http:\/\/www.friedensplattform.at\/index.php?rest_route=\/wp\/v2\/posts\/4073","targetHints":{"allow":["GET"]}}],"collection":[{"href":"http:\/\/www.friedensplattform.at\/index.php?rest_route=\/wp\/v2\/posts"}],"about":[{"href":"http:\/\/www.friedensplattform.at\/index.php?rest_route=\/wp\/v2\/types\/post"}],"author":[{"embeddable":true,"href":"http:\/\/www.friedensplattform.at\/index.php?rest_route=\/wp\/v2\/users\/2"}],"replies":[{"embeddable":true,"href":"http:\/\/www.friedensplattform.at\/index.php?rest_route=%2Fwp%2Fv2%2Fcomments&post=4073"}],"version-history":[{"count":8,"href":"http:\/\/www.friedensplattform.at\/index.php?rest_route=\/wp\/v2\/posts\/4073\/revisions"}],"predecessor-version":[{"id":4081,"href":"http:\/\/www.friedensplattform.at\/index.php?rest_route=\/wp\/v2\/posts\/4073\/revisions\/4081"}],"wp:attachment":[{"href":"http:\/\/www.friedensplattform.at\/index.php?rest_route=%2Fwp%2Fv2%2Fmedia&parent=4073"}],"wp:term":[{"taxonomy":"category","embeddable":true,"href":"http:\/\/www.friedensplattform.at\/index.php?rest_route=%2Fwp%2Fv2%2Fcategories&post=4073"},{"taxonomy":"post_tag","embeddable":true,"href":"http:\/\/www.friedensplattform.at\/index.php?rest_route=%2Fwp%2Fv2%2Ftags&post=4073"}],"curies":[{"name":"wp","href":"https:\/\/api.w.org\/{rel}","templated":true}]}}