{"id":4085,"date":"2016-08-19T06:00:04","date_gmt":"2016-08-19T06:00:04","guid":{"rendered":"http:\/\/www.friedensplattform.at\/?p=4085"},"modified":"2016-08-19T06:00:04","modified_gmt":"2016-08-19T06:00:04","slug":"pilz-fordert-waffenembargo-gegen-mehrere-staaten","status":"publish","type":"post","link":"http:\/\/www.friedensplattform.at\/?p=4085","title":{"rendered":"Pilz fordert Waffenembargo gegen mehrere Staaten"},"content":{"rendered":"<p><a class=\"moz-txt-link-freetext\" href=\"https:\/\/deref-gmx.net\/mail\/client\/GG631kTXfO0\/dereferrer\/?redirectUrl=http%3A%2F%2Fwww.orf.at%2F%23%2Fstories%2F2354201%2F\" target=\"_blank\">http:\/\/www.orf.at\/#\/stories\/2354201\/<\/a><\/p>\n<div id=\"ss-article2354201\">\n<div class=\"text\">\n<p>Der gr\u00fcne Abgeordnete Peter Pilz fordert ein Waffenembargo gegen die T\u00fcrkei, Saudi-Arabien und die Vereinigten Arabischen Emirate.<\/p>\n<\/div>\n<\/div>\n<p><!--more--><\/p>\n<p>Dorthin gelieferte Waffen aus \u00d6sterreich landeten im syrischen Kriegsgebiet in den H\u00e4nden islamistischer Rebellen, sagte Pilz heute vor Journalisten. \u00d6sterreich m\u00fcsse selbst solche Exporte verbieten und sich auf EU-Ebene f\u00fcr einen Lieferstopp einsetzen.<\/p>\n<p>Au\u00dfenminister Sebastian Kurz (\u00d6VP) und die Regierung forderte Pilz zum Handeln auf. \u201e\u00d6sterreich war lange Zeit unter den wichtigsten Waffenlieferanten der arabischen Staatsterroristen\u201c, sagte Pilz. Er werde \u201ekeine Ruhe geben\u201c, bis es ein Embargo gebe. Ein solcher Stopp helfe dabei, die Kriege und B\u00fcrgerkriege im Nahen Osten zu beenden.<\/p>\n<h3>600 Scharfsch\u00fctzengewehre<\/h3>\n<p>\u00d6sterreich exportierte zuletzt R\u00fcstungsg\u00fcter im Wert von mehr als 40 Millionen Euro in die T\u00fcrkei, Saudi-Arabien und die Vereinigten Arabischen Emirate. Seit 2010 gingen allein an die Emirate mehr als 120 Millionen Euro an Kriegsger\u00e4t. Das geht aus von Pilz vorgelegten Zahlen aus dem Amtsblatt der EU f\u00fcr das Jahr 2014 hervor.<\/p>\n<p>Unter zuletzt erfolgten Exporten bef\u00e4nden sich auch rund 600 Scharfsch\u00fctzengewehre (SSG0) von Steyr Mannlicher, die 2011 und 2012 an die t\u00fcrkischen Sicherheitskr\u00e4fte geliefert worden seien, sagte Pilz. Dort seien sie gegen Zivilisten im kurdischen S\u00fcdosten der T\u00fcrkei eingesetzt worden. Diese Waffen g\u00e4lten nach \u00f6sterreichischem Recht als zivile Waffen und brauchten nicht einmal eine Genehmigung als Kriegsmaterial, beklagte der Gr\u00fcne.<\/p>\n<h3>\u201eIllegale Genehmigungen\u201c<\/h3>\n<p>Schwere Vorw\u00fcrfe erhob Pilz gegen das Au\u00dfenministerium in Zusammenhang mit genehmigten Waffenexporten. \u201eIch bin mir vollkommen sicher, dass es zu illegalen Genehmigungen im Au\u00dfenministerium und damit zu Verst\u00f6\u00dfen gegen das Kriegsmaterialgesetz gekommen ist\u201c, sagte der Abgeordnete.<\/p>\n<p>Er verwies auf einen bereits zu Jahresbeginn bekanntgewordene Lieferung von Granaten an die Vereinigten Arabischen Emirate, die nach Angaben von Pilz im B\u00fcrgerkriegsland Jemen eingesetzt werden.<\/p>\n<p>In \u00d6sterreich muss jeder Export von Kriegsmaterial genehmigt werden. In Absprache mit Au\u00dfen- und Verteidigungsministerium f\u00e4llt das Innenministerium die endg\u00fcltige Entscheidung.<\/p>\n<p>&nbsp;<\/p>\n<p>&nbsp;<\/p>\n","protected":false},"excerpt":{"rendered":"<p>http:\/\/www.orf.at\/#\/stories\/2354201\/ Der gr\u00fcne Abgeordnete Peter Pilz fordert ein Waffenembargo gegen die T\u00fcrkei, Saudi-Arabien und die Vereinigten Arabischen Emirate.<\/p>\n","protected":false},"author":2,"featured_media":0,"comment_status":"open","ping_status":"open","sticky":false,"template":"","format":"standard","meta":{"footnotes":""},"categories":[1],"tags":[],"class_list":["post-4085","post","type-post","status-publish","format-standard","hentry","category-allgemein"],"_links":{"self":[{"href":"http:\/\/www.friedensplattform.at\/index.php?rest_route=\/wp\/v2\/posts\/4085","targetHints":{"allow":["GET"]}}],"collection":[{"href":"http:\/\/www.friedensplattform.at\/index.php?rest_route=\/wp\/v2\/posts"}],"about":[{"href":"http:\/\/www.friedensplattform.at\/index.php?rest_route=\/wp\/v2\/types\/post"}],"author":[{"embeddable":true,"href":"http:\/\/www.friedensplattform.at\/index.php?rest_route=\/wp\/v2\/users\/2"}],"replies":[{"embeddable":true,"href":"http:\/\/www.friedensplattform.at\/index.php?rest_route=%2Fwp%2Fv2%2Fcomments&post=4085"}],"version-history":[{"count":1,"href":"http:\/\/www.friedensplattform.at\/index.php?rest_route=\/wp\/v2\/posts\/4085\/revisions"}],"predecessor-version":[{"id":4086,"href":"http:\/\/www.friedensplattform.at\/index.php?rest_route=\/wp\/v2\/posts\/4085\/revisions\/4086"}],"wp:attachment":[{"href":"http:\/\/www.friedensplattform.at\/index.php?rest_route=%2Fwp%2Fv2%2Fmedia&parent=4085"}],"wp:term":[{"taxonomy":"category","embeddable":true,"href":"http:\/\/www.friedensplattform.at\/index.php?rest_route=%2Fwp%2Fv2%2Fcategories&post=4085"},{"taxonomy":"post_tag","embeddable":true,"href":"http:\/\/www.friedensplattform.at\/index.php?rest_route=%2Fwp%2Fv2%2Ftags&post=4085"}],"curies":[{"name":"wp","href":"https:\/\/api.w.org\/{rel}","templated":true}]}}