{"id":4088,"date":"2016-08-26T07:00:41","date_gmt":"2016-08-26T07:00:41","guid":{"rendered":"http:\/\/www.friedensplattform.at\/?p=4088"},"modified":"2016-08-26T07:00:41","modified_gmt":"2016-08-26T07:00:41","slug":"nato-gipfel-schluss-mit-der-kriegstreiberei","status":"publish","type":"post","link":"http:\/\/www.friedensplattform.at\/?p=4088","title":{"rendered":"NATO-Gipfel: Schluss mit der Kriegstreiberei"},"content":{"rendered":"<p>Pressemitteilung Europaabgeordnete Sabine L\u00f6sing (DIE LINKE.)<\/p>\n<p>Stra\u00dfburg, 7. Juli 2016<\/p>\n<p>NATO-Gipfel: Schluss mit der Kriegstreiberei<\/p>\n<p>Morgen und \u00fcbermorgen findet der NATO-Gipfel in Warschau statt. Laut<br \/>\nGeneralssekret\u00e4r Stoltenberg wird dies ein \u201ebahnbrechender\u201c Gipfel;<br \/>\nder ganz im Zeichen von mehr Verteidigung, weiterer Abschreckung und<br \/>\nSt\u00e4rkung der Pr\u00e4senz im Osten<!--more--> und jenseits der NATO-Grenzen steht.<br \/>\nSabine L\u00f6sing, friedenspolitische Sprecherin der Delegation DIE LINKE<br \/>\nim Europaparlament erkl\u00e4rt zu diesem Anlass:<\/p>\n<p>\u201eDas Treffen k\u00f6nnte als Gelegenheit genutzt werden, um klar die<br \/>\nBereitschaft zu signalisieren aus der gef\u00e4hrlichen Eskalationsspirale<br \/>\naussteigen zu wollen. Stattdessen gibt es seit Monaten \u201eS\u00e4belrasseln<br \/>\nund Kriegsgeheule\u201c. Die aktuelle Aufr\u00fcstung der NATO-Ostflanke<br \/>\nvergr\u00f6\u00dfert die Kriegsgefahr mit Russland massiv und stellt eine<br \/>\nweltweite Bedrohung dar. Frieden und Sicherheit sind nur mit und nicht<br \/>\ngegen Russland m\u00f6glich.\u201c<\/p>\n<p>L\u00f6sing weiter:<\/p>\n<p>\u201eDie NATO-Interventionen &#8211; zum Beispiel in Libyen &#8211; die ma\u00dfgeblich die<br \/>\naktuellen Migrationsbewegungen mitverursachten, hinterlassen im S\u00fcden<br \/>\nf\u00fcrchterlich zerst\u00f6rte Gesellschaften. Der Mythos von der vermeintlich<br \/>\n\u201eguten\u201c und \u201ezivilen\u201c EU als Friedensunion, die sich angeblich<br \/>\ngrundlegend von der \u201eb\u00f6sen\u201c und militaristischen NATO unterscheide,<br \/>\nd\u00fcrfte nun &#8211; nach der Entscheidung der EU-Kommission, Mittel der<br \/>\nEntwicklungszusammenarbeit f\u00fcr die Unterst\u00fctzung des Milit\u00e4rs in<br \/>\nafrikanischen L\u00e4ndern auszugeben &#8211; endg\u00fcltig widerlegt sein. In<br \/>\nWahrheit arbeiten die beiden Organisationen schon seit langem Hand in<br \/>\nHand: Die NATO \u00fcbernimmt die hoch intensiven Kampfeins\u00e4tze, w\u00e4hrend<br \/>\ndie EU prim\u00e4r Aspekte wie Milit\u00e4rausbildung organisiert. Unl\u00e4ngst<br \/>\nk\u00fcndigte die EU-Au\u00dfenbeauftragte Federica Mogherini an, dass unter den<br \/>\nNATO- und EU-Staaten der Wunsch nach einem \u201aQuantensprung\u2018 bei der<br \/>\nZusammenarbeit best\u00fcnde.\u201c<\/p>\n<p>Sabine L\u00f6sing abschlie\u00dfend:<\/p>\n<p>\u201eDie omnipr\u00e4sente NATO ist und bleibt der bewaffnete Arm des<br \/>\nwestlich-kapitalistischen Blocks. Seit dem Wandel hin zum<br \/>\nInterventionsb\u00fcndnis ist offensichtlich, dass die Interessen der<br \/>\ngr\u00f6\u00dften Mitgliedsl\u00e4nder notfalls gewaltsam durchgesetzt werden. Die<br \/>\nNATO schafft keine Sicherheit und Frieden, sondern neue Kriege.<br \/>\nDeshalb m\u00fcssen s\u00e4mtliche Milit\u00e4reins\u00e4tze beendet werden. DIE LINKE<br \/>\nfordert den Austritt Deutschlands aus den milit\u00e4rischen Strukturen der<br \/>\nNATO. Die dabei eingesparten Gelder m\u00fcssen dann in Armutsbek\u00e4mpfung<br \/>\nund andere konfliktpr\u00e4ventive Ma\u00dfnahmen umgeleitet werden.\u201c<\/p>\n<p>Kontakt<br \/>\nB\u00fcro Sabine L\u00f6sing<br \/>\nMitglied des Europ\u00e4ischen Parlaments<br \/>\nStellvertretende Vorsitzende SEDE<br \/>\n0033 3 88 1 75894<br \/>\nsabine.loesing@ep.europa.eu<br \/>\nsabine-loesing.de<\/p>\n<p>DIE LINKE. im Europaparlament<br \/>\nKontakt Presse:<br \/>\nKarim Khattab<br \/>\n+32 228 43 086<br \/>\n+32 470 64 80 58 (Belgium)<br \/>\n+49 151 72 82 56 40 (Germany)<br \/>\nEuropean United Left \/ Nordic Green Left<br \/>\nEuropean Parliamentary Group<br \/>\n<a href=\"https:\/\/deref-gmx.net\/mail\/client\/w9CQ1TG3COo\/dereferrer\/?redirectUrl=http%3A%2F%2Fwww.dielinke-europa.eu\" target=\"_blank\">www.dielinke-europa.eu<\/a><\/p>\n","protected":false},"excerpt":{"rendered":"<p>Pressemitteilung Europaabgeordnete Sabine L\u00f6sing (DIE LINKE.) Stra\u00dfburg, 7. Juli 2016 NATO-Gipfel: Schluss mit der Kriegstreiberei Morgen und \u00fcbermorgen findet der NATO-Gipfel in Warschau statt. Laut Generalssekret\u00e4r Stoltenberg wird dies ein \u201ebahnbrechender\u201c Gipfel; der ganz im Zeichen von mehr Verteidigung, weiterer Abschreckung und St\u00e4rkung der Pr\u00e4senz im Osten<\/p>\n","protected":false},"author":2,"featured_media":0,"comment_status":"open","ping_status":"open","sticky":false,"template":"","format":"standard","meta":{"footnotes":""},"categories":[1],"tags":[],"class_list":["post-4088","post","type-post","status-publish","format-standard","hentry","category-allgemein"],"_links":{"self":[{"href":"http:\/\/www.friedensplattform.at\/index.php?rest_route=\/wp\/v2\/posts\/4088","targetHints":{"allow":["GET"]}}],"collection":[{"href":"http:\/\/www.friedensplattform.at\/index.php?rest_route=\/wp\/v2\/posts"}],"about":[{"href":"http:\/\/www.friedensplattform.at\/index.php?rest_route=\/wp\/v2\/types\/post"}],"author":[{"embeddable":true,"href":"http:\/\/www.friedensplattform.at\/index.php?rest_route=\/wp\/v2\/users\/2"}],"replies":[{"embeddable":true,"href":"http:\/\/www.friedensplattform.at\/index.php?rest_route=%2Fwp%2Fv2%2Fcomments&post=4088"}],"version-history":[{"count":1,"href":"http:\/\/www.friedensplattform.at\/index.php?rest_route=\/wp\/v2\/posts\/4088\/revisions"}],"predecessor-version":[{"id":4089,"href":"http:\/\/www.friedensplattform.at\/index.php?rest_route=\/wp\/v2\/posts\/4088\/revisions\/4089"}],"wp:attachment":[{"href":"http:\/\/www.friedensplattform.at\/index.php?rest_route=%2Fwp%2Fv2%2Fmedia&parent=4088"}],"wp:term":[{"taxonomy":"category","embeddable":true,"href":"http:\/\/www.friedensplattform.at\/index.php?rest_route=%2Fwp%2Fv2%2Fcategories&post=4088"},{"taxonomy":"post_tag","embeddable":true,"href":"http:\/\/www.friedensplattform.at\/index.php?rest_route=%2Fwp%2Fv2%2Ftags&post=4088"}],"curies":[{"name":"wp","href":"https:\/\/api.w.org\/{rel}","templated":true}]}}