{"id":4135,"date":"2016-11-06T14:50:13","date_gmt":"2016-11-06T14:50:13","guid":{"rendered":"http:\/\/www.friedensplattform.at\/?p=4135"},"modified":"2017-01-22T08:09:39","modified_gmt":"2017-01-22T08:09:39","slug":"wolfgang-friedhuber-ueber-johann-schoegler","status":"publish","type":"post","link":"http:\/\/www.friedensplattform.at\/?p=4135","title":{"rendered":"Wolfgang Friedhuber \u00fcber Johann Sch\u00f6gler"},"content":{"rendered":"<p><strong>Johann Sch\u00f6gler<\/strong><\/p>\n<p>Johann, in seinem Werdegang wesentlich beeinflusst durch die franz\u00f6sische Intellektualit\u00e4t der Universit\u00e4t Vincennes, an der Gr\u00f6\u00dfen wie Deleuze, Lyotard oder Foucault lehrten, hat diese Intellektualit\u00e4t f\u00fcr uns lebendig gehalten.<\/p>\n<p><!--more--><\/p>\n<p>&nbsp;<\/p>\n<p>Das Establishment konnten zwar den universit\u00e4ren Hort der Geisteswissenschaften in Vincennes\u00a0 dem Erdboden gleich machen, das Establishment konnte zwar Johann mit Gasgranaten beschie\u00dfen, es konnte ihm ein Auge rauben &#8211; aber es konnte Johann nicht von seinem zukunftsweisenden Weg abbringen und keinesfalls seine Menschenliebe ins Wanken bringen.<\/p>\n<p>In Bezug auf das Beschreiten des richtigen Weges war Johann r\u00fccksichtslos, r\u00fccksichtslos sich selbst gegen\u00fcber und r\u00fccksichtslos auch darin, von andern das Eintreten f\u00fcr die gerechte Sache zu fordern. Es ging ihm dabei immer um den Menschen &#8211; nie um Macht oder Einfluss. Er war ein Aufkl\u00e4rer durch und durch.<\/p>\n<p>Wenn mir, ob der Zeichen der Zeit und ob der scheinbaren Wirkungslosigkeit unserer Kundgebungen der Mut sank, erinnerte mich Johann stets daran, dass wenn nur ein oder zwei Menschen einen Denkansto\u00df erhalten haben, die Kundgebung ihren Sinn erf\u00fcllt hat.<\/p>\n<p>Als Lehrer wusste er, dass auch politische Bewegungen, so sie demokratisch sein sollen, nie durch Vorgaben, Anordnung und Regeln, sondern immer nur durch Einsicht und Solidarit\u00e4t mit Schw\u00e4cheren eine menschliche Welt bauen k\u00f6nnen.<\/p>\n<p>Was Hans Jonas als das Prinzip der Verantwortung zur Basis der Ethik fordert, Johann hat es gelebt. Verantwortung f\u00fcr die Welt, f\u00fcr eine bessere Welt lie\u00df ihn seine mahnende Stimme \u00fcberall dort erheben, wo St\u00e4rkere Schw\u00e4chere unterdr\u00fcckten- auch wenn er daf\u00fcr diffamiert wurde.<\/p>\n<p>Die Konzepte Johanns und seine Weltsicht hatten und haben Zukunft in sich, hatten und haben Menschlichkeit in sich.<\/p>\n<p>Der politischen B\u00fchne \u00d6sterreichs ist mit ihm ein Denker abhanden gekommen, der sich so<\/p>\n<p>v\u00f6llig dem aktuellen kleingeistigen Sichten entzog, dass nur mehr eine strahlende Zukunft \u00fcbrig blieb. Wo Politik und Politiker nach \u00c4mtern, nach Macht, nach Verordnungen streben, da strebte Johann nach Aufkl\u00e4rung, nach kollektiver Solidarit\u00e4t und Eigenverantwortung &#8211; also nach Konzepten, die nicht die uralten Herrschaftsfehler immer und immer wieder wiederholen.<\/p>\n<p>Dies ist es auch, das mich daran hindert, diesen Text als Nachruf zu verstehen!<\/p>\n<p>Der Text sollte als Aufruf verstanden werden! Als Aufruf, diese Ideale Johanns weiterzuf\u00fchren. Gleichzeitig ist es mir aber schmerzlich bewusst, dass dies &#8211; zumindest f\u00fcr mich &#8211; nicht erreichbar ist.<\/p>\n<p>Es fehlt eben Johann.<\/p>\n","protected":false},"excerpt":{"rendered":"<p>Johann Sch\u00f6gler Johann, in seinem Werdegang wesentlich beeinflusst durch die franz\u00f6sische Intellektualit\u00e4t der Universit\u00e4t Vincennes, an der Gr\u00f6\u00dfen wie Deleuze, Lyotard oder Foucault lehrten, hat diese Intellektualit\u00e4t f\u00fcr uns lebendig gehalten.<\/p>\n","protected":false},"author":2,"featured_media":0,"comment_status":"open","ping_status":"open","sticky":false,"template":"","format":"standard","meta":{"footnotes":""},"categories":[1],"tags":[],"class_list":["post-4135","post","type-post","status-publish","format-standard","hentry","category-allgemein"],"_links":{"self":[{"href":"http:\/\/www.friedensplattform.at\/index.php?rest_route=\/wp\/v2\/posts\/4135","targetHints":{"allow":["GET"]}}],"collection":[{"href":"http:\/\/www.friedensplattform.at\/index.php?rest_route=\/wp\/v2\/posts"}],"about":[{"href":"http:\/\/www.friedensplattform.at\/index.php?rest_route=\/wp\/v2\/types\/post"}],"author":[{"embeddable":true,"href":"http:\/\/www.friedensplattform.at\/index.php?rest_route=\/wp\/v2\/users\/2"}],"replies":[{"embeddable":true,"href":"http:\/\/www.friedensplattform.at\/index.php?rest_route=%2Fwp%2Fv2%2Fcomments&post=4135"}],"version-history":[{"count":1,"href":"http:\/\/www.friedensplattform.at\/index.php?rest_route=\/wp\/v2\/posts\/4135\/revisions"}],"predecessor-version":[{"id":4136,"href":"http:\/\/www.friedensplattform.at\/index.php?rest_route=\/wp\/v2\/posts\/4135\/revisions\/4136"}],"wp:attachment":[{"href":"http:\/\/www.friedensplattform.at\/index.php?rest_route=%2Fwp%2Fv2%2Fmedia&parent=4135"}],"wp:term":[{"taxonomy":"category","embeddable":true,"href":"http:\/\/www.friedensplattform.at\/index.php?rest_route=%2Fwp%2Fv2%2Fcategories&post=4135"},{"taxonomy":"post_tag","embeddable":true,"href":"http:\/\/www.friedensplattform.at\/index.php?rest_route=%2Fwp%2Fv2%2Ftags&post=4135"}],"curies":[{"name":"wp","href":"https:\/\/api.w.org\/{rel}","templated":true}]}}