{"id":4612,"date":"2018-04-03T13:07:57","date_gmt":"2018-04-03T13:07:57","guid":{"rendered":"http:\/\/www.friedensplattform.at\/?p=4612"},"modified":"2018-04-03T13:07:57","modified_gmt":"2018-04-03T13:07:57","slug":"die-israelischen-massaker-kraefte","status":"publish","type":"post","link":"http:\/\/www.friedensplattform.at\/?p=4612","title":{"rendered":"Die israelischen Massaker-Kraefte"},"content":{"rendered":"<p>Die Erschie\u00dfungen an der Grenze zu Gaza zeigen wieder einmal, dass das T\u00f6ten von Pal\u00e4stinensern in Israel leichter akzeptiert wird als das T\u00f6ten von Moskitos<\/p>\n<p><a href=\"http:\/\/www.friedensplattform.at\/wp-content\/uploads\/2018\/04\/Die-israelischen-Massaker-Kraefte.pdf\">Die israelischen Massaker Kraefte<\/a><\/p>\n","protected":false},"excerpt":{"rendered":"<p>Die Erschie\u00dfungen an der Grenze zu Gaza zeigen wieder einmal, dass das T\u00f6ten von Pal\u00e4stinensern in Israel leichter akzeptiert wird als das T\u00f6ten von Moskitos Die israelischen Massaker Kraefte<\/p>\n","protected":false},"author":5,"featured_media":0,"comment_status":"open","ping_status":"open","sticky":false,"template":"","format":"standard","meta":{"footnotes":""},"categories":[1,3,4,5,18],"tags":[],"class_list":["post-4612","post","type-post","status-publish","format-standard","hentry","category-allgemein","category-antimilitarismus","category-antirassismus","category-arabischer-raum","category-palaestina-solidaritaet"],"_links":{"self":[{"href":"http:\/\/www.friedensplattform.at\/index.php?rest_route=\/wp\/v2\/posts\/4612","targetHints":{"allow":["GET"]}}],"collection":[{"href":"http:\/\/www.friedensplattform.at\/index.php?rest_route=\/wp\/v2\/posts"}],"about":[{"href":"http:\/\/www.friedensplattform.at\/index.php?rest_route=\/wp\/v2\/types\/post"}],"author":[{"embeddable":true,"href":"http:\/\/www.friedensplattform.at\/index.php?rest_route=\/wp\/v2\/users\/5"}],"replies":[{"embeddable":true,"href":"http:\/\/www.friedensplattform.at\/index.php?rest_route=%2Fwp%2Fv2%2Fcomments&post=4612"}],"version-history":[{"count":2,"href":"http:\/\/www.friedensplattform.at\/index.php?rest_route=\/wp\/v2\/posts\/4612\/revisions"}],"predecessor-version":[{"id":4615,"href":"http:\/\/www.friedensplattform.at\/index.php?rest_route=\/wp\/v2\/posts\/4612\/revisions\/4615"}],"wp:attachment":[{"href":"http:\/\/www.friedensplattform.at\/index.php?rest_route=%2Fwp%2Fv2%2Fmedia&parent=4612"}],"wp:term":[{"taxonomy":"category","embeddable":true,"href":"http:\/\/www.friedensplattform.at\/index.php?rest_route=%2Fwp%2Fv2%2Fcategories&post=4612"},{"taxonomy":"post_tag","embeddable":true,"href":"http:\/\/www.friedensplattform.at\/index.php?rest_route=%2Fwp%2Fv2%2Ftags&post=4612"}],"curies":[{"name":"wp","href":"https:\/\/api.w.org\/{rel}","templated":true}]}}