{"id":4616,"date":"2018-04-04T14:28:56","date_gmt":"2018-04-04T14:28:56","guid":{"rendered":"http:\/\/www.friedensplattform.at\/?p=4616"},"modified":"2018-04-04T14:28:56","modified_gmt":"2018-04-04T14:28:56","slug":"land-tag-2018-palaestina-wir-existieren-und-wir-werden-widerstehen","status":"publish","type":"post","link":"http:\/\/www.friedensplattform.at\/?p=4616","title":{"rendered":"Land-Tag 2018 PAL\u00c4STINA: Wir existieren, und wir werden widerstehen"},"content":{"rendered":"<p>Palestine Updates bringt den LeserInnen ausgew\u00e4hlte Informationen \u00fcber den Land-Tag, seine Geschichte, seine politischen Vorstellungen als Sternfahrt und -datum, sein Potential f\u00fcr die Vereinigung der Pal\u00e4stinenser in ihrem Kampf um Freiheit und Befreiung von der Okkupation. Wir hoffen, diese Information wird nicht nur einfach n\u00fctzlich sein, sondern auch so vorgestellt, dass sie uns enger an die pal\u00e4stinensische Hoffnung auf ein Ende der Okkupation bindet.<!--more--><\/p>\n<p>&nbsp;<\/p>\n<p>&nbsp;<\/p>\n<p>Palestine Update Nr. 127 \u2013 Spezialausgabe, 30. M\u00e4rz<\/p>\n<p>&nbsp;<\/p>\n<p><strong>Land-Tag in Pal\u00e4stina 2018<\/strong><\/p>\n<p>&nbsp;<\/p>\n<p><u>Geb\u00fcndelter Akt dar\u00fcber, wie der Land-Tag die pal\u00e4stinensische Regierung vereint<\/u><\/p>\n<p>&nbsp;<\/p>\n<p>&nbsp;<\/p>\n<p>&nbsp;<\/p>\n<p>Das R\u00fcckkehrrecht ist ein Prinzip im internationalen Recht, das das V\u00f6lkerrecht der freiwilligen R\u00fcckkehr oder Wieder-R\u00fcckkehr in das Land ihres Ursprungs oder ihrer Staatsb\u00fcrgerschaft garantiert.<\/p>\n<p>Ein massiver Zusammenschluss der wichtigen pal\u00e4stinensischen Parteien einschlie\u00dflich der Nationalen und Islamischen Kr\u00e4fte hat sich in Massenprotesten gegen die israelische Okkupation am 30. M\u00e4rz gefunden, um den Land-Tag zu feiern. Dieser liegt unmittelbar vor dem 70. Erinnerungstag an die pal\u00e4stinensische Nakba. Proteste an israelischen Checkpoints im besetzten Land zeigen den Zorn \u00fcber die rassistischen und diskriminierenden Praktiken der Okkupation, sowie ihren \u00c4rger dar\u00fcber, was als der \u201eDeal des Jahrhunderts\u201c bekannt geworden ist.<\/p>\n<p>&nbsp;<\/p>\n<p>Der Land-Tag ist von besonderer Signifikanz f\u00fcr die Pal\u00e4stinenser, ist es doch zum ersten Mal seit 1948, dass die Pal\u00e4stinenser in Israel eine kollektive Antwort auf die Politik Israels organisieren. Er wird nicht nur von Pal\u00e4stinensern innerhalb des historischen Pal\u00e4stinas wahrgenommen, sondern auch von Pal\u00e4stinensern weltweit. Der 30. M\u00e4rz ist seit 1976 ein Tag des Patriotismus und des Widerstands von Pal\u00e4stinensern weltweit. 2018 verspricht, ein Rekordbrecher zu werden.<\/p>\n<p>&nbsp;<\/p>\n<p>Der Politikanalytiker Ibrahim Habib warnt: \u201eIsraels Angst vor diesem Marsch wird es zwingen zu eskalieren, und das darf uns nicht stoppen weiterzugehen, selbst wenn sie Drohnen verwenden, um Tr\u00e4nengas-Bomben auf die Protestierer abzufeuern \u2013 wie sie uns bereits zu tun gewarnt haben. Wir m\u00fcssen diesen Marsch zu einem Erfolg machen, denn wenn er einer wird, wird das ein neues Stadium f\u00fcr den pal\u00e4stinensischen Widerstand sein.\u201c<\/p>\n<p>&nbsp;<\/p>\n<p>Was Grundsatz ist, ist die \u00dcbereinkunft aller politischen Richtungen, unter der sch\u00fctzenden Hand von Pal\u00e4stina und den Vereinten Nationen zu agieren, was in sich selbst bereits eine bedeutende Leistung ist. Eine F\u00fclle von Aktionen wird angepeilt. Gruppen in der Westbank planen, Olivenb\u00e4ume auf L\u00e4ndereien zu pflanzen, die ihnen durch die Okkupation weggenommen worden sind. Andere wollen Wandgem\u00e4lde schaffen und Skulpturen, Ausstellungen veranstalten mit Produkten, die das pal\u00e4stinensische Erbe und sein Kunst-handwerk zeigen, und es wird digitale Kampagnen zu verschiedenen Ausdrucksweisen der sozialen Vernetzung geben.<\/p>\n<p>&nbsp;<\/p>\n<p>Mahmoud Khaldi, ein 65j\u00e4hriger Bauer im n\u00f6rdlichen Gaza spricht \u00fcber seine Rolle beim \u201eGro\u00dfen R\u00fcckkehr-Marsch\u201c und dr\u00fcckt es am besten aus: \u201eIch liebe mein Land, ich kann es \u00a0\u00a0nicht vergessen\u201c, indem er sagt \u2026 \u201eMein Land ist meine Seele, und du kannst es nicht hinter dir lassen. Auch wenn sie es uns stehlen, werden wir es zur\u00fcckholen\u201c. Er betont, dass dieses ein \u201eneuer Schritt\u201c sei, um unser Recht auf R\u00fcckkehr in unser Land, das Land unserer V\u00e4ter und Gro\u00dfeltern zu sichern.\u201c<\/p>\n<p>Es ist nicht zu \u00fcbersehen, dass Israel nicht zur\u00fcckgeben will, was es gestohlen hat, und was es weiterhin stiehlt \u2013 nicht nur Land, auch die wichtigen Ressourcen und das kulturelle Erbe. Israel versucht, die Pal\u00e4stinenser auf ein Nicht-Volk zu reduzieren. Die Pal\u00e4stinenser treten diesem klar entgegen, indem sie eindeutig sagen: \u201eWir existieren, und wir werden widerstehen, bis die Freiheit heraufd\u00e4mmert.<\/p>\n<p>Quelle: (<a href=\"http:\/\/https:\/facebook.us14.list-manage.com\/track\/click?u=70813d3d15ac4637582781b8e&amp;id=bd14fc6a1b&amp;e=267525e738\">http:\/\/https:\/facebook.us14.list-manage.com\/track\/click?u=70813d3d15ac4637582781b8e&amp;id=bd14fc6a1b&amp;e=267525e738<\/a>)<\/p>\n<p>&nbsp;<\/p>\n<p>Ranjan Solomon<\/p>\n<p>&nbsp;<\/p>\n<p>&nbsp;<\/p>\n<p><u>Land-Tag am 30. M\u00e4rz \u00a0\u00a0\u00a0\u00a0\u00a0\u00a0\u00a0\u00a0<\/u><\/p>\n<p>&nbsp;<\/p>\n<p>Land-Tag \u2013 30. M\u00e4rz ist der j\u00e4hrliche Erinnerungstag der Pal\u00e4stinenser an die Vorkommnisse an diesem Datum 1976. Als Antwort auf die Ank\u00fcndigung der israelischen Regierung zu einem Plan, tausende Dunam Land f\u00fcr Sicherheits- und Siedlungszwecke zu enteignen, wurden in arabischen St\u00e4dten von Galil\u00e4a bis zur Negev ein Generalstreik und viele M\u00e4rsche organisiert. W\u00e4hrend der darauffolgenden Konfrontationen mit der israelischen Armee und Polizei wurden sechs unbewaffnete arabische B\u00fcrger get\u00f6tet, etwa 100 verletzt und hunderte andere inhaftiert.<\/p>\n<p>&nbsp;<\/p>\n<p>Land-Tag ist ein Schwerpunkt im Kampf um Land und die Beziehung der arabischen<\/p>\n<p>B\u00fcrger zum israelischen Staatsk\u00f6rper. Er ist bezeichnend daf\u00fcr, dass es seit 1948 das erste Mal war, dass Araber in Israel als pal\u00e4stinensisches nationales Kollektiv eine Antwort auf israelische Politik organisiert haben. Seither ist dieser Tag im pal\u00e4stinensischen nationalen politischen Kalender ein wichtiger Tag der Erinnerung und wird nicht nur von arabischen B\u00fcrgern von Israel wahrgenommen, sondern auch von den Pal\u00e4stinensern weltweit.<\/p>\n<p>&nbsp;<\/p>\n<p>Die Araber in Pal\u00e4stina waren ein \u00fcberwiegend landwirtschaftlich orientiertes Volk; 75 % verdienten ihren Lebensunterhalt vor der Gr\u00fcndung des israelischen Staates aus ihrer Landwirtschaft. Nach dem pal\u00e4stinensischen Exodus und dem Ergebnis des arabisch-israelischen Krieges 1948 spielte das Land weiterhin eine wichtige Rolle im Leben von 156.000 pal\u00e4stinensischen Arabern, (siehe Link =280e145f77&amp;e=) die innerhalb des Territoriums verblieben waren, das zum Staat Israel wurde, und dienten als Quelle f\u00fcr kommunale Identit\u00e4t, Ehre und Zweck. Die israelische Regierung nahm 1950 das \u201eGesetz der R\u00fcckkehr\u201c auf, um die j\u00fcdische Einwanderung nach Israel zu erleichtern und die Einb\u00fcrgerung j\u00fcdischer Fl\u00fcchtlinge. Israels \u201eAbsentee\u2019s Property Law\u201c (Gesetz \u00fcber das Eigentum Nicht-Anwesender\u201c) vom M\u00e4rz 1950 \u00fcbergab die Eigentumsrechte von abwesenden Besitzern an einen von der Regierung bestellten Verm\u00f6gensverwalter f\u00fcr Absentee Property. Die L\u00e4ndereien von arabischen Staatsb\u00fcrgern von Israel, die \u201epr\u00e4sent sind innerhalb des Staates, jedoch klassifiziert im Gesetz als Abwesende\u201c pflegten konfisziert zu werden.\u00a0 (siehe Link =59a349efcb&amp;e=) Die Anzahl der \u201epr\u00e4senten Abwesenden\u201c oder intern verschobenen Pal\u00e4stinenser unter den 1,2 Millionen arabischen B\u00fcrgern von Israel wird gesch\u00e4tzt (2001) auf 200.000 oder einigen 20 % der gesamten pal\u00e4stinensisch-arabischen Bev\u00f6lkerung in Israel. Die Regierung von Israel hat ihre Absicht erkl\u00e4rt, Territorien in Galil\u00e4a f\u00fcr amtliche Verwendung zu enteignen; davon betroffen sind einige 20.000 Dunam Land zwischen den arabischen D\u00f6rfern.<\/p>\n<p>&nbsp;<\/p>\n<p>David McDowall identifiziert die Wiederaufnahme der Landnahme in Galil\u00e4a und die Beschleunigung der Landenteignungen in der Westbank in den Mitte 70erjahren als den direkten Katalysator sowohl f\u00fcr die Land-Tag-Demonstration und \u00e4hnliche Demonstrationen, die gleichzeitig in der Westbank stattfinden. Er schreibt: \u201eNichts dient sosehr dazu, die beiden pal\u00e4stinensischen Gesellschaften politisch zusammen zu bringen als die Landfrage\u201c.<\/p>\n<p>&nbsp;<\/p>\n<p>W\u00e4hrend der Ereignisse am Land-Tag entwickelte sich ein neues Gef\u00fchl f\u00fcr Nationalstolz zugleich mit dem \u00c4rger gegen\u00fcber dem Staat und der Polizei &#8211; und der Trauer wegen der toten Protestierer unter der arabischen Gesellschaft in Israel. Der Land-Tag ergab auch, dass die Araber in den Augen der israelischen Politik eine gr\u00f6\u00dfere Pr\u00e4senz gewannen, weil sie dadurch nicht mehr l\u00e4nger ignoriert werden konnten, Die arabische Zivilgesellschaft in Israel begann, sich mehr zu koordinieren und Proteste gegen die Politik der Regierung wurden h\u00e4ufiger mit dem Schwerpunkt auf drei Hauptthemen: Land- und Planungspolitik, sozial-\u00f6konomische Bedingungen, und nationale Rechte der Pal\u00e4stinenser gesetzt.<\/p>\n<p>&nbsp;<\/p>\n<p>F\u00fcr die Pal\u00e4stinenser wurde der Land-Tag inzwischen zu einem Tag der Erinnerung und des Tributs an jene, die im Kampf um das Festhalten am Land und an ihrer Identit\u00e4t gefallen waren. Und oft diente er als Tag f\u00fcr den Ausdruck der politischen Unzufriedenheit f\u00fcr arabische B\u00fcrger von Israel (Link: =a31ecb85bd&amp;e=), besonders im Umfeld von gleichen Land- und B\u00fcrgerrechten; 1988 erkl\u00e4rten sie, dass der Land-Tag dienen sollte als \u201eein pal\u00e4stinensisch-israelischer ziviler Nationaltag der Erinnerung und ein Tag der Identifikation mit Pal\u00e4stinensern der Westbank und von Gaza, herausgehoben durch j\u00e4hrliche Demonstrationen und Generalstreiks.\u201c Nicht nur diente der Land-Tag dem Schmieden einer politischen Solidarit\u00e4t unter den arabischen B\u00fcrgern von Israel, sondern arbeitete auch an der Zementierung der Akzeptanz der \u201e1948-Araber\u201c in die gr\u00f6\u00dfere Welt Pal\u00e4stinas und in das Herz des Mainstream-Pal\u00e4stinenser als Nation\u201c.<\/p>\n<p>(Quelle Facebook, Link =7fe721fa88&amp;e=)<\/p>\n<p>&nbsp;<\/p>\n<p><u>Menschen in Gaza starten 46-t\u00e4gigen Protest am Land-Tag<\/u><\/p>\n<p><u>\u00a0<\/u><\/p>\n<p>Das R\u00fcckkehrrecht der Pal\u00e4stinenser war ein Eckstein ihrer Forderungen f\u00fcr jede Beilegung des gegenw\u00e4rtigen Israel-pal\u00e4stinensischen Konflikts. Die Pal\u00e4stinenser fordern, dass ungef\u00e4hr 5 Millionen ihrer Landsleute das Recht zur R\u00fcckkehr zu ihrem Land und ihren Wohnst\u00e4tten in Israel zuerkannt werde, welche sie oder ihre Sippe verloren haben.<\/p>\n<p>&nbsp;<\/p>\n<p>Pal\u00e4stinenser im Gazastreifen planen einen sechsw\u00f6chigen Zeltstadtprotest nahe der israelischen Grenze, beginnend mit 30. M\u00e4rz mit der Forderung, dass pal\u00e4stinensischen Fl\u00fcchtlingen die Heimkehr zu ihren Wohnh\u00e4usern in Israel erlaubt werde. Eine solche Demonstration, Familien entlang der Grenzlinie im Freien kampieren zu sehen, k\u00f6nnte ein Dilemma f\u00fcr das israelische Milit\u00e4r darstellen, das eine \u201eno-go\u201c-Zone f\u00fcr Pal\u00e4stinenser<\/p>\n<p>auf dem Land erzwingen soll, das direkt an den israelischen Grenzzaun anschlie\u00dft.\u00a0 Pal\u00e4stinensische Protestierer entlang der Gaza-Grenze werden h\u00e4ufig konfrontiert mit israelischen Soldaten, die bewaffnet sind mit scharfer Munition, mit Tr\u00e4nengas- und Gummigescho\u00dfen. Ahmed Abu Ayesh, Sprecher des Koordinationskomitees, sagte, es g\u00e4be Pl\u00e4ne, dass hunderte oder tausende Leute, auch ganze Familien, in Zelten leben w\u00fcrden, die am \u201en\u00e4chstliegenden sicheren Ort an der Grenze\u201c errichtet werden. Man w\u00fcrde, sagte Abu Ayesh, \u201edie Vereinten Nationen von der Veranstaltung informieren.\u201c \u00a0Eine vom Organisationskomitee ver\u00f6ffentlichte Stellungnahme dr\u00e4ngte die in Gaza lebenden Pal\u00e4stinenser, \u201eteilzunehmen an diesem nationalen Projekt, das friedlichen Widerstand als einen neuen Weg zur Gewinnung unsere Rechte, vor allem des Rechts auf R\u00fcckkehr der Fl\u00fcchtlinge zu ihrem Ort, der jetzt Israel ist, enth\u00e4lt\u201c.<\/p>\n<p>&nbsp;<\/p>\n<p>&nbsp;<\/p>\n<p>&nbsp;<\/p>\n<p><u>R\u00fcckkehrrecht<\/u><\/p>\n<p>&nbsp;<\/p>\n<p>Die Pal\u00e4stinenser fordern, dass ungef\u00e4hr f\u00fcnf Millionen ihrer Landsleute das R\u00fcckkehrrecht in ihr Land und ihre Wohnh\u00e4user in Israel erhalten sollen, das sie oder ihre Sippe verloren haben.<\/p>\n<p>Das R\u00fcckkehrrecht der Pal\u00e4stinenser war ein Eckstein ihrer Forderungen f\u00fcr jedwede Beilegung des laufenden israelisch-pal\u00e4stinensischen Konflikts. Die Pal\u00e4stinenser fordern, dass um die 5 Millionen ihrer Landsleute das Recht auf R\u00fcckkehr zu ihrem Land und Haus in Israel erhalten m\u00fcssen, das ihnen oder ihre Sippe weggenommen wurde. Israel schlie\u00dft das aus in der Angst, dass eine R\u00fcckkehr der Pal\u00e4stinenser die j\u00fcdische Mehrheit zunichtemachen w\u00fcrde, und argumentiert, die Fl\u00fcchtlinge k\u00f6nnten sich in einem zuk\u00fcnftigen Staat Pal\u00e4stina in der Westbank und im Gazastreifen ansiedeln, L\u00e4ndern, die Israel im Krieg von 1967 okkupiert hatte. Eines der Rechte, das in der Universal Declaration of Human Rights (UDHR \u2013 Universelle Menschenrechtsdeklaration) festgemacht ist, ist das R\u00fcckkehrrecht. Artikel 13(b) des UDHR lautet: \u201eJedermann hat das Recht, jedes Land zu verlassen, einschlie\u00dflich sein eigenes, und in sein Land zur\u00fcckzukehren\u201c.<\/p>\n<p>Quelle der beiden obigen Artikel: Link: =7d836721c3&amp;e=<\/p>\n<p>&nbsp;<\/p>\n<p><u>Hanan Ashrawi verurteilt Israels ungesetzlich drakonische Ma\u00dfnahmen<\/u><\/p>\n<p>&nbsp;<\/p>\n<p>\u201eBei jedem Hindernis und jeder von Israel aufgebauten Sperre werden wir beharren und Hoffnung behalten angesichts von Zerst\u00f6rung und Verzweiflung\u201c.<\/p>\n<p>&nbsp;<\/p>\n<p>Hanan Ashrawi, Mitglied des PLO-Exekutivkomitees sagte in einer Stellungnahme am Tage der 42. Wiederkehr des Land-Tages, dass \u201e42 Jahre sp\u00e4ter die Pal\u00e4stinenser im ganzen historischen Pal\u00e4stina Zerst\u00f6rung, Vertreibung und Entmenschlichung in den H\u00e4nden der rechten und extremistischen israelischen Regierung zu erleiden haben. Aufgrund der unerh\u00f6rten Gewaltakte, vor allem durch die st\u00e4ndig fortschreitende Annexion von Land und die Ausdehnung des illegalen Siedlungsunternehmens, der milit\u00e4rischen Checkpoints und der Apartheidmauer auf dem besetzten pal\u00e4stinensischen Territorium handelt Israel straflos und verl\u00e4ngert st\u00e4ndig die milit\u00e4rische Okkupation. Es verursacht auch schweres Leid f\u00fcr seine pal\u00e4stinensischen Staatsb\u00fcrger durch diskriminierende und ungerechte Gesetze, Vorschl\u00e4ge und Ma\u00dfnahmen, und indem es ihnen ihre fundamentalen Grundrechte als B\u00fcrger von Israel verweigert\u201c. Ashrawi kam zum Schluss: \u201eIndem wir diesen Nationalfeiertag begehen und unserer ermordeten Br\u00fcder und Schwestern gedenken, zahlen wir auch unseren Tribut an das pal\u00e4stinensische Volk \u00fcberall f\u00fcr seinen Mut und seine Best\u00e4ndigkeit angesichts des israelischen Rassismus, seiner Kolonisierung und Gewalt. Mit jedem Hindernis und jeder Sperre, die uns Israel vor die Nase stellt, beharren wir und halten fest an unserer Hoffnung<\/p>\n<p>angesichts von Zerst\u00f6rung und Verzweiflung\u201c. Sie best\u00e4tigte wieder die Verpflichtung der PLO, \u201egewaltlosen Aktivismus und politische, legale und diplomatische Bem\u00fchungen popul\u00e4r zu machen\u2026\u201c<\/p>\n<p>Den ganzen Text lesen Sie in Facebook auf dem Link =fcce9d86df&amp;e=<\/p>\n<p>&nbsp;<\/p>\n<p><u>Warum ist Israel besorgt? \u2013 Was ist heuer anders?<\/u><\/p>\n<p><u>\u00a0<\/u><\/p>\n<p>Israel traumatisiert und unterdr\u00fcckt das Volk von Gaza. Ein Volk, das unbarmherzig unterdr\u00fcckt wird, wird sich erheben und rebellieren. Israel f\u00fcrchtet den Bumerang auf seine eigenen Aktionen.<\/p>\n<p>Zus\u00e4tzlich zu den Geschehnissen entlang der Grenze Gaza-Israel sind Beobachter und amtliche Personen \u00fcber eine Anzahl von Faktoren besorgt hinsichtlich des Gewaltpotentials. Vermutungen nach hat die Hamas einige 100.000 Personen f\u00fcr die Demonstration am Freitag aufgebracht. W\u00e4hrend die Protestaktion gewaltlos vorgesehen war, hat sich Israel auf Gewalt-ausbr\u00fcche vorbereitet. Detonationen von Explosionen entlang der Grenze und der Grenz\u00fcbertritt von drei bewaffneten Pal\u00e4stinensern nach Israel vom Morgen des Dienstags an<\/p>\n<p>haben die st\u00e4ndigen unterschwelligen Spannungen einen Ausbruch wahrscheinlicher gemacht. \u2026<\/p>\n<p><em>\u00a0<\/em><\/p>\n<p><em>(Die \u00dcbersetzung dieser Zeilen vom 30. M\u00e4rz wurde am 4.April angefertigt. Inzwischen wurde auch im ORF an den Ostertagen \u00fcber die Ereignisse berichtet, die hier noch als Bef\u00fcrchtungen f\u00fcr die Zukunft vorgelegen haben)<\/em><\/p>\n<p><em>\u2026<\/em><\/p>\n<p><em>\u00a0<\/em><\/p>\n<p>Der milit\u00e4rische Arm der Hamas f\u00fchrte eine Truppen\u00fcbung gr\u00f6\u00dferen Ausma\u00dfes am Sonntag vorher im ganzen Gazastreifen durch, bei dem Israels \u201eIron Dome\u201c-Raketen-Verteidigungssystem mit Maschinengewehren sekkiert worden war. Au\u00dferdem: der Zusammenbruch der Vers\u00f6hnungsbem\u00fchungen zwischen Hamas und der rivalisierenden Fatah-Partei bedeutet, dass f\u00fcr die humanit\u00e4re Krise in Gaza kein Ende herausschaut.<\/p>\n<p>Mittlerweile vermehrt die Anzahl signifikanter Daten die M\u00f6glichkeit von mehr Protesten: die Passahferien, die Ank\u00fcndigung Amerikas, seine Botschaft nach Jerusalem zu verlegen, der<\/p>\n<p>Pal\u00e4stinensische Gefangenentag und Israels 70. Unabh\u00e4ngigkeitstag. Es geht nicht nur um Gaza. In der Westbank und in Jerusalem wurden ein israelischer Zivilist und zwei Soldaten von pal\u00e4stinensischen Angreifern im M\u00e4rz innerhalb von drei Tagen ermordet.<\/p>\n<p>Haaretz bringt mehr dar\u00fcber. Facebook-Link =a1bc196426&amp;e=<\/p>\n<p>&nbsp;<\/p>\n<p>\u00dcbers: Gerhilde Merz<\/p>\n<p>&nbsp;<\/p>\n<p>&nbsp;<\/p>\n<p>&nbsp;<\/p>\n<p>&nbsp;<\/p>\n<p>&nbsp;<\/p>\n<p>&nbsp;<\/p>\n<p>&nbsp;<\/p>\n","protected":false},"excerpt":{"rendered":"<p>Palestine Updates bringt den LeserInnen ausgew\u00e4hlte Informationen \u00fcber den Land-Tag, seine Geschichte, seine politischen Vorstellungen als Sternfahrt und -datum, sein Potential f\u00fcr die Vereinigung der Pal\u00e4stinenser in ihrem Kampf um Freiheit und Befreiung von der Okkupation. Wir hoffen, diese Information wird nicht nur einfach n\u00fctzlich sein, sondern auch so vorgestellt, dass sie uns enger an &hellip; <a href=\"http:\/\/www.friedensplattform.at\/?p=4616\" class=\"more-link\"><span class=\"screen-reader-text\">Land-Tag 2018 PAL\u00c4STINA: Wir existieren, und wir werden widerstehen<\/span> weiterlesen <span class=\"meta-nav\">&rarr;<\/span><\/a><\/p>\n","protected":false},"author":3,"featured_media":0,"comment_status":"open","ping_status":"open","sticky":false,"template":"","format":"standard","meta":{"footnotes":""},"categories":[18],"tags":[],"class_list":["post-4616","post","type-post","status-publish","format-standard","hentry","category-palaestina-solidaritaet"],"_links":{"self":[{"href":"http:\/\/www.friedensplattform.at\/index.php?rest_route=\/wp\/v2\/posts\/4616","targetHints":{"allow":["GET"]}}],"collection":[{"href":"http:\/\/www.friedensplattform.at\/index.php?rest_route=\/wp\/v2\/posts"}],"about":[{"href":"http:\/\/www.friedensplattform.at\/index.php?rest_route=\/wp\/v2\/types\/post"}],"author":[{"embeddable":true,"href":"http:\/\/www.friedensplattform.at\/index.php?rest_route=\/wp\/v2\/users\/3"}],"replies":[{"embeddable":true,"href":"http:\/\/www.friedensplattform.at\/index.php?rest_route=%2Fwp%2Fv2%2Fcomments&post=4616"}],"version-history":[{"count":1,"href":"http:\/\/www.friedensplattform.at\/index.php?rest_route=\/wp\/v2\/posts\/4616\/revisions"}],"predecessor-version":[{"id":4617,"href":"http:\/\/www.friedensplattform.at\/index.php?rest_route=\/wp\/v2\/posts\/4616\/revisions\/4617"}],"wp:attachment":[{"href":"http:\/\/www.friedensplattform.at\/index.php?rest_route=%2Fwp%2Fv2%2Fmedia&parent=4616"}],"wp:term":[{"taxonomy":"category","embeddable":true,"href":"http:\/\/www.friedensplattform.at\/index.php?rest_route=%2Fwp%2Fv2%2Fcategories&post=4616"},{"taxonomy":"post_tag","embeddable":true,"href":"http:\/\/www.friedensplattform.at\/index.php?rest_route=%2Fwp%2Fv2%2Ftags&post=4616"}],"curies":[{"name":"wp","href":"https:\/\/api.w.org\/{rel}","templated":true}]}}