{"id":4619,"date":"2018-04-08T18:01:46","date_gmt":"2018-04-08T18:01:46","guid":{"rendered":"http:\/\/www.friedensplattform.at\/?p=4619"},"modified":"2018-04-22T07:22:27","modified_gmt":"2018-04-22T07:22:27","slug":"sicherheit-supermacht-und-schiessgewaehr","status":"publish","type":"post","link":"http:\/\/www.friedensplattform.at\/?p=4619","title":{"rendered":"Sicherheit, Supermacht und Schie\u00dfgew\u00e4hr"},"content":{"rendered":"<h3>Krieg und Frieden am Globus, in Europa und \u00d6sterreich<\/h3>\n<h4>Vortrag und Buchpr\u00e4sentation von Thomas Roithner<\/h4>\n<h4>Freitag, 20. April, 19 Uhr<\/h4>\n<h4>im KP\u00d6- Bildungsverein<\/h4>\n<h4>Lagergasse 98a<\/h4>\n<p>&nbsp;<\/p>\n<p><a href=\"http:\/\/www.friedensplattform.at\/wp-content\/uploads\/2018\/04\/Thomas_Roithner_Sicherheit_Supermacht_Schiessgewaehr_20042018_Graz.jpg\"><img loading=\"lazy\" decoding=\"async\" class=\"alignnone wp-image-4620\" src=\"http:\/\/www.friedensplattform.at\/wp-content\/uploads\/2018\/04\/Thomas_Roithner_Sicherheit_Supermacht_Schiessgewaehr_20042018_Graz-300x225.jpg\" alt=\"\" width=\"449\" height=\"337\" srcset=\"http:\/\/www.friedensplattform.at\/wp-content\/uploads\/2018\/04\/Thomas_Roithner_Sicherheit_Supermacht_Schiessgewaehr_20042018_Graz-300x225.jpg 300w, http:\/\/www.friedensplattform.at\/wp-content\/uploads\/2018\/04\/Thomas_Roithner_Sicherheit_Supermacht_Schiessgewaehr_20042018_Graz-768x576.jpg 768w, http:\/\/www.friedensplattform.at\/wp-content\/uploads\/2018\/04\/Thomas_Roithner_Sicherheit_Supermacht_Schiessgewaehr_20042018_Graz.jpg 960w\" sizes=\"auto, (max-width: 449px) 100vw, 449px\" \/><\/a><\/p>\n<p><!--more--><\/p>\n<p>&nbsp;<\/p>\n<p>Priv. Doz.Mag. <strong>Dr. Thomas Roithner<\/strong> ist Friedensforscher an der Universit\u00e4t Wien. er forscht, ber\u00e4t und lehrt zu den Themen Au\u00dfen-, Sicherheits-, Verteidigungs- und Friedenspolitik der EU und \u00d6sterreichs, zur Neutralit\u00e4t, zur Energie- und Ressourcensicherung, geopolitischen und geo\u00f6konomischen Machtverschiebungen sowie zur Politik der Gewaltfreiheit.<\/p>\n<p><strong>Zum Inhalt:<\/strong><\/p>\n<div>Der Globus wird gleichzeitig amerikanisiert, europ\u00e4isiert und sinisiert.<\/div>\n<div>Au\u00dfenpolitik scheint sich h\u00fcben wie dr\u00fcben zu versicherheitlichen.<\/div>\n<div>Milit\u00e4rmacht und Wirtschaftsmacht sind mehr denn je kom-<\/div>\n<div>munizierende Gef\u00e4\u00dfe. Vom globalen Handel, Ressourcensicherung \u00fcber Fl\u00fcchtlinge bis zur Verbrecherjagd im Internet erh\u00e4lt die Armee mehr Befugnisse, mehr Geld und mehr Muskeln.<\/div>\n<div>Die EU wirft zur Sicherung ihrer Interessen einen R\u00fcstungsfonds, ein milit\u00e4risches Kerneuropa samt Budgetaufstockung, R\u00fcstungsexporte und globale Milit\u00e4reins\u00e4tze in die Waag-<\/div>\n<div>schale. F\u00fcr die \u00d6ffentlichkeit mutiert diese R\u00fcstung nahezu unbemerkt zur Verteidigung und die Mauern<\/div>\n<div>schrumpfen zu niedlichen Pollern.Friedensunion sieht anders aus.<\/div>\n<div>Die in \u201eSicherheit, Supermacht und Schie\u00dfgew\u00e4hr\u201c<\/div>\n<div>gesammelten journalistischen Beitr\u00e4ge unterbreiten auch friedenspolitische Vorschl\u00e4ge.<\/div>\n<div>Wie weiter nach dem Verbotsvertrag f\u00fcr Atomwaffen?<\/div>\n<div>Waffen hat die Welt genug. Warum keine zivilen Friedens-<\/div>\n<div>fachkr\u00e4fte im neutralen \u00d6sterreich<\/div>\n<div>einf\u00fchren? Expertise w\u00e4re da. Und<\/div>\n<div>warum st\u00e4ndig kurzatmig und hilflos<\/div>\n<div>hinter Konflikten herhecheln, anstatt<\/div>\n<div>mehr Perspektiven f\u00fcr die zivile<\/div>\n<div>Krisenpr\u00e4vention?<\/div>\n<div>Ja, warum eigentlich nicht?<\/div>\n<div><\/div>\n<div>www.thomasroithner.at<\/div>\n<p>&nbsp;<\/p>\n","protected":false},"excerpt":{"rendered":"<p>Krieg und Frieden am Globus, in Europa und \u00d6sterreich Vortrag und Buchpr\u00e4sentation von Thomas Roithner Freitag, 20. April, 19 Uhr im KP\u00d6- Bildungsverein Lagergasse 98a &nbsp;<\/p>\n","protected":false},"author":2,"featured_media":0,"comment_status":"open","ping_status":"open","sticky":false,"template":"","format":"standard","meta":{"footnotes":""},"categories":[1],"tags":[],"class_list":["post-4619","post","type-post","status-publish","format-standard","hentry","category-allgemein"],"_links":{"self":[{"href":"http:\/\/www.friedensplattform.at\/index.php?rest_route=\/wp\/v2\/posts\/4619","targetHints":{"allow":["GET"]}}],"collection":[{"href":"http:\/\/www.friedensplattform.at\/index.php?rest_route=\/wp\/v2\/posts"}],"about":[{"href":"http:\/\/www.friedensplattform.at\/index.php?rest_route=\/wp\/v2\/types\/post"}],"author":[{"embeddable":true,"href":"http:\/\/www.friedensplattform.at\/index.php?rest_route=\/wp\/v2\/users\/2"}],"replies":[{"embeddable":true,"href":"http:\/\/www.friedensplattform.at\/index.php?rest_route=%2Fwp%2Fv2%2Fcomments&post=4619"}],"version-history":[{"count":2,"href":"http:\/\/www.friedensplattform.at\/index.php?rest_route=\/wp\/v2\/posts\/4619\/revisions"}],"predecessor-version":[{"id":4622,"href":"http:\/\/www.friedensplattform.at\/index.php?rest_route=\/wp\/v2\/posts\/4619\/revisions\/4622"}],"wp:attachment":[{"href":"http:\/\/www.friedensplattform.at\/index.php?rest_route=%2Fwp%2Fv2%2Fmedia&parent=4619"}],"wp:term":[{"taxonomy":"category","embeddable":true,"href":"http:\/\/www.friedensplattform.at\/index.php?rest_route=%2Fwp%2Fv2%2Fcategories&post=4619"},{"taxonomy":"post_tag","embeddable":true,"href":"http:\/\/www.friedensplattform.at\/index.php?rest_route=%2Fwp%2Fv2%2Ftags&post=4619"}],"curies":[{"name":"wp","href":"https:\/\/api.w.org\/{rel}","templated":true}]}}