{"id":4625,"date":"2018-04-15T17:52:23","date_gmt":"2018-04-15T17:52:23","guid":{"rendered":"http:\/\/www.friedensplattform.at\/?p=4625"},"modified":"2019-03-05T19:03:02","modified_gmt":"2019-03-05T19:03:02","slug":"warum-palaestina-und-feminismus-fuer-uns-zusammengehoeren","status":"publish","type":"post","link":"http:\/\/www.friedensplattform.at\/?p=4625","title":{"rendered":"Warum Pal\u00e4stina und Feminismus f\u00fcr uns zusammengeh\u00f6ren"},"content":{"rendered":"<p><strong>Eine Stellungnahme der Frauen der Pal\u00e4stina Solidarit\u00e4t Steiermark<\/strong><\/p>\n<p>Wir verstehen Feminismus als Einsatz f\u00fcr die Rechte der Frauen, sofern sie gem\u00e4\u00df Rollenzuweisungen von Gesellschaft und Politik Unterdr\u00fcckung und Benachteiligung erfahren m\u00fcssen.<\/p>\n<p>Die Analyse der tats\u00e4chlichen Machtverh\u00e4ltnisse ist daf\u00fcr wichtig.<\/p>\n<p><!--more--><\/p>\n<p>&nbsp;<\/p>\n<p><a href=\"http:\/\/www.friedensplattform.at\/wp-content\/uploads\/2018\/04\/Warum-Feminismus-und-Pal\u00e4stina_.pdf\">_Warum Feminismus und Pal\u00e4stina_<\/a><\/p>\n","protected":false},"excerpt":{"rendered":"<p>Eine Stellungnahme der Frauen der Pal\u00e4stina Solidarit\u00e4t Steiermark Wir verstehen Feminismus als Einsatz f\u00fcr die Rechte der Frauen, sofern sie gem\u00e4\u00df Rollenzuweisungen von Gesellschaft und Politik Unterdr\u00fcckung und Benachteiligung erfahren m\u00fcssen. Die Analyse der tats\u00e4chlichen Machtverh\u00e4ltnisse ist daf\u00fcr wichtig.<\/p>\n","protected":false},"author":3,"featured_media":0,"comment_status":"open","ping_status":"open","sticky":false,"template":"","format":"standard","meta":{"footnotes":""},"categories":[51,18,22],"tags":[],"class_list":["post-4625","post","type-post","status-publish","format-standard","hentry","category-palfem","category-palaestina-solidaritaet","category-interview-mit-dr-werner-ruf"],"_links":{"self":[{"href":"http:\/\/www.friedensplattform.at\/index.php?rest_route=\/wp\/v2\/posts\/4625","targetHints":{"allow":["GET"]}}],"collection":[{"href":"http:\/\/www.friedensplattform.at\/index.php?rest_route=\/wp\/v2\/posts"}],"about":[{"href":"http:\/\/www.friedensplattform.at\/index.php?rest_route=\/wp\/v2\/types\/post"}],"author":[{"embeddable":true,"href":"http:\/\/www.friedensplattform.at\/index.php?rest_route=\/wp\/v2\/users\/3"}],"replies":[{"embeddable":true,"href":"http:\/\/www.friedensplattform.at\/index.php?rest_route=%2Fwp%2Fv2%2Fcomments&post=4625"}],"version-history":[{"count":1,"href":"http:\/\/www.friedensplattform.at\/index.php?rest_route=\/wp\/v2\/posts\/4625\/revisions"}],"predecessor-version":[{"id":4628,"href":"http:\/\/www.friedensplattform.at\/index.php?rest_route=\/wp\/v2\/posts\/4625\/revisions\/4628"}],"wp:attachment":[{"href":"http:\/\/www.friedensplattform.at\/index.php?rest_route=%2Fwp%2Fv2%2Fmedia&parent=4625"}],"wp:term":[{"taxonomy":"category","embeddable":true,"href":"http:\/\/www.friedensplattform.at\/index.php?rest_route=%2Fwp%2Fv2%2Fcategories&post=4625"},{"taxonomy":"post_tag","embeddable":true,"href":"http:\/\/www.friedensplattform.at\/index.php?rest_route=%2Fwp%2Fv2%2Ftags&post=4625"}],"curies":[{"name":"wp","href":"https:\/\/api.w.org\/{rel}","templated":true}]}}