{"id":4687,"date":"2018-04-30T08:48:35","date_gmt":"2018-04-30T08:48:35","guid":{"rendered":"http:\/\/www.friedensplattform.at\/?p=4687"},"modified":"2018-04-30T08:48:35","modified_gmt":"2018-04-30T08:48:35","slug":"aktionsaufruf-weltweite-solidaritaet-mit-odessa","status":"publish","type":"post","link":"http:\/\/www.friedensplattform.at\/?p=4687","title":{"rendered":"Aktionsaufruf: Weltweite Solidarit\u00e4t mit Odessa"},"content":{"rendered":"<p>Am 2. Mai 2014 wurden in Odessa\/Ukraine 42 Menschen in einem Gewerkschaftshaus ermordet. Ein pro-regierungs Mob umstellte das Geb\u00e4ude und setzte es in Brand.<\/p>\n<p><!--more--><\/p>\n<p>\u00dcberlebende und Angeh\u00f6rige der 42 Opfer des Odessa-Massakers am 2. Mai 2014 werden drangsaliert und verfolgt. In Odessa und international wurden schon einige Solidarit\u00e4tsaktionen zum j\u00e4hrlichen Gedenktag durchgef\u00fchrt. Zum vierten Jahrestag ist es leider nicht m\u00f6glich, eine internationale Aktivit\u00e4t vor Ort zu organisieren. Jedoch werden Solidarit\u00e4tsaktionen stattfinden in: \u00d6sterreich, Tschechien, GB, Schweden und USA.<\/p>\n<p>Wir laden jede\/n zur Teilnahme ein!<\/p>\n<p>Wenn Du Deine Solidarit\u00e4t und Deinen Wunsch nach Frieden zeigen willst, nimm eine ROTE NELKE und mach ein Foto vor einem mehr oder weniger bekannten Hintergrund. Du kannst einen Text dazuschreiben, z.B.: \u201dOdessa 2014-05-02\u201d, oder \u201eFrieden in Europa! -Solidarit\u00e4t mit den Opfern des Odessa-Massakers\u201c. Weil auch schwarze Ballons an diesem Gedenktag eingesetzt werden, ist es m\u00f6glich sie ins Foto mitaufzunehmen.<\/p>\n<p>Die Solidarit\u00e4tsbewegung sammelt Fotos und Informationen den Monat Mai \u00fcber auf:<\/p>\n<p>der Facebookseite:<\/p>\n<p>May Solidarity action May 2 with the victims of the Odessa massacre<\/p>\n<p><a href=\"https:\/\/tinyurl.com\/y8qeo5k2\">https:\/\/tinyurl.com\/y8qeo5k2<\/a><\/p>\n<p>&nbsp;<\/p>\n<p>dem Blog:<\/p>\n<p>The World in Solidarity with Odessa<\/p>\n<p><a href=\"https:\/\/solidaritywithodessa.wordpress.com\">https:\/\/solidaritywithodessa.wordpress.com<\/a><\/p>\n<p>&nbsp;<\/p>\n<p>Zeig Deine Solidarit\u00e4t durch<\/p>\n<ul>\n<li>eine Botschaft auf der Facebook-Seite<\/li>\n<li>Einen Kommentar auf dem Blog<\/li>\n<li>Oder durch eine E-Mail an: <a href=\"mailto:aktivisterforfred@gmail.com\">aktivisterforfred@gmail.com<\/a><\/li>\n<\/ul>\n<p>Vergiss nicht zu erw\u00e4hnen von wo aus Du das Foto schickst!<\/p>\n<p>Diese wichtige Aktion kann auch von einer Person, zwei oder mehr durchgef\u00fchrt werden.<\/p>\n<p>&nbsp;<\/p>\n<p>Weil die Drangsalien und die Verfolgung auch au\u00dferhalb Odessas passieren, ist es wichtig, dass jede\/r sich auch anonym bet\u00e4tigen kann. Mehr Informationen dar\u00fcber, wie anonyme Beitr\u00e4ge m\u00f6glich sind, findest Du auf der fb-Seite und am Blog. Dort kannst Du auch Alternativen zu echten ROTEN NELKEN finden.<\/p>\n<p>Wir freuen uns auf viele Fotos, die weltweite Solidarit\u00e4t bezeugen!<\/p>\n<p>Prager Fr\u00fchling 2 \u2013 Netzwerk gegen Rechtsextremismus und Populismus<\/p>\n<p>Prague Spring 2 &#8211; Network against right wing extremism and populism<\/p>\n<p>&nbsp;<\/p>\n<p>&#8212;<\/p>\n<p><a href=\"http:\/\/www.friedensplattform.at\/wp-content\/uploads\/2018\/04\/P4280712.jpg\"><img loading=\"lazy\" decoding=\"async\" class=\"alignnone size-medium wp-image-4688\" src=\"http:\/\/www.friedensplattform.at\/wp-content\/uploads\/2018\/04\/P4280712-300x225.jpg\" alt=\"\" width=\"300\" height=\"225\" srcset=\"http:\/\/www.friedensplattform.at\/wp-content\/uploads\/2018\/04\/P4280712-300x225.jpg 300w, http:\/\/www.friedensplattform.at\/wp-content\/uploads\/2018\/04\/P4280712-768x576.jpg 768w, http:\/\/www.friedensplattform.at\/wp-content\/uploads\/2018\/04\/P4280712.jpg 800w\" sizes=\"auto, (max-width: 300px) 100vw, 300px\" \/><\/a><a href=\"http:\/\/www.friedensplattform.at\/wp-content\/uploads\/2018\/04\/P4280714.jpg\"><img loading=\"lazy\" decoding=\"async\" class=\"alignnone  wp-image-4689\" src=\"http:\/\/www.friedensplattform.at\/wp-content\/uploads\/2018\/04\/P4280714-300x225.jpg\" alt=\"\" width=\"299\" height=\"224\" srcset=\"http:\/\/www.friedensplattform.at\/wp-content\/uploads\/2018\/04\/P4280714-300x225.jpg 300w, http:\/\/www.friedensplattform.at\/wp-content\/uploads\/2018\/04\/P4280714-768x576.jpg 768w, http:\/\/www.friedensplattform.at\/wp-content\/uploads\/2018\/04\/P4280714.jpg 800w\" sizes=\"auto, (max-width: 299px) 100vw, 299px\" \/><\/a><\/p>\n<p>Foto: AktivistInnen der Pal\u00e4stina Solidarit\u00e4t Steiermark und der Steirischen Friedensplattform zeigen ihre Solidarit\u00e4t durch ein Plakat und Ansprachen auf einer Nakba-Erinnerungsveranstaltung in Graz<\/p>\n<p>Foto 1: Rote Nelken in einem Fenster, das au\u00dferhalb eine gro\u00dfe Menschenmenge zeigt. Das Foto wurde von dem Gewerkschaftsgeb\u00e4ude aus aufgenommen, wo das Massaker stattfand. Es wurde am 9. Mai 2014 aufgenommen, als das Geb\u00e4ude nach der Trag\u00f6die ge\u00f6ffnet wurde. Menschen kamen, um der Opfer durch die Blumen zu gedenken.<\/p>\n<p>Foto 2: Ein Beispiel, wie Du Deine Solidarit\u00e4t mit Odessa zeigen kannst. Das Foto ist fr\u00e5n Stockholm, Schweden. Es wurde am April, 22 2018 aufgenommen von Aktivister f\u00f6r fred \u2013 FriedensaktivistInnen.<\/p>\n<p>Foto 3: Ein weiteres Beispiel, wie Du Deine Solidarit\u00e4t mit Odessa zeigen kannst. Das Foto ist aus New York, United States. Es wurde am April, 25 2018 aufgenommen von Anna R.<\/p>\n<p>&nbsp;<\/p>\n<p>Erinnerung an das Odessa-Massaker und Trag\u00f6die!<\/p>\n<p>Solidarit\u00e4t mit den Opfern und ihren Angeh\u00f6rigen!<\/p>\n<p>Friedensaufbau in Europa JETZT!<\/p>\n<p>&nbsp;<\/p>\n<p>Am 2. Mai 2014 wurden in Odessa\/Ukraine 42 Menschen in einem Gewerkschaftshaus ermordet. Ein pro-regierungs Mob umstellte das Geb\u00e4ude und setzte es in Brand.<\/p>\n<p>Heute sind die \u00dcberlebenden des Massakers und die Angeh\u00f6rigen der Opfer, die diese Attacke hinterfragen, starken Repressionen ausgesetzt. Sie brauchen unsere Solidarit\u00e4t!<\/p>\n<p><strong>\u00a0<\/strong><\/p>\n<p><strong>Die Zusammenst\u00f6\u00dfe in Odessa<\/strong><\/p>\n<p>Das Feuer t\u00f6tete 42 Menschen. Es begann damit, dass viele Molotow-Cocktails in den Eingang geworfen wurden.<\/p>\n<p>Die Menschen drinnen, welche ein Referendum f\u00fcr eine f\u00f6derale Ukraine unterst\u00fctzten, starben durch Ersticken oder als sie aus dem Fenster sprangen. Viele wurden durch Schl\u00e4ge schwer verletzt, als sie vor dem Feuer zu fl\u00fcchten versuchten. Das ist, was das Geschehene zu einem Massaker macht.<\/p>\n<p>Dem gewaltt\u00e4tigen Angriff gingen Stra\u00dfenk\u00e4mpfe in anderen Teilen der Stadt voraus. Dabei wurden zwei pro-regierungs AktivistInnen und danach vier pro-f\u00f6derale AktivistInnen erschossen.<\/p>\n<p>Die Tatsache, dass einige organisierte rechtsextreme NationalistInnen und andere versuchten die im Feuer Eingeschlossenen zu retten, w\u00e4hrend andere die \u00dcberlebenden mit Schl\u00e4gen traktierten, zeigt, dass das eine Trag\u00f6die war und kein geplanter faschistischer Angriff mit dem Ziel alle zu t\u00f6ten.<\/p>\n<p>Trotzdem muss es als Massenmord bezeichnet werden, begangen von jenen, die mit f\u00fcrchterlichen Absichten Feuerbomben in das Geb\u00e4ude warfen.<\/p>\n<p>Heutzutage werden die \u00dcberlebenden des Massakers im Gewerkschaftshaus und die Angeh\u00f6rigen der Opfer drangsaliert und verfolgt. Die wenigen Angeklagten, die Pro-F\u00f6deralisten angegriffen hatten, wurden freigesprochen. Die Pro-F\u00f6deralisten hingegen werden Jahr f\u00fcr Jahr mit einer Kollektivanklage wegen Randalierens in Haft gehalten.<\/p>\n<p>Die faschistische Organisation des Rechten Sektors ebenso wie die Euromaidan-Organisation bezeichnet das, was an diesem Tag geschah, als einen Sieg. Auch Pr\u00e4sident Poroschenko gebrauchte ein \u00e4hnliches Narrativ, als er sagte, er sei stolz darauf, dass \u201eOdessa heute sehr pro-ukrainisch geworden ist\u201c. Als ein Resultat dessen \u201ezahlte Odessa einen hohen Preis am 2. Mai, um zu sehen was passiert w\u00e4re, wenn wir die Invasion der Separatisten nicht gestoppt h\u00e4tten.\u201c<\/p>\n<p>Ein Narrativ, welches das T\u00f6ten so vieler Menschen als einen Sieg bezeichnet oder \u00c4hnliches, ist das Gegenteil dessen, was Europa braucht.<\/p>\n<p>Was wir dringend brauchen, ist Friedensaufbau:<\/p>\n<ul>\n<li>Stopp der Verfolgung und Drangsalierung auf beiden Seiten des Konflikts, in Odessa, Ukraine, Russland und der EU.<\/li>\n<li>Forderung an alle Akteure gleicherma\u00dfen das Minsker \u00dcbereinkommen in der Ukraine umzusetzen, speziell das was n\u00f6tig ist, um ZivilistInnen, die mitten im Konflikt stehen, zu helfen.<\/li>\n<li>Stopp der Militarisierung und stattdessen Investitionen in soziale und umweltbezogene Belange.<\/li>\n<\/ul>\n<p>Prager Fr\u00fchling 2 \u2013 Netzwerk gegen Rechtsextremismus und Populismus<\/p>\n<p>Prague Spring 2 network against right wing extremism and populism<\/p>\n<p>&nbsp;<\/p>\n<p>Brechen wir das Schweigen \u00fcber den Ukraine-Konflikt und verteilen wir dieses Flugblatt am 1. Mai!<\/p>\n<p>Machen wir Solidarit\u00e4tsaktionen am 2.Mai in Solidarit\u00e4t mit den Opfern von Odessa!<\/p>\n<p>&nbsp;<\/p>\n<p>Informieren wir andere \u00fcber: <a href=\"https:\/\/www.facebook.com\/Solidarity-%20action-May-2-with-the-victims-of-the-Odessa-massacre-613792958972533\">https:\/\/www.facebook.com\/Solidarity- action-May-2-with-the-victims-of-the-Odessa-massacre-613792958972533<\/a><\/p>\n<p>&nbsp;<\/p>\n<p>&nbsp;<\/p>\n<p>&nbsp;<\/p>\n<p>ENGLISH:<\/p>\n<p>Call for action: The World in Solidarity with Odessa<\/p>\n<p>&nbsp;<\/p>\n<p>&nbsp;<\/p>\n<p>&nbsp;<\/p>\n<p>Survivors and relatives to the 42 victims of the Odessa Massacre May 2, 2014 are harassed and persecuted. Earlier events have been organised both in Odessa and internationally on the memorial day of the massacre. For the fourth memorial day it is unfortunately not possible to organise an international action on place, but events are planned in, for instance; Austria, Czechia, United Kingdom, Russia, Sweden and the United States.<\/p>\n<p>&nbsp;<\/p>\n<p>We also invite everyone to participate.<\/p>\n<p>&nbsp;<\/p>\n<p>To show your solidarity and desire for peace in Europe, use a red carnation flower and take a photo of it with a more or less well-known view in the background. You can include a text such as \u201dOdessa 2014-05-02\u201d, \u201dRemember Odessa\u201d or \u201dPeace in Europe! &#8211; Solidarity with the victims of the Odessa Massacre\u201d. Since black balloons also have been used for this memorial day, it may be included in the picture.<\/p>\n<p>&nbsp;<\/p>\n<p>The Solidarity Manifestation gathers photos and information throughout the month of May on:<\/p>\n<p>&nbsp;<\/p>\n<p>&#8211; a Facebook-page<\/p>\n<p>May Solidarity action May 2 with the victims of the Odessa massacre<\/p>\n<p>https:\/\/tinyurl.com\/y8qeo5k2<\/p>\n<p>&nbsp;<\/p>\n<p>&#8211; a blog<\/p>\n<p>The World in Solidarity with Odessa<\/p>\n<p>https:\/\/solidaritywithodessa.wordpress.com<\/p>\n<p>&nbsp;<\/p>\n<p>Submit your contribution by sending a message to the fb-page, commenting on the blog or by e-mailing it directly to aktivisterforfred@gmail.com. Write from where the photo is.<\/p>\n<p>&nbsp;<\/p>\n<p>This important action can easily be carried out by one person, two or more.<\/p>\n<p>&nbsp;<\/p>\n<p>Given that there are harassments and threats also outside of Odessa, we see that it is important that anyone can attend anonymously. More information about how to make an anonymous contribution is to be found on the Facebook-page and the blog. There, you can also find alternatives if you cannot get a hold on a real flower.<\/p>\n<p>&nbsp;<\/p>\n<p>We look forward to many photos that together showcase the whole world in solidarity.<\/p>\n<p>&nbsp;<\/p>\n<p>Prague Spring 2 &#8211; Network against right wing extremism and populism<\/p>\n<p>&nbsp;<\/p>\n<p>&#8212;<\/p>\n<p>&nbsp;<\/p>\n<p>Photos:<\/p>\n<p>&nbsp;<\/p>\n<p>Photo 1: Red carnation flowers in a window who show a huge crowd outside the building. The photo is taken from inside the trade union building where the Odessa Massacre took place. It&#8217;s taken May, 9 2014 when the building was opened after the tragedy and people came to the place to honor the victims by laying down flowers. Photo by:<\/p>\n<p>&nbsp;<\/p>\n<p>Photo 2: An example of how you can show your solidarity with Odessa. This photo is fr\u00e5n Stockholm, Sweden. The photo is taken April, 22 2018. Photo by Aktivister f\u00f6r fred.<\/p>\n<p>&nbsp;<\/p>\n<p>Photo 3: Another example of how you can show your solidarity with Odessa. This photo is from New York, United States. The photo is taken April, 25 2018. Photo by Anna R. (which you can find on the link above)<\/p>\n<p>Solidarity action May 2 with the victims of the Odessa massacres foto.<\/p>\n<p>Solidarity action May 2 with the victims of the Odessa massacres foto.<\/p>\n<p>Solidarity action May 2 with the victims of the Odessa massacres foto.<\/p>\n<p>&nbsp;<\/p>\n<p>&nbsp;<\/p>\n<p>&nbsp;<\/p>\n<p>Flyer which can be downloaded from the link above and below:<\/p>\n<p>&nbsp;<\/p>\n<p>&nbsp;<\/p>\n<p>ODESSA + 4<\/p>\n<p>&nbsp;<\/p>\n<p>2nd of May 2018<\/p>\n","protected":false},"excerpt":{"rendered":"<p>Am 2. Mai 2014 wurden in Odessa\/Ukraine 42 Menschen in einem Gewerkschaftshaus ermordet. Ein pro-regierungs Mob umstellte das Geb\u00e4ude und setzte es in Brand.<\/p>\n","protected":false},"author":3,"featured_media":0,"comment_status":"open","ping_status":"open","sticky":false,"template":"","format":"standard","meta":{"footnotes":""},"categories":[1,3],"tags":[],"class_list":["post-4687","post","type-post","status-publish","format-standard","hentry","category-allgemein","category-antimilitarismus"],"_links":{"self":[{"href":"http:\/\/www.friedensplattform.at\/index.php?rest_route=\/wp\/v2\/posts\/4687","targetHints":{"allow":["GET"]}}],"collection":[{"href":"http:\/\/www.friedensplattform.at\/index.php?rest_route=\/wp\/v2\/posts"}],"about":[{"href":"http:\/\/www.friedensplattform.at\/index.php?rest_route=\/wp\/v2\/types\/post"}],"author":[{"embeddable":true,"href":"http:\/\/www.friedensplattform.at\/index.php?rest_route=\/wp\/v2\/users\/3"}],"replies":[{"embeddable":true,"href":"http:\/\/www.friedensplattform.at\/index.php?rest_route=%2Fwp%2Fv2%2Fcomments&post=4687"}],"version-history":[{"count":1,"href":"http:\/\/www.friedensplattform.at\/index.php?rest_route=\/wp\/v2\/posts\/4687\/revisions"}],"predecessor-version":[{"id":4690,"href":"http:\/\/www.friedensplattform.at\/index.php?rest_route=\/wp\/v2\/posts\/4687\/revisions\/4690"}],"wp:attachment":[{"href":"http:\/\/www.friedensplattform.at\/index.php?rest_route=%2Fwp%2Fv2%2Fmedia&parent=4687"}],"wp:term":[{"taxonomy":"category","embeddable":true,"href":"http:\/\/www.friedensplattform.at\/index.php?rest_route=%2Fwp%2Fv2%2Fcategories&post=4687"},{"taxonomy":"post_tag","embeddable":true,"href":"http:\/\/www.friedensplattform.at\/index.php?rest_route=%2Fwp%2Fv2%2Ftags&post=4687"}],"curies":[{"name":"wp","href":"https:\/\/api.w.org\/{rel}","templated":true}]}}