{"id":4747,"date":"2018-06-16T14:56:13","date_gmt":"2018-06-16T14:56:13","guid":{"rendered":"http:\/\/www.friedensplattform.at\/?p=4747"},"modified":"2018-06-16T14:56:13","modified_gmt":"2018-06-16T14:56:13","slug":"zum-prozess-in-graz-wg-gaza-demo-2014","status":"publish","type":"post","link":"http:\/\/www.friedensplattform.at\/?p=4747","title":{"rendered":"Zum Prozess in Graz wg Gaza-Demo 2014"},"content":{"rendered":"<p><span style=\"font-family: Arial; font-size: xx-small;\"><b><span style=\"font-size: small;\">Verhetzungsurteil ohne Grundlage im Strafrecht<\/span><\/b><br \/>\n<\/span><span style=\"font-family: Arial; font-size: small;\">Urteil und Bericht folgten weitgehend der Strategie des Ankl\u00e4gers. Das Argument des Verteidigers, dass der \u00a7 183 StGB (Verhetzung) zwar alles m\u00f6gliche sch\u00fctze, Staaten, ihr Handeln und\u00a0 daher auch seine Symbole\u00a0 aber nicht zu seinen Schutzg\u00fctern geh\u00f6ren, blieb unber\u00fccksichtigt. Die angestrengte Absicht des Staatsanwalts, das Entrei\u00dfen und Verbrennen der\u00a0 Fahne Israels als antisemitischen Akt mit einer hintergr\u00fcndig terroristischen Gesinnung nachweisen zu k\u00f6nnen, war offensichtlich.\u00a0 <\/span><!--more--><\/p>\n<p><span style=\"font-family: Arial; font-size: small;\">Zutage trat dabei eine von unkritischen Freunden Israels gern verbreitete Begriffsverwirrung.\u00a0 Vernunftgem\u00e4\u00df zu unterscheiden w\u00e4re zwischen dem Judentum als Religions- und Kulturgemeinschaft, und dem Zionismus als j\u00fcdisch-nationalistischer Ideologie\u00a0 und Israel und seiner brutalen Unterdr\u00fcckung\u00a0 des pal\u00e4stinensischen Freiheitswillens Differenziert man da nicht landet man\u00a0 notwendigerweise undifferenziert im ideologischen Eintopf des tats\u00e4chlich \u00fcblen Antijudaismus\/Antisemitismus.\u00a0 Entgegen der Aussage des Staatsanwalts, dass wir diesen Konflikt nicht ausgel\u00f6st und ihn auch nicht l\u00f6sen k\u00f6nnen, ist auch zu betonen, dass der bittere Konflikt dieser beiden V\u00f6lker sehr wohl ein europ\u00e4isches Exportprodukt ist und wir daher in Verantwortung stehen, zu seiner L\u00f6sung beizutragen. Was unser Land freilich in einer Art Komplizenschaft mit der rechtsnationalistischen Poilitik Israels\u00a0 nicht und die EU zu wenig tut.<br \/>\n<\/span><\/p>\n<p><span style=\"font-family: Arial; font-size: small;\">Nicht zustimmen wollen wir auch der Wertung des Kommentars, dass es &#8222;nur m\u00e4\u00dfig intelligent&#8220; sei, just <\/span><span style=\"font-family: Arial; font-size: xx-small;\"><span style=\"font-size: small;\">auf dem H\u00f6hepunkt des Gaza Massakers 2014 erboste Demonstranten mit einer Israel-Fahne zu provozieren. Ganz im Gegenteil, von der politischen Wirksamkeit her war das ausgesprochen intelligent. Das brachte n\u00e4mlich eine bis dahin v\u00f6llig friedliche Demonstation zur Entgleisung und bot Gelegenheit die \u00f6ffentliche Meinung in Graz von der Emp\u00f6rung \u00fcber das brutale Vorgehen Israels im Gaza abzulenken. Das war wahrscheinlich auch von unseren Beh\u00f6rden so gewollt: Wie sonst w\u00e4re es zu erkl\u00e4ren, dass man aufgrund von peniblen Auswertungen der Polizeivideos\u00a0 zwar zwei muslimische T\u00e4ter identifizieren konnte, nicht aber die proisraelischen Provokateure. Ob derlei Blindflecken bei zionistischen\u00a0 Provokationen neuerdings auch zur Staatsr\u00e4son \u00d6sterreichs geh\u00f6ren?<\/span><\/span><\/p>\n<p>Die beim Verfahren Zuh\u00f6renden: Christine H\u00f6dl, Franz S\u00f6lkner, Mohammed Suleiman<\/p>\n<p>Das ist ein LeserInnenbrief an die Kleine Zeitung zu den Artikeln hier:<br \/>\n<a href=\"http:\/\/www.friedensplattform.at\/wp-content\/uploads\/2018\/06\/KlZtg-6_18-zu-Gaza_Demo-7_14.jpg\"><img loading=\"lazy\" decoding=\"async\" class=\"alignnone size-medium wp-image-4748\" src=\"http:\/\/www.friedensplattform.at\/wp-content\/uploads\/2018\/06\/KlZtg-6_18-zu-Gaza_Demo-7_14-285x300.jpg\" alt=\"\" width=\"285\" height=\"300\" srcset=\"http:\/\/www.friedensplattform.at\/wp-content\/uploads\/2018\/06\/KlZtg-6_18-zu-Gaza_Demo-7_14-285x300.jpg 285w, http:\/\/www.friedensplattform.at\/wp-content\/uploads\/2018\/06\/KlZtg-6_18-zu-Gaza_Demo-7_14-768x807.jpg 768w, http:\/\/www.friedensplattform.at\/wp-content\/uploads\/2018\/06\/KlZtg-6_18-zu-Gaza_Demo-7_14-974x1024.jpg 974w, http:\/\/www.friedensplattform.at\/wp-content\/uploads\/2018\/06\/KlZtg-6_18-zu-Gaza_Demo-7_14.jpg 1522w\" sizes=\"auto, (max-width: 285px) 100vw, 285px\" \/><\/a><\/p>\n","protected":false},"excerpt":{"rendered":"<p>Verhetzungsurteil ohne Grundlage im Strafrecht Urteil und Bericht folgten weitgehend der Strategie des Ankl\u00e4gers. Das Argument des Verteidigers, dass der \u00a7 183 StGB (Verhetzung) zwar alles m\u00f6gliche sch\u00fctze, Staaten, ihr Handeln und\u00a0 daher auch seine Symbole\u00a0 aber nicht zu seinen Schutzg\u00fctern geh\u00f6ren, blieb unber\u00fccksichtigt. Die angestrengte Absicht des Staatsanwalts, das Entrei\u00dfen und Verbrennen der\u00a0 Fahne &hellip; <a href=\"http:\/\/www.friedensplattform.at\/?p=4747\" class=\"more-link\"><span class=\"screen-reader-text\">Zum Prozess in Graz wg Gaza-Demo 2014<\/span> weiterlesen <span class=\"meta-nav\">&rarr;<\/span><\/a><\/p>\n","protected":false},"author":3,"featured_media":0,"comment_status":"open","ping_status":"open","sticky":false,"template":"","format":"standard","meta":{"footnotes":""},"categories":[1],"tags":[],"class_list":["post-4747","post","type-post","status-publish","format-standard","hentry","category-allgemein"],"_links":{"self":[{"href":"http:\/\/www.friedensplattform.at\/index.php?rest_route=\/wp\/v2\/posts\/4747","targetHints":{"allow":["GET"]}}],"collection":[{"href":"http:\/\/www.friedensplattform.at\/index.php?rest_route=\/wp\/v2\/posts"}],"about":[{"href":"http:\/\/www.friedensplattform.at\/index.php?rest_route=\/wp\/v2\/types\/post"}],"author":[{"embeddable":true,"href":"http:\/\/www.friedensplattform.at\/index.php?rest_route=\/wp\/v2\/users\/3"}],"replies":[{"embeddable":true,"href":"http:\/\/www.friedensplattform.at\/index.php?rest_route=%2Fwp%2Fv2%2Fcomments&post=4747"}],"version-history":[{"count":1,"href":"http:\/\/www.friedensplattform.at\/index.php?rest_route=\/wp\/v2\/posts\/4747\/revisions"}],"predecessor-version":[{"id":4749,"href":"http:\/\/www.friedensplattform.at\/index.php?rest_route=\/wp\/v2\/posts\/4747\/revisions\/4749"}],"wp:attachment":[{"href":"http:\/\/www.friedensplattform.at\/index.php?rest_route=%2Fwp%2Fv2%2Fmedia&parent=4747"}],"wp:term":[{"taxonomy":"category","embeddable":true,"href":"http:\/\/www.friedensplattform.at\/index.php?rest_route=%2Fwp%2Fv2%2Fcategories&post=4747"},{"taxonomy":"post_tag","embeddable":true,"href":"http:\/\/www.friedensplattform.at\/index.php?rest_route=%2Fwp%2Fv2%2Ftags&post=4747"}],"curies":[{"name":"wp","href":"https:\/\/api.w.org\/{rel}","templated":true}]}}