{"id":4752,"date":"2018-06-18T21:56:27","date_gmt":"2018-06-18T21:56:27","guid":{"rendered":"http:\/\/www.friedensplattform.at\/?p=4752"},"modified":"2018-06-18T21:56:27","modified_gmt":"2018-06-18T21:56:27","slug":"in-erinnerung-an-paula-abrams-houranifrauen-in-schwarz","status":"publish","type":"post","link":"http:\/\/www.friedensplattform.at\/?p=4752","title":{"rendered":"In Erinnerung an Paula Abrams Hourani\/Frauen in Schwarz"},"content":{"rendered":"<div class=\"gmail_default\">Liebe Frauen in Schwarz!<\/div>\n<div class=\"gmail_default\"><\/div>\n<div class=\"gmail_default\">Wir trauern gemeinsam mit euch um Paula Abrams Hourani.<\/div>\n<div class=\"gmail_default\">Paula war eine der wichtigsten Aktivistinnen in der Solidarit\u00e4tsbewegung f\u00fcr Pal\u00e4stina in \u00d6sterreich.<\/div>\n<div class=\"gmail_default\">Unerm\u00fcdlich hat sie sich f\u00fcr Gerechtigkeit eingesetzt.<\/div>\n<p><!--more--><\/p>\n<div class=\"gmail_default\">Sie hat ihre Stimme erhoben und den zionistischen Narrativen entgegengehalten, und sie war erfolgreich damit!<\/div>\n<div class=\"gmail_default\">Mit Paulas Widerstand war zu rechnen, auch und gerade wenn sich die prookkupatorischen Kr\u00e4fte wieder einmal des Antisemitismusvorwurfes bedienten. Ein Vorwurf, mit dem Sie, die selbst einen j\u00fcdischen Hintergrund hatte, bisweilen auch selbst konfrontiert war.<\/div>\n<div class=\"gmail_default\">Paula lie\u00df sich nicht einsch\u00fcchtern!<\/div>\n<div class=\"gmail_default\">Sie war immer vorne mit dabei, wenn es galt die Rechte der Pal\u00e4stinenserInnen hochzuhalten, sie verhalf ihren Anliegen durch zahllose Mahnwachen und Protestbriefe zu Widerhall in der \u00d6ffentlichkeit.<\/div>\n<div class=\"gmail_default\">Viele, viele Menschen wurden durch Paulas Aktivit\u00e4ten \u00fcber die traurige Wirklichkeit des vergangenen und gegenw\u00e4rtigen Lebens der Pal\u00e4stinenserInnen informiert.<\/div>\n<div class=\"gmail_default\">Sie hat als eine nicht \u00fcberh\u00f6rbare Stimme der Frauen in Schwarz vor allem auf die brutale Vorgehensweise des israelischen Milit\u00e4rs und der Justiz gegen\u00fcber pal\u00e4stinensischen Kindern aufmerksam gemacht und diese unerm\u00fcdlich angeprangert.<\/div>\n<div class=\"gmail_default\">Paula hat auf vielen Demonstrationen Reden gehalten und damit die Solidarit\u00e4tsbewegung bewegt und gest\u00e4rkt!<\/div>\n<div class=\"gmail_default\">Sie hat das getan, was angesichts der Kontinuit\u00e4t des europ\u00e4ischen Kolonialismus, seines Rassismus und Antisemitismus das Gebot der Stunde war und ist:<\/div>\n<div class=\"gmail_default\">Sie hat dagegen protestiert!<\/div>\n<div class=\"gmail_default\">\n<blockquote>\n<div dir=\"ltr\">\n<div class=\"gmail_default\">Paula, Deine Kraft bleibt!<\/div>\n<\/div>\n<\/blockquote>\n<blockquote>\n<div dir=\"ltr\">\n<div class=\"gmail_default\"><\/div>\n<div class=\"gmail_default\">Freiheit f\u00fcr Pal\u00e4stina!<\/div>\n<div class=\"gmail_default\"><\/div>\n<div class=\"gmail_default\">Die Steirische Friedensplattform<\/div>\n<div class=\"gmail_default\">Pal\u00e4stina Solidarit\u00e4t Steiermark<\/div>\n<div class=\"gmail_default\"><\/div>\n<div class=\"gmail_default\">Franz S\u00f6lkner<\/div>\n<div class=\"gmail_default\">Helga Suleiman<\/div>\n<div><\/div>\n<\/div>\n<\/blockquote>\n<div><a href=\"https:\/\/de-de.facebook.com\/fraueninschwarzwien\/\">https:\/\/de-de.facebook.com\/fraueninschwarzwien\/<\/a><\/div>\n<\/div>\n","protected":false},"excerpt":{"rendered":"<p>Liebe Frauen in Schwarz! Wir trauern gemeinsam mit euch um Paula Abrams Hourani. Paula war eine der wichtigsten Aktivistinnen in der Solidarit\u00e4tsbewegung f\u00fcr Pal\u00e4stina in \u00d6sterreich. Unerm\u00fcdlich hat sie sich f\u00fcr Gerechtigkeit eingesetzt.<\/p>\n","protected":false},"author":3,"featured_media":0,"comment_status":"open","ping_status":"open","sticky":false,"template":"","format":"standard","meta":{"footnotes":""},"categories":[1,18],"tags":[],"class_list":["post-4752","post","type-post","status-publish","format-standard","hentry","category-allgemein","category-palaestina-solidaritaet"],"_links":{"self":[{"href":"http:\/\/www.friedensplattform.at\/index.php?rest_route=\/wp\/v2\/posts\/4752","targetHints":{"allow":["GET"]}}],"collection":[{"href":"http:\/\/www.friedensplattform.at\/index.php?rest_route=\/wp\/v2\/posts"}],"about":[{"href":"http:\/\/www.friedensplattform.at\/index.php?rest_route=\/wp\/v2\/types\/post"}],"author":[{"embeddable":true,"href":"http:\/\/www.friedensplattform.at\/index.php?rest_route=\/wp\/v2\/users\/3"}],"replies":[{"embeddable":true,"href":"http:\/\/www.friedensplattform.at\/index.php?rest_route=%2Fwp%2Fv2%2Fcomments&post=4752"}],"version-history":[{"count":1,"href":"http:\/\/www.friedensplattform.at\/index.php?rest_route=\/wp\/v2\/posts\/4752\/revisions"}],"predecessor-version":[{"id":4753,"href":"http:\/\/www.friedensplattform.at\/index.php?rest_route=\/wp\/v2\/posts\/4752\/revisions\/4753"}],"wp:attachment":[{"href":"http:\/\/www.friedensplattform.at\/index.php?rest_route=%2Fwp%2Fv2%2Fmedia&parent=4752"}],"wp:term":[{"taxonomy":"category","embeddable":true,"href":"http:\/\/www.friedensplattform.at\/index.php?rest_route=%2Fwp%2Fv2%2Fcategories&post=4752"},{"taxonomy":"post_tag","embeddable":true,"href":"http:\/\/www.friedensplattform.at\/index.php?rest_route=%2Fwp%2Fv2%2Ftags&post=4752"}],"curies":[{"name":"wp","href":"https:\/\/api.w.org\/{rel}","templated":true}]}}