{"id":4781,"date":"2018-07-20T16:44:34","date_gmt":"2018-07-20T16:44:34","guid":{"rendered":"http:\/\/www.friedensplattform.at\/?p=4781"},"modified":"2018-07-20T16:44:34","modified_gmt":"2018-07-20T16:44:34","slug":"wir-sollten-vor-dem-gaza-streifen-den-hut-ziehen","status":"publish","type":"post","link":"http:\/\/www.friedensplattform.at\/?p=4781","title":{"rendered":"Wir sollten vor dem Gaza-Streifen den Hut ziehen"},"content":{"rendered":"<p>Der Geist in Gaza kann durch keine Belagerung gebrochen werden und haucht der hoffnungslosen und verlorenen Sache des pal\u00e4stinensischen Kampfes neues Leben ein.<\/p>\n<p>Opinion \u2013 Haaretz &#8211; Gideon Levy \u2013 15. Juli 2018<\/p>\n<p><span style=\"font-size: large;\">Original: Haaretz: <\/span><a href=\"https:\/\/www.haaretz.com\/opinion\/.premium-we-should-be-saluting-the-gaza-strip-1.6270636\"><span lang=\"\">https:\/\/www.haaretz.com\/opinion\/.premium-we-should-be-saluting-the-gaza-strip-1.6270636<\/span><\/a><\/p>\n<p>&nbsp;<\/p>\n<p>Ohne den Gaza-Streifen w\u00e4re die Besetzung schon lange vergessen. Ohne den Gaza-Streifen, h\u00e4tte Israel das Pal\u00e4stina-Problem von seiner Agenda entfernt und munter seine Verbrechen und Annektionen fortgesetzt, seine Routine, so als ob 4 Millionen Menschen nicht unter seinen Fersen leben w\u00fcrden. Ohne den Gaza-Streifen w\u00fcrde auch die Welt vergessen haben. Die meisten haben es bereits getan. Deshalb m\u00fcssen wir jetzt vor dem Gaza-Streifen den Hut ziehen vor allem vor dem Geist des Gaza-Streifens, nur er haucht noch Leben in die hoffnungslose und verlorene Sache des pal\u00e4stinensischen Kampfes um Freiheit ein.<!--more--><\/p>\n<p>&nbsp;<\/p>\n<p>Der energische Kampf des Gaza-Streifens sollte auch in Israel Bewunderung ausl\u00f6sen. Die Handvoll Menschen mit Gewissen, die noch hier sind, sollten dem ungebrochenen Geist im Gaza-Streifen danken. Der Geist der West-Bank zerbrach, nachdem die Zweite Intifada scheiterte, dasselbe geschah mit dem israelischen Friedenslager \u2013 die meisten wurden schon vor langer Zeit zerschlagen. Nur der Geist des Gaza-Streifens ist standhaft in seinem Kampf.<\/p>\n<p>Daher soll jeder, der nicht f\u00fcr immer und ewig in einem b\u00f6sen Land leben m\u00f6chte, die Glut respektieren, welche die jungen Menschen des Gaza-Streifens noch immer versuchen zu sch\u00fcren. Wenn es keine Drachen, Feuer und Qassam-Rekten g\u00e4be, w\u00e4ren die Pal\u00e4stinenserInnen total aus dem Blickfeld aller Menschen in Israel entschwunden. Nur die Fu\u00dfballweltmeisterschaft und Eurovisions-Song-Contest w\u00e4ren von allgemeinem Interesse. Ohne die geschw\u00e4rzten Felder im S\u00fcden, w\u00fcrde eine gro\u00dfe wei\u00dfe Fahne nicht nur \u00fcber den Gaza-Streifen sondern \u00fcber das gesamte pal\u00e4stinensische Volk flattern. Gerechtigkeitsanh\u00e4nger, inklusive die israelischen, k\u00f6nnen das nicht w\u00fcnschen.<\/p>\n<p>Es ist schwierig, ja sogar unversch\u00e4mt, diese Worte im ruhigen und sicheren Tel Aviv zu schreiben, nach einer weiteren schlaflosen und alptraumhaften Nacht im S\u00fcden, aber alle Tage und N\u00e4chte im Gaza Streifen sind viel schwieriger wegen der unmenschlichen Politik Israels, die von den meisten seiner B\u00fcrger unterst\u00fctzt wird, einschlie\u00dflich der Menschen, die im S\u00fcden leben. Sie haben es nicht verdient, die Last zu tragen, aber jeder Kampf fordert einen Preis von unschuldigen Opfern, die wir nicht zu Opfern machen wollen. Wir sollen nicht vergessen, dass nur Pal\u00e4stinenser get\u00f6tet werden. Am Samstag starb das 139. Opfer durch israelisches Feuer am Grenzzaun. Er war 20 Jahre alt. Am Freitag wurde ein 15-j\u00e4hriger Junge get\u00f6tet. Der Gaza-Streifen zahlt den vollen Preis mit Blut. Aber das h\u00e4lt sie nicht ab, weiterzumachen. Das ist ihr Geist. Man kann das nur bewundern.<\/p>\n<p>Der Geist des Gaza-Streifens kann durch keine Belagerung gebrochen werden. Die B\u00f6sen in Jerusalem haben den Kerem-Grenz\u00fcbergang geschlossen und Gaza hat geschossen. Die B\u00f6sartigen im Kirya-Regierungs-Komplex in Tel Aviv verhindern, dass junge Menschen \u00e4rztliche Behandlung in der Westbank bekommen, um eine Amputation ihrer Gliedma\u00dfen zu verhindern.<\/p>\n<p>Jahrelang haben sie Krebs-Patienten, einschlie\u00dflich Frauen und Kinder daran gehindert, lebensrettende Behandlung zu bekommen. Letztes Jahr wurden nur 54% der Ansuchen, den Gaza-Streifen zwecks medizinischer Behandlung zu verlassen bewilligt. 2012 waren es noch 93%. Das ist b\u00f6sartig. Wir sollten den Brief lesen, der im Juni von 31 israelischen Onkologen geschrieben wurde, die aufriefen, den Missbrauch von krebskranken Frauen aus Gaza zu beenden, denn ihre Ausreiseantr\u00e4ge werden monatelang nicht beantwortet, womit ihr Schicksal besiegelt ist.<\/p>\n<p>Die 31 Raketen, die am Freitag vom Gaza-Streifen aus nach Israel gefeuert wurden, sind eine verhaltene Reaktion auf diese B\u00f6swilligkeit. Sie sind nicht mehr als eine ged\u00e4mpfte Erinnerung an das Schicksal des Gaza-Streifens, an jene gerichtet die glauben,dass 2 Millionen Menschen mehr als 10 Jahre so behandelt werden k\u00f6nnen und man so tun k\u00f6nnte, als ob nichts passierte.<\/p>\n<p>Der Gaza Streifen hat keine Wahl. Hamas ebenso nicht. Jeder Versuch, der Organisation die Schuld zuzuschieben \u2013 von der ich mir nur w\u00fcnschte, dass sie s\u00e4kularer, feministischer und demokratischer w\u00e4re \u2013 ist eine Umgehung der Verantwortung. Es war nicht die Hamas, die den Gaza-Streifen schloss. Noch haben sich die BewohnerInnen des Gaza-Streifens abgeschlossen. Israel (und \u00c4gypten) haben es getan. Jeder z\u00f6gerliche Versuch der Hamas in Richtung eines Fortschritts mit Israel wird automatisch mit einer israelischen Ablehnung beantwortet. Und auch die Welt ist nicht gewillt, mit ihnen zu sprechen, wer wei\u00df warum.<\/p>\n<p>Alles was \u00fcbrig bleibt sind die Drachen die wom\u00f6glich zu einer anderen Runde des unbarmherzigen Bombardierens und Beschusses durch Israel f\u00fchren kann, was Israel nat\u00fcrlich \u00fcberhaupt nicht will. Aber welche Wahl hat der Gaza-Streifen? Eine wei\u00dfe Fahne der Kapitulation \u00fcber ihren Z\u00e4unen, wie jene, welche die Pal\u00e4stinenserInnen in der Westbank hissten? Der Traum einer gr\u00fcnen Insel vor den K\u00fcsten des Mittelmeers, welche Israels Transportminister Yisrael Katz f\u00fcr sie bauen wird? Der Kampf ist der letzte Weg der ihnen bleibt, ein Weg der respektiert werden sollte, selbst wenn Sie ein Israeli sind, der vielleicht ihr Opfer sein k\u00f6nnte.<\/p>\n<p>&nbsp;<\/p>\n<p>&nbsp;<\/p>\n","protected":false},"excerpt":{"rendered":"<p>Der Geist in Gaza kann durch keine Belagerung gebrochen werden und haucht der hoffnungslosen und verlorenen Sache des pal\u00e4stinensischen Kampfes neues Leben ein. Opinion \u2013 Haaretz &#8211; Gideon Levy \u2013 15. Juli 2018 Original: Haaretz: https:\/\/www.haaretz.com\/opinion\/.premium-we-should-be-saluting-the-gaza-strip-1.6270636 &nbsp; Ohne den Gaza-Streifen w\u00e4re die Besetzung schon lange vergessen. Ohne den Gaza-Streifen, h\u00e4tte Israel das Pal\u00e4stina-Problem von seiner &hellip; <a href=\"http:\/\/www.friedensplattform.at\/?p=4781\" class=\"more-link\"><span class=\"screen-reader-text\">Wir sollten vor dem Gaza-Streifen den Hut ziehen<\/span> weiterlesen <span class=\"meta-nav\">&rarr;<\/span><\/a><\/p>\n","protected":false},"author":5,"featured_media":0,"comment_status":"open","ping_status":"open","sticky":false,"template":"","format":"standard","meta":{"footnotes":""},"categories":[18],"tags":[],"class_list":["post-4781","post","type-post","status-publish","format-standard","hentry","category-palaestina-solidaritaet"],"_links":{"self":[{"href":"http:\/\/www.friedensplattform.at\/index.php?rest_route=\/wp\/v2\/posts\/4781","targetHints":{"allow":["GET"]}}],"collection":[{"href":"http:\/\/www.friedensplattform.at\/index.php?rest_route=\/wp\/v2\/posts"}],"about":[{"href":"http:\/\/www.friedensplattform.at\/index.php?rest_route=\/wp\/v2\/types\/post"}],"author":[{"embeddable":true,"href":"http:\/\/www.friedensplattform.at\/index.php?rest_route=\/wp\/v2\/users\/5"}],"replies":[{"embeddable":true,"href":"http:\/\/www.friedensplattform.at\/index.php?rest_route=%2Fwp%2Fv2%2Fcomments&post=4781"}],"version-history":[{"count":3,"href":"http:\/\/www.friedensplattform.at\/index.php?rest_route=\/wp\/v2\/posts\/4781\/revisions"}],"predecessor-version":[{"id":4784,"href":"http:\/\/www.friedensplattform.at\/index.php?rest_route=\/wp\/v2\/posts\/4781\/revisions\/4784"}],"wp:attachment":[{"href":"http:\/\/www.friedensplattform.at\/index.php?rest_route=%2Fwp%2Fv2%2Fmedia&parent=4781"}],"wp:term":[{"taxonomy":"category","embeddable":true,"href":"http:\/\/www.friedensplattform.at\/index.php?rest_route=%2Fwp%2Fv2%2Fcategories&post=4781"},{"taxonomy":"post_tag","embeddable":true,"href":"http:\/\/www.friedensplattform.at\/index.php?rest_route=%2Fwp%2Fv2%2Ftags&post=4781"}],"curies":[{"name":"wp","href":"https:\/\/api.w.org\/{rel}","templated":true}]}}