{"id":4786,"date":"2018-07-20T17:20:02","date_gmt":"2018-07-20T17:20:02","guid":{"rendered":"http:\/\/www.friedensplattform.at\/?p=4786"},"modified":"2018-07-20T17:20:02","modified_gmt":"2018-07-20T17:20:02","slug":"israels-holocaust-kreditlinie-laeuft-aus","status":"publish","type":"post","link":"http:\/\/www.friedensplattform.at\/?p=4786","title":{"rendered":"Israels Holocaust-Kreditlinie l\u00e4uft aus"},"content":{"rendered":"<p>Opinion \/\/ Haaretz \/\/ Amira Hass 18. Juli 2018 1:47 Uhr \/\/\u00a0\u00a0Israels Holocaust-Kreditlinie l\u00e4uft aus<\/p>\n<p>Der Tag wird kommen, an dem nicht nur israelische Politiker und Milit\u00e4rbeamten vor Gericht gestellt werden, sondern auch Juristen, Milit\u00e4r- und Zivilrichter, Architekten und Planer, alle, die die Teilung dieses Landes erm\u00f6glichen und erm\u00f6glicht haben.<\/p>\n<p>Amira Hass 18. Juli 2018 1:47 Uhr<\/p>\n<p>Original: <a href=\"https:\/\/www.haaretz.com\/israel-news\/.premium-israel-s-holocaust-credit-line-running-out-1.6280267\">https:\/\/www.haaretz.com\/israel-news\/.premium-israel-s-holocaust-credit-line-running-out-1.6280267<\/a><\/p>\n<p><!--more--><br \/>\nDer Tag wird kommen, an dem Israels Holocaust-Kreditlinie mit der Welt ausl\u00e4uft. Der Tag wird kommen, an dem die F\u00fchrer des j\u00fcdisch-israelischen Kolonialismus vor Gericht gestellt werden. Der Tag wird kommen und diejenigen, die heute wegen Auschwitz auf der einen Seite, unserer Kriegs- und Geheimdienstindustrie auf der anderen und wegen unserer relativen Sauberkeit auf noch einer anderen Seite schrumpfende Toleranz gegen\u00fcber uns zeigen, werden die Nase voll haben.<\/p>\n<p>Das ist keine Prophezeiung, sondern eine politisch-soziologische Einsch\u00e4tzung. Wir wissen nur nicht, ob es nach einem schrecklichen Blutvergie\u00dfen hier passieren wird oder kurz davor. Je fr\u00fcher dieser Tag kommt, desto besser f\u00fcr uns alle.<\/p>\n<p>Noch bevor Europa von Hitler und seinesgleichen regiert wurde, die sich nicht mit dem altmodischen Antisemitismus begn\u00fcgten, entwickelte sich der Zionismus als eine Bewegung multipler Pers\u00f6nlichkeiten:<\/p>\n<p>1. Eine Bewegung, die einen Ausweg aus dem antij\u00fcdischen Rassismus in Europa und der zynischen politischen Anwendung, welche Regime und populistische Bewegungen aus Fremdenfeindlichkeit machten, suchte;<br \/>\n;<br \/>\n2. Ein Teil des operativen und ideologischen Mechanismus des Kolonialismus, der Europa sozial und wirtschaftlich einsetzte, die Expansion zum Zweck der Ansiedlung suchte und die einheimische Bev\u00f6lkerung in anderen L\u00e4ndern als \u00fcberfl\u00fcssiges, wegwerfbares Gep\u00e4ck betrachteten..<\/p>\n<p>3. Eine Planierraube, die den Boden f\u00fcr einen uni-nationalen Staat bereitet, nach dem Vorbild der T\u00fcrkei und Mittel- und Osteuropas nach dem Ersten Weltkrieg.<\/p>\n<p>Der alte Antisemitismus dr\u00e4ngte die Juden, ihre Verh\u00e4ltnisse zu \u00e4ndern. Obwohl sie den Ausdruck &#8222;n\u00e4chstes Jahr in Jerusalem&#8220; kannten, w\u00e4hlten die meisten von ihnen nicht den zionistischen Weg der Einwanderung nach Pal\u00e4stina, sondern die vielen L\u00f6sungen in der Diaspora: Einwanderung in andere Staaten (bevor ihr Grenzen gesetzt wurden), Assimilation, Festhalten an der Orthodoxie, Sozialismus, Kommunismus, Liberalismus, kulturelle Autonomie (der Bund). Als Europa die Juden nicht nur innerhalb ihrer Grenzen, sondern auch aus ihrer eigenen Existenz hinauswarf und andere L\u00e4nder ihre Tore f\u00fcr sie schlossen, stieg die Anziehungskraft des Zionismus unter den Juden.<\/p>\n<p>Der subjektive Zustand der j\u00fcdischen Einwanderer nach Pal\u00e4stina am Vorabend des Holocaust und in der Folgezeit (einschlie\u00dflich Juden aus muslimischen L\u00e4ndern) war der von Traumata betroffener Fl\u00fcchtlinge. In objektiver Hinsicht wurden sie mobilisiert und als Freiwillige f\u00fcr die Mission der Vertreibung des pal\u00e4stinensischen Volkes eingesetzt &#8211; einer Nation, die in diesem Land \u00fcber Jahrhunderte hinweg Gestalt angenommen hatte &#8211; um Platz f\u00fcr sich selbst und eine politische Ordnung zu schaffen, die nur Juden betrifft und ber\u00fccksichtigt.<\/p>\n<p>Europas Schande (ob aufrichtig oder pragmatisch) \u00fcber die Zeit des Dritten Reiches, zusammen mit dem zweiten Merkmal des Zionismus, das oben erw\u00e4hnt wurde, brachte Israel (innerhalb seiner Grenzen vor 1967) in den Scho\u00df der Nationen und den Konsens des V\u00f6lkerrechts. Der Schatten der Gr\u00e4ueltaten des Dritten Reiches verdunkelte vor\u00fcbergehend die Katastrophe, die die Gr\u00fcndung Israels f\u00fcr die Pal\u00e4stinenser mit sich brachte. Doch je weiter wir uns von der Kristallnacht, dem Wannsee und den Revolten in Treblinka und Sobibor entfernen, desto mehr zieht sich der Schatten zusammen. Doch wir w\u00e4hlen weiterhin Vertreibung, Enteignung und Zertrampeln &#8211; um die F\u00fchrer der Welt nach Yad Vashem zu bringen und unsere eigenen Ermordeten f\u00fcr das Unternehmen der Vertreibung der Pal\u00e4stinenser zu verwenden.<\/p>\n<p>Israel hatte Gelegenheit, Reue zu zeigen und seinen siedlerkolonialistischen Charakter aufzugeben, aber die Gelegenheit wurde nicht wahrgenommen. Zum Beispiel das Oslo-Abkommen von 1993 war eine solche Gelegenheit, die von den Pal\u00e4stinensern geboten wurde, und Israel lehnte sie bewusst ab. Israel entschied sich, sich selbst und der Welt zu sagen: Ja, ich war, bin und werde eine Siedler-Kolonialisten-Entit\u00e4t sein. Und diejenigen, die mein heiliges Recht, weiterhin auszuweisen und zu zertrampeln, schaden, sind Antisemiten.<\/p>\n<p>Diese Mobbing-Abschreckung funktioniert wirklich &#8211; aber nicht immer und nicht bei jedem. St\u00e4dte in Italien und Spanien verurteilen die Politik Israels im Gazastreifen. Der irische Senat genehmigte einen Boykott von Produkten aus den Siedlungen. Die Erkl\u00e4rung des Rates der Sozialistischen Internationale Ende letzten Monats war ein weiteres Beispiel: Er forderte die Anerkennung eines pal\u00e4stinensischen Staates entlang der Grenzen vom 4. Juni 1967. Er forderte einen vollst\u00e4ndigen Stopp aller Bauarbeiten in den Siedlungen, auch in Jerusalem. Er forderte L\u00e4nder auf, die &#8222;israelische Besatzung, Institutionen der illegalen israelischen Besatzung und Siedlungen&#8220; zu boykottieren, Investitionen zu beenden und\/oder zu sanktionieren. Mit anderen Worten, kein Boykott gegen Israel, weil es Israel ist, sondern weil es in den 1967 eroberten Gebieten ein koloniales Unternehmen ausf\u00fchrt. In diesem Sinne rief der Rat zur Solidarit\u00e4t mit den fortschrittlichen Kr\u00e4ften in Israel und den pal\u00e4stinensischen B\u00fcrgern Israels auf und verurteilt die institutionalisierte Diskriminierung dieser Kr\u00e4fte.<\/p>\n<p>Es stimmt, dass es in der Internationale nun auch autorit\u00e4re Parteien gibt, die mehrere alte sozialdemokratische europ\u00e4ische Parteien vertrieben haben. Stimmt, sie ist korrupt und verkn\u00f6chert. (Der R\u00fccktritt der israelischen Arbeitspartei von der Internationalen in der vergangenen Woche wegen der BDS-Resolution erh\u00f6ht jedoch das Prestige der Internationalen). Sie hat nicht die Macht und Ausstrahlung, die sie hatte, als Willy Brandt Pr\u00e4sident war. Aber ihre Vertreter spiegeln die politischen Positionen von 140 Parteien und politischen Bewegungen auf der ganzen Welt und den Geisteszustand von Millionen ihrer Mitglieder wider.<\/p>\n<p>Der \u00d6kumenische Rat der Kirchen, dem Kirchen aus vielen christlichen Konfessionen in etwa 110 L\u00e4ndern angeh\u00f6ren, verurteilte Israels Plan, das Beduinendorf Khan al-Ahmar abzurei\u00dfen. Die Verfasser der Resolution wissen sehr wohl, dass dieses Dorf nicht das einzige ist, das Israel abrei\u00dfen will, um den Ausbau der Siedlungen zu erm\u00f6glichen.<\/p>\n<p>Das Format spielt keine Rolle. In Den Haag, in einem internationalen Forum, das nur f\u00fcr uns oder vielleicht sogar in unserem Land eingerichtet wird: Der Tag wird kommen, an dem nicht nur israelische Politiker und Milit\u00e4rbeamte vor Gericht gestellt werden, sondern auch Juristen, Milit\u00e4r- und Zivilrichter, Architekten und Planer, alle, die die Gestaltung dieses Landes zu einem Penthouse f\u00fcr Juden und einen Keller \u2013 unterteilt in getrennte Zellen &#8211; f\u00fcr Pal\u00e4stinenser erm\u00f6glicht haben. M\u00f6gen diese Worte diesen Tag schneller herbeif\u00fchren, wenn auch nur um eine Minute.<\/p>\n<p>Teilweise \u00fcbersetzt mit www.DeepL.com\/Translator<\/p>\n<p>&nbsp;<\/p>\n","protected":false},"excerpt":{"rendered":"<p>Opinion \/\/ Haaretz \/\/ Amira Hass 18. Juli 2018 1:47 Uhr \/\/\u00a0\u00a0Israels Holocaust-Kreditlinie l\u00e4uft aus Der Tag wird kommen, an dem nicht nur israelische Politiker und Milit\u00e4rbeamten vor Gericht gestellt werden, sondern auch Juristen, Milit\u00e4r- und Zivilrichter, Architekten und Planer, alle, die die Teilung dieses Landes erm\u00f6glichen und erm\u00f6glicht haben. Amira Hass 18. Juli 2018 &hellip; <a href=\"http:\/\/www.friedensplattform.at\/?p=4786\" class=\"more-link\"><span class=\"screen-reader-text\">Israels Holocaust-Kreditlinie l\u00e4uft aus<\/span> weiterlesen <span class=\"meta-nav\">&rarr;<\/span><\/a><\/p>\n","protected":false},"author":5,"featured_media":0,"comment_status":"open","ping_status":"open","sticky":false,"template":"","format":"standard","meta":{"footnotes":""},"categories":[1,18],"tags":[],"class_list":["post-4786","post","type-post","status-publish","format-standard","hentry","category-allgemein","category-palaestina-solidaritaet"],"_links":{"self":[{"href":"http:\/\/www.friedensplattform.at\/index.php?rest_route=\/wp\/v2\/posts\/4786","targetHints":{"allow":["GET"]}}],"collection":[{"href":"http:\/\/www.friedensplattform.at\/index.php?rest_route=\/wp\/v2\/posts"}],"about":[{"href":"http:\/\/www.friedensplattform.at\/index.php?rest_route=\/wp\/v2\/types\/post"}],"author":[{"embeddable":true,"href":"http:\/\/www.friedensplattform.at\/index.php?rest_route=\/wp\/v2\/users\/5"}],"replies":[{"embeddable":true,"href":"http:\/\/www.friedensplattform.at\/index.php?rest_route=%2Fwp%2Fv2%2Fcomments&post=4786"}],"version-history":[{"count":1,"href":"http:\/\/www.friedensplattform.at\/index.php?rest_route=\/wp\/v2\/posts\/4786\/revisions"}],"predecessor-version":[{"id":4787,"href":"http:\/\/www.friedensplattform.at\/index.php?rest_route=\/wp\/v2\/posts\/4786\/revisions\/4787"}],"wp:attachment":[{"href":"http:\/\/www.friedensplattform.at\/index.php?rest_route=%2Fwp%2Fv2%2Fmedia&parent=4786"}],"wp:term":[{"taxonomy":"category","embeddable":true,"href":"http:\/\/www.friedensplattform.at\/index.php?rest_route=%2Fwp%2Fv2%2Fcategories&post=4786"},{"taxonomy":"post_tag","embeddable":true,"href":"http:\/\/www.friedensplattform.at\/index.php?rest_route=%2Fwp%2Fv2%2Ftags&post=4786"}],"curies":[{"name":"wp","href":"https:\/\/api.w.org\/{rel}","templated":true}]}}