{"id":4788,"date":"2018-07-20T17:45:14","date_gmt":"2018-07-20T17:45:14","guid":{"rendered":"http:\/\/www.friedensplattform.at\/?p=4788"},"modified":"2018-07-20T17:45:14","modified_gmt":"2018-07-20T17:45:14","slug":"gaza-alle-ausgaenge-sind-geschlossen","status":"publish","type":"post","link":"http:\/\/www.friedensplattform.at\/?p=4788","title":{"rendered":"`Gaza &#8211; Alle Ausg\u00e4nge sind geschlossen!`"},"content":{"rendered":"<p>Am 19.Juli 2018 fand eine Demonstration in Mailand<\/p>\n<p><a href=\"https:\/\/www.facebook.com\/events\/628217647543816\/\"><strong><em>https:\/\/www.facebook.com\/events\/628217647543816\/<\/em><\/strong><\/a><\/p>\n<p>`Gaza &#8211; chiusi tutti i valichi!` mit folgendem Aufruf statt:<\/p>\n<p>&nbsp;<\/p>\n<p>Artikel von Michele Giorgio \u2013 Il Manifesto<\/p>\n<p>Original auf Italienisch aus: info@parallelopalestina.it<\/p>\n<p>&nbsp;<\/p>\n<p>Gaza wurde sowohl von der westlichen Welt als auch von den Arabern verlassen. \u00dcber das Gef\u00e4ngnis Gaza sprechen die internationalen Medien nur wenn es Massaker gibt, meistens wird noch dazu die Schuld am Vorgefallenen den Gefangenen und fast nie den Gef\u00e4ngnisw\u00e4rtern angelastet.<\/p>\n<p><a href=\"https:\/\/www.change.org\/p\/the-people-of-gaza-to-the-people-of-gaza-that-march-for-return\">https:\/\/www.change.org\/p\/the-people-of-gaza-to-the-people-of-gaza-that-march-for-return<\/a><\/p>\n<p><!--more--><\/p>\n<p>Jerusalem: 18. Juli 2018, Nena News: Eine zerbrechliche Wand steht zwischen dem Gaza-Streifen und einer neuerlichen israelischen Milit\u00e4roffensive, 4 Jahre nach jener, die mit dem Namen \u00b4Operation Schutzlinie\u00b4 in die Geschichte eingegangen ist und welche \u2013 inklusive der im Nachhinein an ihren Verletzungen Verstorbenen &#8211; ca. 2400 Todesopfer forderte sowie Tausende von Verletzten, au\u00dferdem verursachte sie die komplette oder teilweise Zerst\u00f6rung von Hunderten von Wohnungen, Geb\u00e4uden, und ziviler Infrastruktur. Seit damals wurde Gaza sowohl von der westlichen Welt als auch von den Arabern verlassen. \u00dcber das Gef\u00e4ngnis Gaza haben die internationalen Medien in diesen 4 Jahren nur gesprochen, wenn es Massaker gab, meistens wurde noch dazu die Schuld am Vorgefallenen den Gefangenen und fast nie den Gef\u00e4ngnisw\u00e4rtern angelastet. Vier Jahre nach der \u00b4Operation Schutzlinie\u00b4 ist Gaza am Ende. Die Regierung von Netanyahu und Hamas sind nur mehr einen Schritt von einer bewaffneten Auseinandersetzung entfernt, Ultimatum werden ausgetauscht.<\/p>\n<p>Die gegenseitige Abschreckung hat nur erreicht, dass sich in diesem Moment die beiden Parteien zur\u00fcckhalten, vor allem die israelische. Die islamische Bewegung wei\u00df, dass Gaza, ersch\u00f6pft von der 12 Jahre dauernden israelischen Absperrung keine weitere verheerende Bombardierungskampagne \u00fcberstehen wird, dagegen f\u00fcrchtet Israel, dass die Hamas aus dem Gaza-Streifen Raketen und Sprengk\u00f6rper nach Israel abwirft, die zwar kaum Schaden anrichten aber die es schaffen, die gesamte Bev\u00f6lkerung unter Druck zu setzen. Jetzt ist der Krieg aber nur einen kleinen Schritt entfernt. Auf die aus Gaza geworfenen sogenannten \u00b4brennenden Luftballons\u00b4 &#8211; Kondome mit Helium gef\u00fcllt, die einige Kilometer weit fliegen k\u00f6nnen \u2013 hat die Netanyau-Regierung letzten Samstag mit dem schwersten Luftangriff seit 2014 geantwortet (dabei wurden zwei pal\u00e4stinensische Jugendliche get\u00f6tet). Dann hat sie den Handels-Grenz\u00fcbergang Kerem Shalom geschlossen. Zum Schluss hat Verteidigungsminister Liebermann angek\u00fcndigt, dass er zumindest bis Sonntag die Einfuhr von Treibstoff und Arzneimittel nach Gaza verbieten werde, Lebensmittel werden nur mit jeweiliger Einzelerlaubnis zur Einfuhr freigegeben. Die pal\u00e4stinensischen Fischer d\u00fcrfen nicht weiter als 3 Seemeilen ins Meer hinausfahren. Unvermeidlich darauf erfolgte der \u00b4Beitrag\u00b4 \u00c4gyptens durch die unvorhergesehene Schlie\u00dfung des Rafah-\u00dcberganges zwischen dem Gaza-Streifen und Sinai.<\/p>\n<p>Ma\u00dfnahmen die eher eine Kollektivstrafe sind, wie es die israelische NGO Gisha beschreibt. Die Reaktion eines Sprechers der Hamas, Fawzi Barhum, war die Andeutung dass \u00b4die Wiederer\u00f6ffnung innerhalb von 48 Stunden erfolgen wird\u00b4, falls dem nicht so sein sollte, drohte er \u00b4mit ernsten Konsequenzen\u00b4. Israel dagegen hat ein Ultimatum von 72 Stunden zur Beendigung des Abwerfens der brennenden Ballons, welche auf den israelischen bebauten Feldern Br\u00e4nde ausl\u00f6sen, gegeben. Widrigenfalls w\u00fcrde der Angriff beginnen. Gestern hat Netanyahu in einer Milit\u00e4rbasis in der N\u00e4he des Gazastreifens Besprechungen mit Liebermann und dem Milit\u00e4rstabschef Gady Eisenkot gef\u00fchrt. Am Ende der Besprechung sagte er, dass die \u00b4Armee f\u00fcr alle F\u00e4lle vorbereitet ist\u00b4. Die Milit\u00e4rmaschinerie ist in Bewegung und die Man\u00f6ver im S\u00fcden Israels werden fortgesetzt. Die Zeitungen betonen, dass es sich um Man\u00f6ver handelt, welche die Besetzung von Gaza-City simulieren.<\/p>\n<p>In Gaza w\u00e4chst die Spannung. Die Bewohner neigen dazu, einen neuerlichen Krieg auszuschlie\u00dfen, oder zumindest w\u00fcnschen sie das, aber sie stehen Schlange vor den Benzinverteilern um den Tank zu f\u00fcllen, weil sich d\u00fcstere Zeiten ank\u00fcndigen. Wer ein wenig Geld hat \u2013 und in Gaza sind das wirklich wenige \u2013 macht Vorratsk\u00e4ufe. Es w\u00e4chst auch der Unmut dar\u00fcber wie sich der \u00b4Marsch der R\u00fcckkehr\u00b4 entwickelte. Nahe an der Grenze zu Israel sind seit 30. M\u00e4rz mindestens 139 Menschen durch das Feuer israelischer Scharfsch\u00fctzen gefallen, Tausende von Menschen wurden verletzt. Der Marsch begann mit gro\u00dfen Demonstrationen der Bev\u00f6lkerung, welche die Beendigung der unertr\u00e4glichen Absperrung des Gaza-Streifens forderte. Sp\u00e4ter wurden diese Demonstrationen durch das Werfen von \u00b4brennenden Luftballons\u00b4 begleitet und noch sp\u00e4ter \u2013 durch eine Entscheidung der Hamas \u2013 durch diese ersetzt. Eine Aktion, welche das Urteil der internationalen Medien, welche bereits sehr voreingenommen waren, noch weiter zu Gunsten des israelischen Narrativs der Vorf\u00e4lle ausfallen l\u00e4sst. Auf Kosten der Aufmerksamkeit, welche der Marsch der R\u00fcckkehr auf das Gef\u00e4ngnis Gaza lenkte.<\/p>\n<p>Im Hintergrund dieses vor der T\u00fcr stehenden Krieges ist das `Schweigen\u00b4 des Pr\u00e4sidenten der Pal\u00e4stinensischen Autorit\u00e4t, Abu Mazen. Der Leader der PA z\u00f6gerte nicht, Sanktionen gegen Gaza zu ergreifen, um die Hamas zu bestrafen. Das hat aber nur die Bev\u00f6lkerung getroffen, ohne die Kontrolle der Islamisten \u00fcber den Gaza-Streifen zu beenden. Ein absurder Kampf um eine nutzlose Autorit\u00e4t \u00fcber Gaza und kleine Teile der Westbank, das Gef\u00e4ngnis, in dem Abu Mazen und Hamas von den Besetzern eingesperrt wurden.<\/p>\n<p>&nbsp;<\/p>\n","protected":false},"excerpt":{"rendered":"<p>Am 19.Juli 2018 fand eine Demonstration in Mailand https:\/\/www.facebook.com\/events\/628217647543816\/ `Gaza &#8211; chiusi tutti i valichi!` mit folgendem Aufruf statt: &nbsp; Artikel von Michele Giorgio \u2013 Il Manifesto Original auf Italienisch aus: info@parallelopalestina.it &nbsp; Gaza wurde sowohl von der westlichen Welt als auch von den Arabern verlassen. \u00dcber das Gef\u00e4ngnis Gaza sprechen die internationalen Medien nur &hellip; <a href=\"http:\/\/www.friedensplattform.at\/?p=4788\" class=\"more-link\"><span class=\"screen-reader-text\">`Gaza &#8211; Alle Ausg\u00e4nge sind geschlossen!`<\/span> weiterlesen <span class=\"meta-nav\">&rarr;<\/span><\/a><\/p>\n","protected":false},"author":5,"featured_media":0,"comment_status":"open","ping_status":"open","sticky":false,"template":"","format":"standard","meta":{"footnotes":""},"categories":[18],"tags":[],"class_list":["post-4788","post","type-post","status-publish","format-standard","hentry","category-palaestina-solidaritaet"],"_links":{"self":[{"href":"http:\/\/www.friedensplattform.at\/index.php?rest_route=\/wp\/v2\/posts\/4788","targetHints":{"allow":["GET"]}}],"collection":[{"href":"http:\/\/www.friedensplattform.at\/index.php?rest_route=\/wp\/v2\/posts"}],"about":[{"href":"http:\/\/www.friedensplattform.at\/index.php?rest_route=\/wp\/v2\/types\/post"}],"author":[{"embeddable":true,"href":"http:\/\/www.friedensplattform.at\/index.php?rest_route=\/wp\/v2\/users\/5"}],"replies":[{"embeddable":true,"href":"http:\/\/www.friedensplattform.at\/index.php?rest_route=%2Fwp%2Fv2%2Fcomments&post=4788"}],"version-history":[{"count":1,"href":"http:\/\/www.friedensplattform.at\/index.php?rest_route=\/wp\/v2\/posts\/4788\/revisions"}],"predecessor-version":[{"id":4789,"href":"http:\/\/www.friedensplattform.at\/index.php?rest_route=\/wp\/v2\/posts\/4788\/revisions\/4789"}],"wp:attachment":[{"href":"http:\/\/www.friedensplattform.at\/index.php?rest_route=%2Fwp%2Fv2%2Fmedia&parent=4788"}],"wp:term":[{"taxonomy":"category","embeddable":true,"href":"http:\/\/www.friedensplattform.at\/index.php?rest_route=%2Fwp%2Fv2%2Fcategories&post=4788"},{"taxonomy":"post_tag","embeddable":true,"href":"http:\/\/www.friedensplattform.at\/index.php?rest_route=%2Fwp%2Fv2%2Ftags&post=4788"}],"curies":[{"name":"wp","href":"https:\/\/api.w.org\/{rel}","templated":true}]}}