{"id":4806,"date":"2018-09-27T19:32:10","date_gmt":"2018-09-27T19:32:10","guid":{"rendered":"http:\/\/www.friedensplattform.at\/?p=4806"},"modified":"2018-09-27T19:32:10","modified_gmt":"2018-09-27T19:32:10","slug":"beschwerden-wg-prozess-zu-gaza-demo-2014","status":"publish","type":"post","link":"http:\/\/www.friedensplattform.at\/?p=4806","title":{"rendered":"Beschwerden wg Prozess zu Gaza Demo 2014"},"content":{"rendered":"<p>Im Juli 2014 fand in Graz eine Demonstration der Steirischen Friedensplattform gegen die israelische Milit\u00e4roperation \u201eProtective Edge\u201c statt, welche damals gerade einen tragischen H\u00f6hepunkt mit der Bombardierung des Gaza-Streifens und Beginn einer Bodenoffensive erreichte. <!--more--><\/p>\n<p>2017 hat die Staatsanwaltschaft Graz, nach intensiver dreij\u00e4hriger Recherche, Anklage gegen einen jungen Mann \u00e4gyptischer Herkunft erhoben, wegen dreier Tatbest\u00e4nde: N\u00f6tigung (Wegnehmen der israelischen Fahne von den Provokateuren), Sachbesch\u00e4digung (der israelischen Fahne), und Verhetzung (die Verbrennung der Fahne sei gegen die Religionsgemeinschaft der J\u00fcdInnen gerichtet). Im Juni 2018 folgte das Urteil: Schuldspruch in allen drei Anklagepunkten.<br \/>\nGegen das Urteil wurde Berufung eingelegt.<\/p>\n<p>Wegen der diskriminierenden Verhandlungsf\u00fchrung von Richter und Staatsanwalt haben wir Beschwerde erhoben:<\/p>\n<p><a href=\"http:\/\/www.friedensplattform.at\/wp-content\/uploads\/2018\/09\/Beschwerde-Justiz-Gaza-2014-oA.pdf\">Beschwerde Justiz Gaza 2014 oA<\/a><\/p>\n<p><a href=\"http:\/\/www.friedensplattform.at\/wp-content\/uploads\/2018\/09\/Beschwerde-Staatsanwalt-Gaza-2014-oA.pdf\">Beschwerde Staatsanwalt Gaza 2014 oA<\/a><\/p>\n<p>Auch an die Polizei haben wir einen Beschwerdebrief geschrieben:<\/p>\n<p><a href=\"http:\/\/www.friedensplattform.at\/wp-content\/uploads\/2018\/09\/Beschwerde-Landespolizeidirektor-Gaza-2014-oA.pdf\">Beschwerde Landespolizeidirektor Gaza 2014 oA<\/a><\/p>\n","protected":false},"excerpt":{"rendered":"<p>Im Juli 2014 fand in Graz eine Demonstration der Steirischen Friedensplattform gegen die israelische Milit\u00e4roperation \u201eProtective Edge\u201c statt, welche damals gerade einen tragischen H\u00f6hepunkt mit der Bombardierung des Gaza-Streifens und Beginn einer Bodenoffensive erreichte.<\/p>\n","protected":false},"author":3,"featured_media":0,"comment_status":"open","ping_status":"open","sticky":false,"template":"","format":"standard","meta":{"footnotes":""},"categories":[1,4,18],"tags":[],"class_list":["post-4806","post","type-post","status-publish","format-standard","hentry","category-allgemein","category-antirassismus","category-palaestina-solidaritaet"],"_links":{"self":[{"href":"http:\/\/www.friedensplattform.at\/index.php?rest_route=\/wp\/v2\/posts\/4806","targetHints":{"allow":["GET"]}}],"collection":[{"href":"http:\/\/www.friedensplattform.at\/index.php?rest_route=\/wp\/v2\/posts"}],"about":[{"href":"http:\/\/www.friedensplattform.at\/index.php?rest_route=\/wp\/v2\/types\/post"}],"author":[{"embeddable":true,"href":"http:\/\/www.friedensplattform.at\/index.php?rest_route=\/wp\/v2\/users\/3"}],"replies":[{"embeddable":true,"href":"http:\/\/www.friedensplattform.at\/index.php?rest_route=%2Fwp%2Fv2%2Fcomments&post=4806"}],"version-history":[{"count":1,"href":"http:\/\/www.friedensplattform.at\/index.php?rest_route=\/wp\/v2\/posts\/4806\/revisions"}],"predecessor-version":[{"id":4810,"href":"http:\/\/www.friedensplattform.at\/index.php?rest_route=\/wp\/v2\/posts\/4806\/revisions\/4810"}],"wp:attachment":[{"href":"http:\/\/www.friedensplattform.at\/index.php?rest_route=%2Fwp%2Fv2%2Fmedia&parent=4806"}],"wp:term":[{"taxonomy":"category","embeddable":true,"href":"http:\/\/www.friedensplattform.at\/index.php?rest_route=%2Fwp%2Fv2%2Fcategories&post=4806"},{"taxonomy":"post_tag","embeddable":true,"href":"http:\/\/www.friedensplattform.at\/index.php?rest_route=%2Fwp%2Fv2%2Ftags&post=4806"}],"curies":[{"name":"wp","href":"https:\/\/api.w.org\/{rel}","templated":true}]}}