{"id":4828,"date":"2018-10-27T19:47:31","date_gmt":"2018-10-27T19:47:31","guid":{"rendered":"http:\/\/www.friedensplattform.at\/?p=4828"},"modified":"2018-10-27T19:47:54","modified_gmt":"2018-10-27T19:47:54","slug":"die-probleme-der-israelischen-kinder-vs-die-probleme-der-kinder-im-gazastreifen","status":"publish","type":"post","link":"http:\/\/www.friedensplattform.at\/?p=4828","title":{"rendered":"Die Probleme der israelischen Kinder vs. die Probleme der Kinder im Gazastreifen"},"content":{"rendered":"<p>Wer dachte, dass die Kinder aus Jabalya, die sehns\u00fcchtig auf die Kinder des Kibbuz Mefalsim blicken, unt\u00e4tig zusehen und ihr Schicksal akzeptieren w\u00fcrden, kennt die Menschheitsgeschichte und die menschliche Seele nicht.<\/p>\n<p><a href=\"http:\/\/www.friedensplattform.at\/wp-content\/uploads\/2018\/10\/levy251018_1.pdf\">levy251018_1<\/a><\/p>\n","protected":false},"excerpt":{"rendered":"<p>Wer dachte, dass die Kinder aus Jabalya, die sehns\u00fcchtig auf die Kinder des Kibbuz Mefalsim blicken, unt\u00e4tig zusehen und ihr Schicksal akzeptieren w\u00fcrden, kennt die Menschheitsgeschichte und die menschliche Seele nicht. levy251018_1<\/p>\n","protected":false},"author":5,"featured_media":0,"comment_status":"open","ping_status":"open","sticky":false,"template":"","format":"standard","meta":{"footnotes":""},"categories":[17,18],"tags":[],"class_list":["post-4828","post","type-post","status-publish","format-standard","hentry","category-meinung","category-palaestina-solidaritaet"],"_links":{"self":[{"href":"http:\/\/www.friedensplattform.at\/index.php?rest_route=\/wp\/v2\/posts\/4828","targetHints":{"allow":["GET"]}}],"collection":[{"href":"http:\/\/www.friedensplattform.at\/index.php?rest_route=\/wp\/v2\/posts"}],"about":[{"href":"http:\/\/www.friedensplattform.at\/index.php?rest_route=\/wp\/v2\/types\/post"}],"author":[{"embeddable":true,"href":"http:\/\/www.friedensplattform.at\/index.php?rest_route=\/wp\/v2\/users\/5"}],"replies":[{"embeddable":true,"href":"http:\/\/www.friedensplattform.at\/index.php?rest_route=%2Fwp%2Fv2%2Fcomments&post=4828"}],"version-history":[{"count":5,"href":"http:\/\/www.friedensplattform.at\/index.php?rest_route=\/wp\/v2\/posts\/4828\/revisions"}],"predecessor-version":[{"id":4837,"href":"http:\/\/www.friedensplattform.at\/index.php?rest_route=\/wp\/v2\/posts\/4828\/revisions\/4837"}],"wp:attachment":[{"href":"http:\/\/www.friedensplattform.at\/index.php?rest_route=%2Fwp%2Fv2%2Fmedia&parent=4828"}],"wp:term":[{"taxonomy":"category","embeddable":true,"href":"http:\/\/www.friedensplattform.at\/index.php?rest_route=%2Fwp%2Fv2%2Fcategories&post=4828"},{"taxonomy":"post_tag","embeddable":true,"href":"http:\/\/www.friedensplattform.at\/index.php?rest_route=%2Fwp%2Fv2%2Ftags&post=4828"}],"curies":[{"name":"wp","href":"https:\/\/api.w.org\/{rel}","templated":true}]}}