{"id":4838,"date":"2018-10-30T20:28:09","date_gmt":"2018-10-30T20:28:09","guid":{"rendered":"http:\/\/www.friedensplattform.at\/?p=4838"},"modified":"2018-11-09T05:53:13","modified_gmt":"2018-11-09T05:53:13","slug":"im-einsatz-fuer-den-frieden","status":"publish","type":"post","link":"http:\/\/www.friedensplattform.at\/?p=4838","title":{"rendered":"Im Einsatz f\u00fcr den Frieden"},"content":{"rendered":"<h2>Bericht aus Pal\u00e4stina mit Christine H\u00f6dl<\/h2>\n<h3>Zeit: Donnerstag, 8.11., 19:00 Uhr<br \/>\nOrt: Chic Ethic, Tummelplatz 9, Graz<br \/>\nKontakt: verein@chic-ethic.at<\/h3>\n<p>Seit 2002 gibt es das \u00d6kumenische Begleitprogramm EAPPI in<br \/>\nIsreael und Pal\u00e4stina.<\/p>\n<p><!--more--><\/p>\n<p>Das Ziel: Freiwillige BegleiterInnen werden<br \/>\nnach Pal\u00e4stina und Israel entsandt, um Menschenrechtsverletzungen<br \/>\nzu beobachten, festzuhalten und die gesammelten Daten anderen Organisationen<br \/>\nzur Verf\u00fcgung zu stellen. Au\u00dferdem unterst\u00fctzt EAPPI<br \/>\ngewaltfreie Bem\u00fchungen von Friedensaktivisten aus beiden L\u00e4ndern.<br \/>\nDie \u00d6sterreicherin Christine H\u00f6dl hat 2016 im Rahmen von EAPPI einige<br \/>\nMonate in Pal\u00e4stina verbracht, dort die Lage beobachtet und<br \/>\nMenschen bei ihren Friedensbem\u00fchungen begleitet. Am 8. November<br \/>\nberichtet sie bei uns von ihren Erfahrungen und zeigt Bilder von ihrem<br \/>\nEinsatz in Pal\u00e4stina. Im Anschluss laden wir Sie zu einer kleinen Verkostung<br \/>\nvon Fair-Trade-Lebensmitteln, u.a. aus Pal\u00e4stina, ein.<\/p>\n<p>&nbsp;<\/p>\n<p><a href=\"http:\/\/www.friedensplattform.at\/wp-content\/uploads\/2018\/10\/2018-11_Palaestina_Desktop.pdf\">2018-11_Palaestina_Desktop<\/a><\/p>\n<p>&nbsp;<\/p>\n","protected":false},"excerpt":{"rendered":"<p>Bericht aus Pal\u00e4stina mit Christine H\u00f6dl Zeit: Donnerstag, 8.11., 19:00 Uhr Ort: Chic Ethic, Tummelplatz 9, Graz Kontakt: verein@chic-ethic.at Seit 2002 gibt es das \u00d6kumenische Begleitprogramm EAPPI in Isreael und Pal\u00e4stina.<\/p>\n","protected":false},"author":2,"featured_media":0,"comment_status":"open","ping_status":"open","sticky":false,"template":"","format":"standard","meta":{"footnotes":""},"categories":[1],"tags":[],"class_list":["post-4838","post","type-post","status-publish","format-standard","hentry","category-allgemein"],"_links":{"self":[{"href":"http:\/\/www.friedensplattform.at\/index.php?rest_route=\/wp\/v2\/posts\/4838","targetHints":{"allow":["GET"]}}],"collection":[{"href":"http:\/\/www.friedensplattform.at\/index.php?rest_route=\/wp\/v2\/posts"}],"about":[{"href":"http:\/\/www.friedensplattform.at\/index.php?rest_route=\/wp\/v2\/types\/post"}],"author":[{"embeddable":true,"href":"http:\/\/www.friedensplattform.at\/index.php?rest_route=\/wp\/v2\/users\/2"}],"replies":[{"embeddable":true,"href":"http:\/\/www.friedensplattform.at\/index.php?rest_route=%2Fwp%2Fv2%2Fcomments&post=4838"}],"version-history":[{"count":1,"href":"http:\/\/www.friedensplattform.at\/index.php?rest_route=\/wp\/v2\/posts\/4838\/revisions"}],"predecessor-version":[{"id":4840,"href":"http:\/\/www.friedensplattform.at\/index.php?rest_route=\/wp\/v2\/posts\/4838\/revisions\/4840"}],"wp:attachment":[{"href":"http:\/\/www.friedensplattform.at\/index.php?rest_route=%2Fwp%2Fv2%2Fmedia&parent=4838"}],"wp:term":[{"taxonomy":"category","embeddable":true,"href":"http:\/\/www.friedensplattform.at\/index.php?rest_route=%2Fwp%2Fv2%2Fcategories&post=4838"},{"taxonomy":"post_tag","embeddable":true,"href":"http:\/\/www.friedensplattform.at\/index.php?rest_route=%2Fwp%2Fv2%2Ftags&post=4838"}],"curies":[{"name":"wp","href":"https:\/\/api.w.org\/{rel}","templated":true}]}}