{"id":4938,"date":"2018-12-20T08:15:27","date_gmt":"2018-12-20T08:15:27","guid":{"rendered":"http:\/\/www.friedensplattform.at\/?p=4938"},"modified":"2018-12-20T08:17:59","modified_gmt":"2018-12-20T08:17:59","slug":"protestkundgebung-gegen-israel-sicherheitscamp-erfolgt","status":"publish","type":"post","link":"http:\/\/www.friedensplattform.at\/?p=4938","title":{"rendered":"Protestkundgebung gegen israel. &#8222;Sicherheitscamp&#8220; erfolgt!"},"content":{"rendered":"<p><img loading=\"lazy\" decoding=\"async\" class=\"spotlight alignleft\" src=\"https:\/\/scontent-vie1-1.xx.fbcdn.net\/v\/t1.0-9\/48404734_10155680555961793_2296751697319428096_n.jpg?_nc_cat=105&amp;_nc_ht=scontent-vie1-1.xx&amp;oh=ca98ad8d91fff391cdf9922644a4a04f&amp;oe=5C8E19D8\" alt=\"\" width=\"348\" height=\"196\" \/><\/p>\n<p>Am 19. Dez haben wir, die Steirische Friedensplattform, stellvertretend f\u00fcr unsere MitaktivistInnen Frauen in Schwarz\/Wien und AIK\/Wien, eine Kundgebung mit ca 10 Personen vor dem Hotel Fabiani in Mureck durchgef\u00fchrt.<\/p>\n<p><!--more--><\/p>\n<p>In diesem Hotel trainiert die ISA (Inter. Sec. Acad. Israel) unter einem &#8222;hochrangigen Mossad-Offizier&#8220;.(lt. APA-Meldung).<\/p>\n<p>Der Tenor in der Bev\u00f6lkerung, w\u00e4hrend unserer Flugblattverteilungsaktion im Vorfeld, war durchgehend negativ gegen\u00fcber dieser &#8222;Academy&#8220;, die martialisches Schie\u00dftraining auf ihrer fb-Seite anpreist.<\/p>\n<p>Die Reaktionen reichten von ungl\u00e4ubigem Kopfsch\u00fctteln bis hin zu einer klar ablehnenden Haltung.<br \/>\nEine Dame meinte<span class=\"text_exposed_show\">: &#8222;Wir haben einen kleine, aber feinen Tourismusbetrieb hier in Mureck. Es kann daf\u00fcr nicht f\u00f6rderlich sein, wenn sich solche Einrichtungen ansiedeln.&#8220;<br \/>\nMehrere Leute \u00e4u\u00dferten Bedenken dar\u00fcber, welche Personen so ein Camp nach Mureck bringen w\u00fcrde. &#8222;An Rambos haben wir keinen Bedarf&#8220;, hie\u00df es.<br \/>\nEin Herr sagte:&#8220;Ich bin sicher, unser B\u00fcrgermeister wird dagegen was unternehmen. Wir brauchen das hier nicht. Es gibt keine Bedrohungen.&#8220;<br \/>\nViele Leute, mit denen wir gesprochen haben, vertrauen auf ihre politischen VertreterInnen vor Ort. B\u00fcrgermeister Toni Vukan kommt in den ORF-Beitr\u00e4gen zu Wort.<br \/>\n<\/span><\/p>\n<p>Dank der Presseberichte wissen nun viele BewohnerInnen des Grenzlands \u00fcber dieses Vorhaben Bescheid.<\/p>\n<p>Den wenigen, die laut &#8222;Antisemitismus&#8220; schreien, sagen wir: Bitte vor der eigenen Haust\u00fcre kehren! \u00d6sterreich hat noch genug Altlasten zu bew\u00e4ltigen, wie u.a. die diversen Ausw\u00fcchse nach Rechtsau\u00dfen von FP\u00d6-PolitikerInnen zeigen. Die Last der europ\u00e4ischen Geschichte des Nationalsozialismus wurde den Pal\u00e4stinenserInnen mitaufgeb\u00fcrdet! Es geht jetzt darum, sich f\u00fcr eine gerechte L\u00f6sung um das Land und alle seine Menschen einzusetzen. Nur so kann Frieden erreicht werden!<\/p>\n<p>PRESSEBERICHTE zur PROTESTAKTION<\/p>\n<p><a href=\"https:\/\/tvthek.orf.at\/profile\/Steiermark-heute\/70020\/Steiermark-heute\/13998925?fbclid=IwAR3BWGTagasC7xSaRdL1pHoCJ0nAGAGRVuRfzng9pKJD7ZkGPzhFIzyNdQQ\">https:\/\/tvthek.orf.at\/profile\/Steiermark-heute\/70020\/Steiermark-heute\/13998925?fbclid=IwAR3BWGTagasC7xSaRdL1pHoCJ0nAGAGRVuRfzng9pKJD7ZkGPzhFIzyNdQQ<\/a><\/p>\n<p><a href=\"https:\/\/tvthek.orf.at\/profile\/Aktuell-in-Oesterreich\/13887571\">https:\/\/tvthek.orf.at\/profile\/Aktuell-in-Oesterreich\/13887571<\/a>,\u00a0 ab 12:46<\/p>\n","protected":false},"excerpt":{"rendered":"<p>Am 19. Dez haben wir, die Steirische Friedensplattform, stellvertretend f\u00fcr unsere MitaktivistInnen Frauen in Schwarz\/Wien und AIK\/Wien, eine Kundgebung mit ca 10 Personen vor dem Hotel Fabiani in Mureck durchgef\u00fchrt.<\/p>\n","protected":false},"author":3,"featured_media":0,"comment_status":"open","ping_status":"open","sticky":false,"template":"","format":"standard","meta":{"footnotes":""},"categories":[1,18],"tags":[],"class_list":["post-4938","post","type-post","status-publish","format-standard","hentry","category-allgemein","category-palaestina-solidaritaet"],"_links":{"self":[{"href":"http:\/\/www.friedensplattform.at\/index.php?rest_route=\/wp\/v2\/posts\/4938","targetHints":{"allow":["GET"]}}],"collection":[{"href":"http:\/\/www.friedensplattform.at\/index.php?rest_route=\/wp\/v2\/posts"}],"about":[{"href":"http:\/\/www.friedensplattform.at\/index.php?rest_route=\/wp\/v2\/types\/post"}],"author":[{"embeddable":true,"href":"http:\/\/www.friedensplattform.at\/index.php?rest_route=\/wp\/v2\/users\/3"}],"replies":[{"embeddable":true,"href":"http:\/\/www.friedensplattform.at\/index.php?rest_route=%2Fwp%2Fv2%2Fcomments&post=4938"}],"version-history":[{"count":3,"href":"http:\/\/www.friedensplattform.at\/index.php?rest_route=\/wp\/v2\/posts\/4938\/revisions"}],"predecessor-version":[{"id":4942,"href":"http:\/\/www.friedensplattform.at\/index.php?rest_route=\/wp\/v2\/posts\/4938\/revisions\/4942"}],"wp:attachment":[{"href":"http:\/\/www.friedensplattform.at\/index.php?rest_route=%2Fwp%2Fv2%2Fmedia&parent=4938"}],"wp:term":[{"taxonomy":"category","embeddable":true,"href":"http:\/\/www.friedensplattform.at\/index.php?rest_route=%2Fwp%2Fv2%2Fcategories&post=4938"},{"taxonomy":"post_tag","embeddable":true,"href":"http:\/\/www.friedensplattform.at\/index.php?rest_route=%2Fwp%2Fv2%2Ftags&post=4938"}],"curies":[{"name":"wp","href":"https:\/\/api.w.org\/{rel}","templated":true}]}}