{"id":5045,"date":"2019-04-24T08:37:53","date_gmt":"2019-04-24T08:37:53","guid":{"rendered":"http:\/\/www.friedensplattform.at\/?p=5045"},"modified":"2019-04-24T08:37:53","modified_gmt":"2019-04-24T08:37:53","slug":"hanin-zoabi-am-8-mai-in-graz","status":"publish","type":"post","link":"http:\/\/www.friedensplattform.at\/?p=5045","title":{"rendered":"Hanin Zoabi am 8. Mai in Graz!"},"content":{"rendered":"<p style=\"text-align: center;\"><strong>Kolonialismus <\/strong><strong>und\/oder <\/strong><strong>Demo<\/strong><strong>kratie<\/strong><\/p>\n<p style=\"text-align: center;\"><strong>Vortrag &amp; Diskussion <\/strong><strong>mit der pal\u00e4stinensischen Politikerin und Knesset Abgeordneten<\/strong><\/p>\n<p style=\"text-align: center;\"><strong>Hanin Zoabi<\/strong><\/p>\n<p><span style=\"color: #ff0000;\"><strong>Mittwoch, 8. Mai<\/strong><\/span><\/p>\n<p><span style=\"color: #ff0000;\"><strong>18:00<\/strong><\/span><\/p>\n<p><strong><span style=\"color: #ff0000;\">Universit\u00e4t Graz (Wall-Zentrum), Merangasse 70<\/span> <\/strong><\/p>\n<p><em>In Kooperation mit dem Arabisch-Lehrgang am Institut f\u00fcr Translationswissenschaft<\/em><\/p>\n<p><!--more--><a href=\"http:\/\/www.friedensplattform.at\/wp-content\/uploads\/2019\/04\/Ank_VA-H-Zoabi-Graz_fin.pdf\">Ank_VA H Zoabi Graz_fin<\/a><\/p>\n<p>Sie war die erste arabische Frau im israelischen Parlament. Und sie ist eine K\u00e4mpferin f\u00fcr die Rechte der Unterdr\u00fcckten, insbesondere des pal\u00e4stinensi\u00adschen Volkes und der Frauen. So hat sie sich an der Flottille 2010 gegen die Blockade des Gaza-Streifens beteiligt, bei der mehrere Teilnehmer durch israeli\u00adsche Soldaten get\u00f6tet wurden. Sie wurde bespuckt, angegriffen, f\u00fcr Monate aus der Knesset gesperrt. Man wollte sie sogar wegen Hochverrats und Terrorismus vor Gericht stellen. Dabei drehen sich all ihre Auftritte immer nur um eine Sa\u00adche: gleiche Rechte und Demokratie f\u00fcr alle, f\u00fcr J\u00fcdInnen wie f\u00fcr Pal\u00e4stinenser\u00adInnen, auch die in den besetzten Gebieten und f\u00fcr die Vertriebenen.<\/p>\n<p>Welche L\u00f6sungen gibt es, nachdem der israelischen Zur\u00fcckweisung eines pal\u00e4stinensischen Staates weder von USA noch EU entgegnet wird?<\/p>\n<p>Veranstalterin: Pal\u00e4stina Solidarit\u00e4t \u00d6sterreich<\/p>\n<p>Unterst\u00fctzerInnen: Antiimperialistische Koordination (AIK), Gesellschaft f\u00fcr \u00d6sterreichisch-Arabische Beziehungen (G\u00d6AB), Steirische Friedensplattform, Pal\u00e4stina Solidarit\u00e4t Steiermark, Frauen in Schwarz Wien, Gaza Muss Leben, Handala Pal\u00e4stinensisches Kulturforum, Pal\u00e4stinensischer \u00c4rzte- und Apothekerverein (PAAV), BDS, Dar al Janub, Solidarwerkstatt \u00d6sterreich<\/p>\n","protected":false},"excerpt":{"rendered":"<p>Kolonialismus und\/oder Demokratie Vortrag &amp; Diskussion mit der pal\u00e4stinensischen Politikerin und Knesset Abgeordneten Hanin Zoabi Mittwoch, 8. Mai 18:00 Universit\u00e4t Graz (Wall-Zentrum), Merangasse 70 In Kooperation mit dem Arabisch-Lehrgang am Institut f\u00fcr Translationswissenschaft<\/p>\n","protected":false},"author":3,"featured_media":0,"comment_status":"open","ping_status":"open","sticky":false,"template":"","format":"standard","meta":{"footnotes":""},"categories":[1,18,21],"tags":[],"class_list":["post-5045","post","type-post","status-publish","format-standard","hentry","category-allgemein","category-palaestina-solidaritaet","category-veranstaltungshinweise"],"_links":{"self":[{"href":"http:\/\/www.friedensplattform.at\/index.php?rest_route=\/wp\/v2\/posts\/5045","targetHints":{"allow":["GET"]}}],"collection":[{"href":"http:\/\/www.friedensplattform.at\/index.php?rest_route=\/wp\/v2\/posts"}],"about":[{"href":"http:\/\/www.friedensplattform.at\/index.php?rest_route=\/wp\/v2\/types\/post"}],"author":[{"embeddable":true,"href":"http:\/\/www.friedensplattform.at\/index.php?rest_route=\/wp\/v2\/users\/3"}],"replies":[{"embeddable":true,"href":"http:\/\/www.friedensplattform.at\/index.php?rest_route=%2Fwp%2Fv2%2Fcomments&post=5045"}],"version-history":[{"count":1,"href":"http:\/\/www.friedensplattform.at\/index.php?rest_route=\/wp\/v2\/posts\/5045\/revisions"}],"predecessor-version":[{"id":5047,"href":"http:\/\/www.friedensplattform.at\/index.php?rest_route=\/wp\/v2\/posts\/5045\/revisions\/5047"}],"wp:attachment":[{"href":"http:\/\/www.friedensplattform.at\/index.php?rest_route=%2Fwp%2Fv2%2Fmedia&parent=5045"}],"wp:term":[{"taxonomy":"category","embeddable":true,"href":"http:\/\/www.friedensplattform.at\/index.php?rest_route=%2Fwp%2Fv2%2Fcategories&post=5045"},{"taxonomy":"post_tag","embeddable":true,"href":"http:\/\/www.friedensplattform.at\/index.php?rest_route=%2Fwp%2Fv2%2Ftags&post=5045"}],"curies":[{"name":"wp","href":"https:\/\/api.w.org\/{rel}","templated":true}]}}