{"id":5049,"date":"2019-04-25T19:58:31","date_gmt":"2019-04-25T19:58:31","guid":{"rendered":"http:\/\/www.friedensplattform.at\/?p=5049"},"modified":"2019-04-30T07:11:18","modified_gmt":"2019-04-30T07:11:18","slug":"grazsteirische-friedensplattform-4-mai-2019-protestkundgebung-zu-den-aktuelle-ereignisse-im-maghreb","status":"publish","type":"post","link":"http:\/\/www.friedensplattform.at\/?p=5049","title":{"rendered":"Steirische Friedensplattform 4.Mai 2019: Protestkundgebung zu den aktuellen Ereignissen im Maghreb"},"content":{"rendered":"<div class=\"meta\"><\/div>\n<div class=\"storycontent\">\n<h3><b>Samstag, 4.Mai 2019 von 15 bis 18:00<\/b><br \/>\nam Hauptplatz\/ Ecke Sporgasse.<br \/>\n<a href=\"http:\/\/www.friedensplattform.at\/\" target=\"_blank\" rel=\"noopener noreferrer\">Steirische Friedensplattform<\/a><br \/>\n<span id=\"more-13630\"><\/span><\/h3>\n<p><!--more--><\/p>\n<div class=\"wp-caption alignleft\">\n<p><img loading=\"lazy\" decoding=\"async\" class=\"thumbimage\" src=\"https:\/\/upload.wikimedia.org\/wikipedia\/commons\/thumb\/f\/f1\/Maghreb2.jpg\/220px-Maghreb2.jpg\" alt=\"L\u00e4nder die zum Maghreb gez\u00e4hlt werden\" width=\"171\" height=\"101\" data-file-width=\"476\" data-file-height=\"281\" \/><\/p>\n<p class=\"wp-caption-text\">Maghreb \u2013 im weiteren Sinn (Quelle: <a href=\"https:\/\/de.wikipedia.org\/wiki\/Maghreb\" target=\"_blank\" rel=\"noopener noreferrer\">Wikipedia<\/a>)<\/p>\n<\/div>\n<p>Der Maghreb \u2013 im egeren Sinn das Gebiet von Tunesien bis Marokko \u2013 ist ein uralter Kulturraum und unmittelbarer Nachbar der EU droht wieder ein riesiges Konfliktgebiet zu werden. Lokale Machtinteressen aber auch die internationalen Machtgruppen sch\u00fcren Kriege und Konflikte ums den an Rohstoffen reichen Gebiet in ihren Einfluss zu bekommen. Krieg, Flucht, Vertreibung sind die Folgen. Diese Vorg\u00e4nge betreffen den gesamten nordafrikanischen Raum \u2013 einschlie\u00dflich Libyen. Selbst Marokko, das bisher als ruhiges Urlaubsland beliebt war, wird durch die Vorg\u00e4nge in den Grenzgebieten zu Algerien und Westsahara betroffen.<\/p>\n<p>Die EU spielt dabei eine fragw\u00fcrdige Rolle: Einerseits ist sie an den Konflikten als Verursacher und Interessent politisch beteiligt \u2013 anderseits ignoriert sie die Konfliktlage und tut so, als w\u00e4ren die Maghrebstaaten sichere Drittstaaten und schiebt Fl\u00fcchtlinge aus diesem Raum vrest\u00e4rkt dorthin zur\u00fcck. Besonders unappetitlich ist dabei das Abkommen mit Libyen, bei dem die EU so tut, als w\u00e4re Libyen ein friedliches Land.<\/p>\n<p>Links zu weiterer Info:<\/p>\n<p><a href=\"https:\/\/www.spiegel.de\/politik\/deutschland\/sichere-herkunftslaender-im-bundesrat-bodo-ramelow-und-die-thueringer-taktiker-a-1255323.html\" target=\"_blank\" rel=\"noopener noreferrer\">https:\/\/www.spiegel.de\/politik\/deutschland\/sichere-herkunftslaender-im-bundesrat-bodo-ramelow-und-die-thueringer-taktiker-a-1255323.html<\/a><\/p>\n<p><a href=\"https:\/\/www.spiegel.de\/wirtschaft\/unternehmen\/waffenhandel-wenn-deutsche-bomben-toeten-a-1141211.html\" target=\"_blank\" rel=\"noopener noreferrer\">https:\/\/www.spiegel.de\/wirtschaft\/unternehmen\/waffenhandel-wenn-deutsche-bomben-toeten-a-1141211.html<\/a><\/p>\n<p><a href=\"https:\/\/www.faz.net\/aktuell\/politik\/thema\/maghreb\" target=\"_blank\" rel=\"noopener noreferrer\">https:\/\/www.faz.net\/aktuell\/politik\/thema\/maghreb<\/a><\/p>\n<p><a href=\"https:\/\/www.spiegel.de\/politik\/ausland\/aufstaende-im-sudan-und-in-algerien-nordafrika-rebelliert-europa-sieht-weg-a-1263961.html\" target=\"_blank\" rel=\"noopener noreferrer\">https:\/\/www.spiegel.de\/politik\/ausland\/aufstaende-im-sudan-und-in-algerien-nordafrika-rebelliert-europa-sieht-weg-a-1263961.html<\/a><\/p>\n<p><a href=\"https:\/\/www.heise.de\/tp\/features\/Libyen-Ohnmacht-und-Angst-der-EU-vor-Krieg-und-Flucht-4405444.html\" target=\"_blank\" rel=\"noopener noreferrer\">https:\/\/www.heise.de\/tp\/features\/Libyen-Ohnmacht-und-Angst-der-EU-vor-Krieg-und-Flucht-4405444.html<\/a><\/p>\n<p><a href=\"http:\/\/www.dnn.de\/Nachrichten\/Politik\/Buergerkrieg-Milizen-bedrohen-Libyens-Hauptstadt-Tripolis-und-Hunderte-Fluechtlinge\" target=\"_blank\" rel=\"noopener noreferrer\">http:\/\/www.dnn.de\/Nachrichten\/Politik\/Buergerkrieg-Milizen-bedrohen-Libyens-Hauptstadt-Tripolis-und-Hunderte-Fluechtlinge<\/a><\/p>\n<p>&nbsp;<\/p>\n<\/div>\n<p>&nbsp;<\/p>\n","protected":false},"excerpt":{"rendered":"<p>Samstag, 4.Mai 2019 von 15 bis 18:00 am Hauptplatz\/ Ecke Sporgasse. Steirische Friedensplattform<\/p>\n","protected":false},"author":2,"featured_media":0,"comment_status":"open","ping_status":"open","sticky":false,"template":"","format":"standard","meta":{"footnotes":""},"categories":[1],"tags":[],"class_list":["post-5049","post","type-post","status-publish","format-standard","hentry","category-allgemein"],"_links":{"self":[{"href":"http:\/\/www.friedensplattform.at\/index.php?rest_route=\/wp\/v2\/posts\/5049","targetHints":{"allow":["GET"]}}],"collection":[{"href":"http:\/\/www.friedensplattform.at\/index.php?rest_route=\/wp\/v2\/posts"}],"about":[{"href":"http:\/\/www.friedensplattform.at\/index.php?rest_route=\/wp\/v2\/types\/post"}],"author":[{"embeddable":true,"href":"http:\/\/www.friedensplattform.at\/index.php?rest_route=\/wp\/v2\/users\/2"}],"replies":[{"embeddable":true,"href":"http:\/\/www.friedensplattform.at\/index.php?rest_route=%2Fwp%2Fv2%2Fcomments&post=5049"}],"version-history":[{"count":3,"href":"http:\/\/www.friedensplattform.at\/index.php?rest_route=\/wp\/v2\/posts\/5049\/revisions"}],"predecessor-version":[{"id":5061,"href":"http:\/\/www.friedensplattform.at\/index.php?rest_route=\/wp\/v2\/posts\/5049\/revisions\/5061"}],"wp:attachment":[{"href":"http:\/\/www.friedensplattform.at\/index.php?rest_route=%2Fwp%2Fv2%2Fmedia&parent=5049"}],"wp:term":[{"taxonomy":"category","embeddable":true,"href":"http:\/\/www.friedensplattform.at\/index.php?rest_route=%2Fwp%2Fv2%2Fcategories&post=5049"},{"taxonomy":"post_tag","embeddable":true,"href":"http:\/\/www.friedensplattform.at\/index.php?rest_route=%2Fwp%2Fv2%2Ftags&post=5049"}],"curies":[{"name":"wp","href":"https:\/\/api.w.org\/{rel}","templated":true}]}}