{"id":5063,"date":"2019-05-05T06:27:04","date_gmt":"2019-05-05T06:27:04","guid":{"rendered":"http:\/\/www.friedensplattform.at\/?p=5063"},"modified":"2019-05-05T19:02:11","modified_gmt":"2019-05-05T19:02:11","slug":"achtung-ortsaenderung-hanin-zoabi-am-8-5-in-cuntra-la-cultra","status":"publish","type":"post","link":"http:\/\/www.friedensplattform.at\/?p=5063","title":{"rendered":"ACHTUNG ORTS\u00c4NDERUNG: Hanin Zoabi am 8.5.in CUNTRA LA CULTRA"},"content":{"rendered":"<div>\n<div>Die Veranstaltung mit Hanin Zouabi findet am<b> <\/b><\/div>\n<div>\u00a0\u00a0\u00a0\u00a0\u00a0\u00a0\u00a0\u00a0\u00a0\u00a0\u00a0\u00a0\u00a0\u00a0\u00a0\u00a0\u00a0\u00a0\u00a0\u00a0\u00a0\u00a0\u00a0\u00a0\u00a0\u00a0\u00a0\u00a0\u00a0\u00a0\u00a0\u00a0\u00a0\u00a0\u00a0\u00a0\u00a0 Mittwoch, 8. Mai, 18:00 im<\/div>\n<p class=\"Rahmeninhalt\" align=\"center\"><b>Cuntra la Cultra &#8211; KulturCaf\u00e9<\/b><\/p>\n<p class=\"Rahmeninhalt\" align=\"center\"><b>Griesplatz 5<\/b><b>, 8020 Graz <\/b><\/p>\n<p class=\"Rahmeninhalt\" align=\"center\">statt.<\/p>\n<p class=\"Rahmeninhalt\">\n<p class=\"Rahmeninhalt\">Bitte um Weiterleiten\/sagen dieser Information und BITTE UM EUER ZAHLREICHES ERSCHEINEN, um klar Solidarit\u00e4t f\u00fcr Hanin Zouabi zu demonstrieren!<\/p>\n<p class=\"Rahmeninhalt\">Zus\u00e4tzliche Brisanz gewinnt ihr Besuch durch die neuerliche Eskalation rund um den Gazastreifen!<\/p>\n<p><a href=\"http:\/\/www.friedensplattform.at\/wp-content\/uploads\/2019\/05\/Ank_VA-H-Zoabi-Graz_fin_2.pdf\">Ank_VA H Zoabi Graz_fin_2<\/a><\/p>\n<\/div>\n","protected":false},"excerpt":{"rendered":"<p>Die Veranstaltung mit Hanin Zouabi findet am \u00a0\u00a0\u00a0\u00a0\u00a0\u00a0\u00a0\u00a0\u00a0\u00a0\u00a0\u00a0\u00a0\u00a0\u00a0\u00a0\u00a0\u00a0\u00a0\u00a0\u00a0\u00a0\u00a0\u00a0\u00a0\u00a0\u00a0\u00a0\u00a0\u00a0\u00a0\u00a0\u00a0\u00a0\u00a0\u00a0\u00a0 Mittwoch, 8. Mai, 18:00 im Cuntra la Cultra &#8211; KulturCaf\u00e9 Griesplatz 5, 8020 Graz statt. Bitte um Weiterleiten\/sagen dieser Information und BITTE UM EUER ZAHLREICHES ERSCHEINEN, um klar Solidarit\u00e4t f\u00fcr Hanin Zouabi zu demonstrieren! Zus\u00e4tzliche Brisanz gewinnt ihr Besuch durch die neuerliche Eskalation rund um den Gazastreifen! &hellip; <a href=\"http:\/\/www.friedensplattform.at\/?p=5063\" class=\"more-link\"><span class=\"screen-reader-text\">ACHTUNG ORTS\u00c4NDERUNG: Hanin Zoabi am 8.5.in CUNTRA LA CULTRA<\/span> weiterlesen <span class=\"meta-nav\">&rarr;<\/span><\/a><\/p>\n","protected":false},"author":3,"featured_media":0,"comment_status":"open","ping_status":"open","sticky":false,"template":"","format":"standard","meta":{"footnotes":""},"categories":[1,18,21],"tags":[],"class_list":["post-5063","post","type-post","status-publish","format-standard","hentry","category-allgemein","category-palaestina-solidaritaet","category-veranstaltungshinweise"],"_links":{"self":[{"href":"http:\/\/www.friedensplattform.at\/index.php?rest_route=\/wp\/v2\/posts\/5063","targetHints":{"allow":["GET"]}}],"collection":[{"href":"http:\/\/www.friedensplattform.at\/index.php?rest_route=\/wp\/v2\/posts"}],"about":[{"href":"http:\/\/www.friedensplattform.at\/index.php?rest_route=\/wp\/v2\/types\/post"}],"author":[{"embeddable":true,"href":"http:\/\/www.friedensplattform.at\/index.php?rest_route=\/wp\/v2\/users\/3"}],"replies":[{"embeddable":true,"href":"http:\/\/www.friedensplattform.at\/index.php?rest_route=%2Fwp%2Fv2%2Fcomments&post=5063"}],"version-history":[{"count":5,"href":"http:\/\/www.friedensplattform.at\/index.php?rest_route=\/wp\/v2\/posts\/5063\/revisions"}],"predecessor-version":[{"id":5070,"href":"http:\/\/www.friedensplattform.at\/index.php?rest_route=\/wp\/v2\/posts\/5063\/revisions\/5070"}],"wp:attachment":[{"href":"http:\/\/www.friedensplattform.at\/index.php?rest_route=%2Fwp%2Fv2%2Fmedia&parent=5063"}],"wp:term":[{"taxonomy":"category","embeddable":true,"href":"http:\/\/www.friedensplattform.at\/index.php?rest_route=%2Fwp%2Fv2%2Fcategories&post=5063"},{"taxonomy":"post_tag","embeddable":true,"href":"http:\/\/www.friedensplattform.at\/index.php?rest_route=%2Fwp%2Fv2%2Ftags&post=5063"}],"curies":[{"name":"wp","href":"https:\/\/api.w.org\/{rel}","templated":true}]}}