{"id":5076,"date":"2019-05-12T07:02:00","date_gmt":"2019-05-12T07:02:00","guid":{"rendered":"http:\/\/www.friedensplattform.at\/?p=5076"},"modified":"2019-05-12T07:09:03","modified_gmt":"2019-05-12T07:09:03","slug":"bericht-ueber-die-veranstaltung-mit-hanin-zoabi-am-8-5-in-graz","status":"publish","type":"post","link":"http:\/\/www.friedensplattform.at\/?p=5076","title":{"rendered":"Bericht \u00fcber die Veranstaltung mit Hanin Zoabi am 8.5. in Graz"},"content":{"rendered":"<h3 class=\"gmail_default\"><span style=\"font-size: small;\"><a href=\"http:\/\/www.friedensplattform.at\/wp-content\/uploads\/2019\/05\/IMG_20190508_182718.jpg\"><img loading=\"lazy\" decoding=\"async\" class=\"aligncenter  wp-image-5078\" src=\"http:\/\/www.friedensplattform.at\/wp-content\/uploads\/2019\/05\/IMG_20190508_182718-300x225.jpg\" alt=\"\" width=\"295\" height=\"221\" srcset=\"http:\/\/www.friedensplattform.at\/wp-content\/uploads\/2019\/05\/IMG_20190508_182718-300x225.jpg 300w, http:\/\/www.friedensplattform.at\/wp-content\/uploads\/2019\/05\/IMG_20190508_182718-768x576.jpg 768w, http:\/\/www.friedensplattform.at\/wp-content\/uploads\/2019\/05\/IMG_20190508_182718-1024x768.jpg 1024w\" sizes=\"auto, (max-width: 295px) 100vw, 295px\" \/><\/a>Hanin Zoabi hat am 8.5. in Graz vor ca. 40 Leuten im Kulturcafe Cuntra La Cultra einen eindrucksvollen Vortrag gehalten. Sie legte Wert darauf als Pal\u00e4stinenserin f\u00fcr alle Pal\u00e4stinenserInnen zu sprechen. In Israel werde von israelischen Arabern gesprochen, sich als Pal\u00e4stinenserIn zu bezeichnen, bedeute allein schon den Staat Israel in Frage zu stellen. Insgesamt sei die israelische Politik als faschistisch zu bezeichnen, in den letzten 10 Jahren h\u00e4tten immer mehr Parlamentarier aus Siedlergemeinschaften immer mehr Gesetze verabschiedet, die Israel als &#8222;J\u00fcdischen Staat&#8220; einzementieren wollen. Letztes Beispiel das &#8222;Nationalstaatsgesetz&#8220;, auf welches Europa nur mit lahmer Kritik reagierte. <\/span> <span style=\"font-size: small;\"><br \/>\n<\/span><\/h3>\n<div><\/div>\n<p><!--more--><\/p>\n<div><\/div>\n<div class=\"gmail_default\"><span style=\"font-size: small;\">Die Lehre aus dem Holocaust sei, gegen Rassismus aufzutreten, gegen Apartheid. Was aber Parteien in Europa versuchen, ist sich reinzuwaschen von der Geschichte und der Schuld am Holocaust. Daf\u00fcr reisen sie nach Israel und treffen Regierungsvertreter. Durch diese scheinbar vom Antisemitismus freigewaschen, lassen sich umso leichter faschistoide Agenden gegen Minderheiten in Europa durchsetzen. Frau Zoabi betonte, dass man offenen Auges sehen m\u00fcsse in welche Richtung sich Israel bewege, und dass es f\u00fcr Europa dringend n\u00f6tig sei, Werte wie Meinungsfreiheit zu verteidigen. Denn es gehe nicht an, dass zionistisch motivierte Pressure-Gruppen den B\u00fcrgerInnen<\/span><span style=\"font-size: small;\"> in Europa vorschreiben k\u00f6nnen, welche Meinungen in Europa erlaubt sind und welche nicht. Damit nahm sie Bezug auf die kurzfristige Absage der Uni Graz f\u00fcr die Veranstaltung am Wall-Zentrum und den Raumentzug durch den WuK-Vorstand in Wien. <\/span><span style=\"font-size: small;\"><br \/>\n<\/span><\/div>\n<div class=\"gmail_default\"><span style=\"font-size: small;\">Der Grazer KP\u00d6-Stadtrat Robert Krotzer empfing die Knesset-Abgeordnete im Rathaus zu einem ausf\u00fchrlichen Meinungsaustausch. <\/span><span style=\"font-size: small;\"><br \/>\n<\/span><\/div>\n<div class=\"gmail_default\"><span style=\"font-size: small;\">Auch bei der informativen Veranstaltung am Abend hat Hanin Zoabi eindringlich vor den Entwicklungen in Israel und deren Auswirkungen auf Europa gewarnt. Zudem f\u00fchrte sie die Lage der Pal\u00e4stinenserInnen, insbesondere in Gaza und die Verantwortung der internationalen Solidarit\u00e4tsbewegung deutlich vor Augen.<\/span><\/div>\n<div>Bericht von Helga Suleiman, Graz<\/div>\n","protected":false},"excerpt":{"rendered":"<p>Hanin Zoabi hat am 8.5. in Graz vor ca. 40 Leuten im Kulturcafe Cuntra La Cultra einen eindrucksvollen Vortrag gehalten. Sie legte Wert darauf als Pal\u00e4stinenserin f\u00fcr alle Pal\u00e4stinenserInnen zu sprechen. In Israel werde von israelischen Arabern gesprochen, sich als Pal\u00e4stinenserIn zu bezeichnen, bedeute allein schon den Staat Israel in Frage zu stellen. Insgesamt sei &hellip; <a href=\"http:\/\/www.friedensplattform.at\/?p=5076\" class=\"more-link\"><span class=\"screen-reader-text\">Bericht \u00fcber die Veranstaltung mit Hanin Zoabi am 8.5. in Graz<\/span> weiterlesen <span class=\"meta-nav\">&rarr;<\/span><\/a><\/p>\n","protected":false},"author":2,"featured_media":0,"comment_status":"open","ping_status":"open","sticky":false,"template":"","format":"standard","meta":{"footnotes":""},"categories":[1],"tags":[],"class_list":["post-5076","post","type-post","status-publish","format-standard","hentry","category-allgemein"],"_links":{"self":[{"href":"http:\/\/www.friedensplattform.at\/index.php?rest_route=\/wp\/v2\/posts\/5076","targetHints":{"allow":["GET"]}}],"collection":[{"href":"http:\/\/www.friedensplattform.at\/index.php?rest_route=\/wp\/v2\/posts"}],"about":[{"href":"http:\/\/www.friedensplattform.at\/index.php?rest_route=\/wp\/v2\/types\/post"}],"author":[{"embeddable":true,"href":"http:\/\/www.friedensplattform.at\/index.php?rest_route=\/wp\/v2\/users\/2"}],"replies":[{"embeddable":true,"href":"http:\/\/www.friedensplattform.at\/index.php?rest_route=%2Fwp%2Fv2%2Fcomments&post=5076"}],"version-history":[{"count":3,"href":"http:\/\/www.friedensplattform.at\/index.php?rest_route=\/wp\/v2\/posts\/5076\/revisions"}],"predecessor-version":[{"id":5080,"href":"http:\/\/www.friedensplattform.at\/index.php?rest_route=\/wp\/v2\/posts\/5076\/revisions\/5080"}],"wp:attachment":[{"href":"http:\/\/www.friedensplattform.at\/index.php?rest_route=%2Fwp%2Fv2%2Fmedia&parent=5076"}],"wp:term":[{"taxonomy":"category","embeddable":true,"href":"http:\/\/www.friedensplattform.at\/index.php?rest_route=%2Fwp%2Fv2%2Fcategories&post=5076"},{"taxonomy":"post_tag","embeddable":true,"href":"http:\/\/www.friedensplattform.at\/index.php?rest_route=%2Fwp%2Fv2%2Ftags&post=5076"}],"curies":[{"name":"wp","href":"https:\/\/api.w.org\/{rel}","templated":true}]}}