{"id":5120,"date":"2019-07-09T09:36:17","date_gmt":"2019-07-09T09:36:17","guid":{"rendered":"http:\/\/www.friedensplattform.at\/?p=5120"},"modified":"2019-07-09T09:36:17","modified_gmt":"2019-07-09T09:36:17","slug":"richtigstellung-zum-kleinezeitung-artikel","status":"publish","type":"post","link":"http:\/\/www.friedensplattform.at\/?p=5120","title":{"rendered":"RICHTIGSTELLUNG zum KleineZeitung Artikel"},"content":{"rendered":"<p>Hans Breitegger denunziert in seinem Artikel v\u00f6llig einseitig die BDS-Bewegung als eine antisemitische Bewegung. Verantwortungsvoller Journalismus w\u00e4re gewesen, dass er sich auch anderweitig \u00fcber BDS informiert, als nur \u00fcber Herrn Elie Rosen, den proisraelisch agitierenden Pr\u00e4sidenten der Israelitischen Kultusgemeinde in Graz.<!--more--><\/p>\n<p>An das Redaktionskollegium der Kleinen Zeitung!<\/p>\n<p>RICHTIGSTELLUNG der Steirischen Friedensplattform<\/p>\n<p><em>zum Artikel <a href=\"https:\/\/www.pressreader.com\/austria\/kleine-zeitung-steiermark\/20190708\/281651076668418\">\u201eAntiisraelische Aktionen: Grazerin ist immer mit dabei\u201c<\/a> von Hans Breitegger in der Kleinen Zeitung vom 8.7.2019<\/em><\/p>\n<p>Hans Breitegger denunziert in seinem Artikel v\u00f6llig einseitig die BDS-Bewegung als eine antisemitische Bewegung. Verantwortungsvoller Journalismus w\u00e4re gewesen, dass er sich auch anderweitig \u00fcber BDS informiert, als nur \u00fcber Herrn Elie Rosen, den proisraelisch agitierenden Pr\u00e4sidenten der Israelitischen Kultusgemeinde in Graz. H\u00e4tte er nur einen Blick auf die Homepage von bds-info.at geworfen, w\u00e4re ihm klar geworden, dass es sich bei BDS um eine von der pal\u00e4stinensischen Zivilgesellschaft initiierte weltweite Bewegung handelt, die gem\u00e4\u00df UN-Konventionen und V\u00f6lkerrecht die absolut legitimen Rechte der Pal\u00e4stinenserInnen gewaltfrei einfordert.<\/p>\n<p>Bei etwas weniger gesinnungslastiger Recherche w\u00e4re er u.a. auf die Erkl\u00e4rung der J\u00fcdischen Stimme f\u00fcr Frieden gesto\u00dfen, in der \u00fcber drei\u00dfig j\u00fcdische Organisationen aus aller Welt in einer gemeinsamen Erkl\u00e4rung die Versuche verurteilen, Kritik an Israel und an Aktivit\u00e4ten von BDS zu unterdr\u00fccken.<\/p>\n<p>F\u00fcr uns FriedensaktivistInnen ist es immer wieder ern\u00fcchternd wahrzunehmen, wie wenig in der Kleinen Zeitung journalistischer Ethos z\u00e4hlt, wenn es um Pal\u00e4stina\/Israel geht.<\/p>\n<p>Hans Breitegger will in seinem Artikel skandalisieren und kriminalisieren. Dabei ist er sich nicht zu schade, eine Migrantinnenorganisation, die seit mehr als 10 Jahren wertvolle Arbeit f\u00fcr stark benachteiligte Gruppen in unserer Gesellschaft leistet, zu diffamieren.<\/p>\n<p>\u00dcber eine \u201eGrazerin\u201c, die dort Mitarbeiterin und in der Steirischen Friedensplattform aktiv ist, beflei\u00dfigt er sich ein Konstrukt zu basteln, das Veruntreuung von F\u00f6rdergeldern bei LeserInnen assoziieren soll. Damit das geht, wird ein ehemaliger Verfassungssch\u00fctzer zitiert, der einen \u201edringenden Verdacht\u201c auf missbr\u00e4uchliche Verwendung von F\u00f6rdergeldern anmeldet. \u201aAn den Haaren herbeigezogen\u2018 ist ein zu schwacher Ausdruck f\u00fcr diese St\u00fcmperei.<\/p>\n<p>Im Jahr 2014 gab es mehrere zivilgesellschaftlich getragene Demonstrationen (Islamisten hat Herr Breitegger dazuerfunden) gegen das brutale Bombardement der israelischen Armee auf die im Gaza-Streifen eingeschlossenen Menschen. Eine israelische Fahne wurde damals von Provokateuren geschwenkt, die eine nicht genehmigte Kundgebung am Rande der Demo abhielten. Gegen die illegal agierenden Provokateure schritten umstehende PolizistInnen nicht ein. Aber ein junger Demoteilnehmer, der versuchte die Provokation durch Entrei\u00dfen der Fahne zu stoppen, wurde 2018 wegen N\u00f6tigung und Sachbesch\u00e4digung verurteilt. Herr Breitegger erw\u00e4hnt wohlweislich nicht, dass der Angeklagte vom Vorwurf der Verhetzung freigesprochen wurde.<\/p>\n<p>Zurecht wurde die Meinungsfreiheit verteidigt! Das dieses Urteil \u00fcber die Berufungsverhandlung m\u00f6glich war, ist einer privaten Spendenintiative zu verdanken. Wenn es in \u00d6sterreich kriminell ist, f\u00fcr Rechtshilfe Geld zu sammeln, dann leben wir nicht mehr in einer Demokratie, sondern in einem \u00dcberwachungs- und Gesinnungsstaat.<\/p>\n<p>Dass FriedensaktivistInnen dort hinzeigen, wo andere wegschauen, liegt in der Konsequenz unseres Selbstverst\u00e4ndnisses.\u00a0 Das gilt auch f\u00fcr das militaristische Treiben in Mureck, wo die Israelische Security Academy \/ ISA die in der jahrzehntelangen brutalen Unterdr\u00fcckung des pal\u00e4stinensischen Volkes erworbenen Mentalit\u00e4ten und Kampftechniken \u00f6sterreichweit vermarkten will.<\/p>\n<p>Wir fordern die Kleine Zeitung auf, Unterstellungen und Falschinformationen keine B\u00fchne zu bieten!<\/p>\n<p>Wir ersuchen diese Gegendarstellung in der Kleinen Zeitung zu ver\u00f6ffentlichen.<\/p>\n<p>&nbsp;<\/p>\n<p>F\u00fcr die Steirische Friedensplattform<\/p>\n<p>Franz S\u00f6lkner\u00a0\u00a0\u00a0\u00a0\u00a0\u00a0\u00a0\u00a0\u00a0\u00a0\u00a0\u00a0\u00a0\u00a0\u00a0\u00a0\u00a0\u00a0\u00a0\u00a0\u00a0\u00a0\u00a0\u00a0\u00a0\u00a0\u00a0\u00a0\u00a0\u00a0\u00a0\u00a0\u00a0\u00a0\u00a0\u00a0\u00a0\u00a0\u00a0\u00a0\u00a0\u00a0\u00a0\u00a0\u00a0\u00a0\u00a0\u00a0\u00a0\u00a0\u00a0\u00a0\u00a0\u00a0\u00a0\u00a0\u00a0\u00a0\u00a0 Helga Suleiman<\/p>\n<p>&nbsp;<\/p>\n<p>&nbsp;<\/p>\n<p>&nbsp;<\/p>\n<p><a href=\"http:\/\/www.friedensplattform.at\/wp-content\/uploads\/2019\/07\/Richtigstellung-StFp_klZtg-9_7_19.pdf\">Richtigstellung StFp_klZtg 9_7_19<\/a><\/p>\n","protected":false},"excerpt":{"rendered":"<p>Hans Breitegger denunziert in seinem Artikel v\u00f6llig einseitig die BDS-Bewegung als eine antisemitische Bewegung. Verantwortungsvoller Journalismus w\u00e4re gewesen, dass er sich auch anderweitig \u00fcber BDS informiert, als nur \u00fcber Herrn Elie Rosen, den proisraelisch agitierenden Pr\u00e4sidenten der Israelitischen Kultusgemeinde in Graz.<\/p>\n","protected":false},"author":3,"featured_media":0,"comment_status":"open","ping_status":"open","sticky":false,"template":"","format":"standard","meta":{"footnotes":""},"categories":[1],"tags":[],"class_list":["post-5120","post","type-post","status-publish","format-standard","hentry","category-allgemein"],"_links":{"self":[{"href":"http:\/\/www.friedensplattform.at\/index.php?rest_route=\/wp\/v2\/posts\/5120","targetHints":{"allow":["GET"]}}],"collection":[{"href":"http:\/\/www.friedensplattform.at\/index.php?rest_route=\/wp\/v2\/posts"}],"about":[{"href":"http:\/\/www.friedensplattform.at\/index.php?rest_route=\/wp\/v2\/types\/post"}],"author":[{"embeddable":true,"href":"http:\/\/www.friedensplattform.at\/index.php?rest_route=\/wp\/v2\/users\/3"}],"replies":[{"embeddable":true,"href":"http:\/\/www.friedensplattform.at\/index.php?rest_route=%2Fwp%2Fv2%2Fcomments&post=5120"}],"version-history":[{"count":1,"href":"http:\/\/www.friedensplattform.at\/index.php?rest_route=\/wp\/v2\/posts\/5120\/revisions"}],"predecessor-version":[{"id":5122,"href":"http:\/\/www.friedensplattform.at\/index.php?rest_route=\/wp\/v2\/posts\/5120\/revisions\/5122"}],"wp:attachment":[{"href":"http:\/\/www.friedensplattform.at\/index.php?rest_route=%2Fwp%2Fv2%2Fmedia&parent=5120"}],"wp:term":[{"taxonomy":"category","embeddable":true,"href":"http:\/\/www.friedensplattform.at\/index.php?rest_route=%2Fwp%2Fv2%2Fcategories&post=5120"},{"taxonomy":"post_tag","embeddable":true,"href":"http:\/\/www.friedensplattform.at\/index.php?rest_route=%2Fwp%2Fv2%2Ftags&post=5120"}],"curies":[{"name":"wp","href":"https:\/\/api.w.org\/{rel}","templated":true}]}}