{"id":5125,"date":"2019-07-17T09:01:14","date_gmt":"2019-07-17T09:01:14","guid":{"rendered":"http:\/\/www.friedensplattform.at\/?p=5125"},"modified":"2019-07-17T09:01:14","modified_gmt":"2019-07-17T09:01:14","slug":"israel-fuerchtet-boykottbewegung","status":"publish","type":"post","link":"http:\/\/www.friedensplattform.at\/?p=5125","title":{"rendered":"Israel f\u00fcrchtet Boykottbewegung"},"content":{"rendered":"<p>Leserbrief von Franz S\u00f6lkner an die Kleine Zeitung anl\u00e4sslich der BDS-Diffamierung<\/p>\n<p><span style=\"font-family: Arial; font-size: small;\">Israels rechtsextreme Regierungen sind seit einigen Jahren international propagandistisch sehr aktiv. Die harte Unterdr\u00fcckung des pal\u00e4stinensischen Volkes soll tabuisiert und Israel als &#8222;normaler, mit uns befreundeter Staat&#8220; sch\u00f6ngeredet werden. Berechtigte Kritik an ethnonationalistischen, apartheidsf\u00f6rmigen und kolonialistischen Elementen der israelischen Politik wird als &#8222;antisemitisch&#8220; diffamiert. Zahlreichen j\u00fcdische KritikerInnen\u00a0 dieser Politik werden unter dem Verdacht des &#8222;Selbsthasses&#8220; pathologisiert.<br \/>\n<\/span><!--more--><\/p>\n<p>&nbsp;<\/p>\n<p><span style=\"font-family: Arial; font-size: small;\"> Auch den unkritischen Freunden Israels hierzulande <\/span><span style=\"font-family: Arial; font-size: small;\">ist die auf gewaltfreien Widerstand setzende BDS-Bewegung <\/span><span style=\"font-family: Arial; font-size: small;\">ein besonderes \u00c4rgernis. Wie <\/span><span style=\"font-family: Arial; font-size: small;\">vor 40 Jahren <\/span><span style=\"font-family: Arial; font-size: small;\">die schlie\u00dflich erfolgreiche Anti-Apartheidsbewegung gegen das wei\u00dfe Rassistenregime in S\u00fcdafrika\u00a0 fordert sie die internationale \u00d6ffentlichkeit auf, mitzuhelfen, Israel durch Mitteln des Boykotts, des Desinvestments und mit Sanktionen von seiner v\u00f6lkerrechtswidrigen Siedlungs- und 50-j\u00e4hrigen harten Besatzungspolitik abzubringen.<br \/>\n<\/span><\/p>\n<p><span style=\"font-family: Arial; font-size: small;\">Aus Angst vor einem Imageschaden gehen unsere SpitzenpolitikerInnen vor dem zionistischen Druck reihenweise in die Knie, schweigen oder bet\u00e4tigen sich als Schildknappen <\/span><span style=\"font-family: Arial; font-size: small;\">der israelischen Politik. Angesichts ihrer braunen Wurzeln und h\u00e4ufiger aktuell-antisemitischer R\u00fclpser\u00a0 <\/span><span style=\"font-family: Arial; font-size: small;\">versucht<\/span><span style=\"font-family: Arial; font-size: small;\"> die FP\u00d6-F\u00fchrung\u00a0 geradezu krampfhaft\u00a0 sich ein israelfreundliches M\u00e4ntelchen umzuh\u00e4ngen.<\/span><span style=\"font-family: Arial; font-size: small;\"> Zur wechselseitigen Wahlhilfe &#8222;pilgert&#8220;\u00a0<\/span><span style=\"font-family: Arial; font-size: small;\">Sebastian Kurz<\/span><span style=\"font-family: Arial; font-size: small;\"> &#8211; wie schon 2018 &#8211;\u00a0 <\/span><span style=\"font-family: Arial; font-size: small;\">auch <\/span><span style=\"font-family: Arial; font-size: small;\">heuer wieder zu Benjamin Netanyahu.\u00a0<\/span><span style=\"font-family: Arial; font-size: small;\"> Nicht besser die SP\u00d6: Ex-BK Christian Kern verfolgt in Israel pers\u00f6nliche wirtschaftliche Interessen, die nunmehrige Parteichefin Pamela Rendi-Wagner und ihr Bundesgesch\u00e4ftsf\u00fchrer Drozda sind deutlich prozionistisch orientiert. Ebenso die Parteif\u00fchrungen der Gr\u00fcnen und der Neos.<br \/>\n<\/span><\/p>\n<p><span style=\"font-family: Arial; font-size: small;\">Das Wissen \u00fcber die Geschichte dieses Konflikts ist gering und von den vorherrschenden zionistischen Geschichtsmythen gepr\u00e4gt. Anstatt sich schlau zu machen, pflegt man unter Berufung auf &#8222;unsere Verantwortung aus dem Holocaust&#8220; eine moralisierenden proisraelischen Dogmatismus. <\/span><span style=\"font-family: Arial; font-size: small;\">Stephane Hessel und Veronique de Keyser <\/span><span style=\"font-family: Arial; font-size: small;\">&#8211; zwei Menschen mit j\u00fcdischem Hintergrund &#8211; haben die politische Konsequenz dieses ethischen und intellektuellen Mangels m<\/span><span style=\"font-family: Arial; font-size: small;\">it dem Buchtitel &#8222;Pal\u00e4stina: Das\u00a0 Versagen Europas&#8220; treffend zum Ausdruck gebracht.<br \/>\n<\/span><\/p>\n<p><span style=\"font-family: Arial; font-size: small;\">Unter dieser zynischen machtpolitischen Orientierung am Recht des St\u00e4rkeren begraben, werden die Gerechtigkeits- und Freiheitshoffnungen eines kleinen Volkes, das V\u00f6lkerrecht und die Hilferufe j\u00fcdischer Friedens- und Menschenrechtsgruppen in Israel selbst.<br \/>\n<\/span><\/p>\n<p><span style=\"font-family: Arial; font-size: small;\">Wer BDS als &#8222;antisemitisch&#8220; verleumdet oder gar in die N\u00e4he des Terrors r\u00fcckt, will ganz offensichtlich den Unterdr\u00fcckten ein nicht gewaltf\u00f6rmiges politisches Instrument aus der Hand schlagen. Er hilft mit, das pal\u00e4stinensische Volk weiter in eine hoffnungslose Verzweiflung und &#8211; absehbar &#8211; weiter in die Gewalt\u00a0 zu treiben. Selbstgerecht kann man dann ja wieder auf die &#8222;b\u00f6sen Pal\u00e4stinenserInnen&#8220; zeigen. Sollte der Zionist Elie Rosen daran ein Interesse haben, so m\u00f6ge er es sagen. Ein nicht ideologisierter Blick auf die Geschichte und die aktuelle Lage zwischen Mittelmeer und Jordan legt jedenfalls eine andere Haltung nahe.<br \/>\n<\/span><\/p>\n<p><span style=\"font-family: Arial; font-size: small;\">Franz S\u00f6lkner<\/span><\/p>\n<p>Anmerkung: Uns ist keine Ver\u00f6ffentlichung dieses Leserbriefes und\/oder anderer \u00e4hnlich kritischer Stellungnahmen, bekannt.<\/p>\n","protected":false},"excerpt":{"rendered":"<p>Leserbrief von Franz S\u00f6lkner an die Kleine Zeitung anl\u00e4sslich der BDS-Diffamierung Israels rechtsextreme Regierungen sind seit einigen Jahren international propagandistisch sehr aktiv. Die harte Unterdr\u00fcckung des pal\u00e4stinensischen Volkes soll tabuisiert und Israel als &#8222;normaler, mit uns befreundeter Staat&#8220; sch\u00f6ngeredet werden. Berechtigte Kritik an ethnonationalistischen, apartheidsf\u00f6rmigen und kolonialistischen Elementen der israelischen Politik wird als &#8222;antisemitisch&#8220; diffamiert. &hellip; <a href=\"http:\/\/www.friedensplattform.at\/?p=5125\" class=\"more-link\"><span class=\"screen-reader-text\">Israel f\u00fcrchtet Boykottbewegung<\/span> weiterlesen <span class=\"meta-nav\">&rarr;<\/span><\/a><\/p>\n","protected":false},"author":3,"featured_media":0,"comment_status":"open","ping_status":"open","sticky":false,"template":"","format":"standard","meta":{"footnotes":""},"categories":[18],"tags":[],"class_list":["post-5125","post","type-post","status-publish","format-standard","hentry","category-palaestina-solidaritaet"],"_links":{"self":[{"href":"http:\/\/www.friedensplattform.at\/index.php?rest_route=\/wp\/v2\/posts\/5125","targetHints":{"allow":["GET"]}}],"collection":[{"href":"http:\/\/www.friedensplattform.at\/index.php?rest_route=\/wp\/v2\/posts"}],"about":[{"href":"http:\/\/www.friedensplattform.at\/index.php?rest_route=\/wp\/v2\/types\/post"}],"author":[{"embeddable":true,"href":"http:\/\/www.friedensplattform.at\/index.php?rest_route=\/wp\/v2\/users\/3"}],"replies":[{"embeddable":true,"href":"http:\/\/www.friedensplattform.at\/index.php?rest_route=%2Fwp%2Fv2%2Fcomments&post=5125"}],"version-history":[{"count":2,"href":"http:\/\/www.friedensplattform.at\/index.php?rest_route=\/wp\/v2\/posts\/5125\/revisions"}],"predecessor-version":[{"id":5127,"href":"http:\/\/www.friedensplattform.at\/index.php?rest_route=\/wp\/v2\/posts\/5125\/revisions\/5127"}],"wp:attachment":[{"href":"http:\/\/www.friedensplattform.at\/index.php?rest_route=%2Fwp%2Fv2%2Fmedia&parent=5125"}],"wp:term":[{"taxonomy":"category","embeddable":true,"href":"http:\/\/www.friedensplattform.at\/index.php?rest_route=%2Fwp%2Fv2%2Fcategories&post=5125"},{"taxonomy":"post_tag","embeddable":true,"href":"http:\/\/www.friedensplattform.at\/index.php?rest_route=%2Fwp%2Fv2%2Ftags&post=5125"}],"curies":[{"name":"wp","href":"https:\/\/api.w.org\/{rel}","templated":true}]}}