{"id":5131,"date":"2019-07-29T12:41:19","date_gmt":"2019-07-29T12:41:19","guid":{"rendered":"http:\/\/www.friedensplattform.at\/?p=5131"},"modified":"2019-07-29T12:41:19","modified_gmt":"2019-07-29T12:41:19","slug":"nach-internationalem-recht-illegal","status":"publish","type":"post","link":"http:\/\/www.friedensplattform.at\/?p=5131","title":{"rendered":"&#8222;Nach internationalem Recht illegal&#8220;"},"content":{"rendered":"<h3>EU kritisiert Israel f\u00fcr Zerst\u00f6rung pal\u00e4stinensischer H\u00e4user<\/h3>\n<p><!--more--><\/p>\n<p><b>Israel hat damit begonnen, H\u00e4user nahe der Sperranlage im Konfliktgebiet zu zerst\u00f6ren. Die Angst vor weiteren Abrissen w\u00e4chst. Die EU verurteilt das Vorgehen Israels.\u00a0<\/b><\/p>\n<p>Die EU hat von\u00a0Israel\u00a0einen sofortigen Stopp des Abrisses pal\u00e4stinensischer H\u00e4user s\u00fcdlich von Jerusalem gefordert. Die\u00a0israelische Siedlungspolitik sei &#8222;nach internationalem Recht illegal&#8220;, erkl\u00e4rte ein Sprecher der EU-Au\u00dfenbeauftragten Federica Mogherini am Montag in Br\u00fcssel. &#8222;Im Einklang mit der langj\u00e4hrigen Position der EU erwarten wir, dass die\u00a0israelischen Beh\u00f6rden die laufenden Abrisse unverz\u00fcglich einstellen.&#8220;<\/p>\n<p>Die israelische Armee hatte am Montagmorgen mit der Zerst\u00f6rung von mehreren H\u00e4usern in Ost-Jerusalem an der von <a href=\"https:\/\/www.t-online.de\/themen\/israel\" target=\"_blank\" rel=\"noopener\">Israel<\/a> gebauten Sperranlage begonnen. Nach fr\u00fcheren Angaben des UN-Nothilfeb\u00fcros Ocha handelt es sich vor allem um rund 70 Wohnungen, die sich noch im Bau befinden. Es sind aber auch drei Haushalte mit insgesamt 17 Bewohnern betroffen.<\/p>\n<p>Die EU verwies darauf, dass die Geb\u00e4ude zum gr\u00f6\u00dften Teil in einem Gebiet l\u00e4gen, in dem laut Osloer Abkommen &#8222;alle zivilrechtlichen Fragen unter die Rechtsprechung der Pal\u00e4stinenserbeh\u00f6rde&#8220; fielen. Die Fortsetzung der\u00a0israelischen Politik untergrabe die Zwei-Staaten-L\u00f6sung mit dem Ziel Jerusalems als gemeinsamer Hauptstadt &#8222;und die Aussichten auf einen dauerhaften Frieden&#8220; mit den Pal\u00e4stinensern.<\/p>\n<h3>Angst vor weiteren Abrissarbeiten<\/h3>\n<p>Die Bewohner seien am Morgenvon Soldaten aus den Geb\u00e4uden geholt worden, teilten pal\u00e4stinensische Aktivisten am Montag mit. Die H\u00e4user seien mit Sprengs\u00e4tzen versehen worden. Die israelische Armee \u00e4u\u00dferte sich zun\u00e4chst nicht zu den Berichten.<\/p>\n<p>Nach Angaben von Ocha argumentiert Israel, dass die Geb\u00e4ude zu nahe an der Sperranlage st\u00fcnden, die Israel und das besetzte Westjordanland trennt. Die Pal\u00e4stinenser sagen, dass die Sperranlage durch ihr Viertel Sur Bahir verl\u00e4uft. Nur ein Teil des Gebiets stehe unter israelischer Kontrolle, der andere allerdings unter pal\u00e4stinensischer Verwaltung im Westjordanland.<\/p>\n<p>Walid Asaf von der pal\u00e4stinensischen Autonomiebeh\u00f6rde kritisierte die Anordnung der Zerst\u00f6rung als unfair. Sie werde Israel &#8222;den Vorwand geben, Tausende andere Geb\u00e4ude in der N\u00e4he der Mauer zu zerst\u00f6ren&#8220;.<\/p>\n<p>Israel hatte 2002 nach schweren pal\u00e4stinensischen Anschl\u00e4gen mit dem Bau der Sperranlage begonnen. Seitdem ist die Zahl der Anschl\u00e4ge deutlich zur\u00fcckgegangen. Kritik gab es, weil die Anlage an vielen Stellen weit in das von Israel besetzte Westjordanland hereinreicht. An bestimmten Abschnitten besteht sie aus einer hohen Betonmauer, an anderen aus einem Zaun.<\/p>\n<p>Wie Ocha berichtet, haben Pal\u00e4stinenser in den vergangenen 15 Jahren in Sur Bahir viel in Bereichen gebaut, die nicht von der Jerusalemer Stadtverwaltung kontrolliert werden. Ein Grund sei, dass Pal\u00e4stinenser in Ost-Jerusalem gro\u00dfe Probleme h\u00e4tten, eine Baugenehmigung zu bekommen. Gegen viele dieser Geb\u00e4ude habe Israel allerdings eine Anordnung zur Zerst\u00f6rung erwirkt.<\/p>\n<div class=\"T-mediasource\">Verwendete Quellen:<\/div>\n<div class=\"T-mediasource\">\n<ul class=\"ul\">\n<li>Nachrichtenagentur dpa<\/li>\n<li>https:\/\/www.t-online.de\/nachrichten\/ausland\/krisen\/id_86134986\/nahost-konflikt-eu-kritisiert-israel-fuer-zerstoerung-palaestinensischer-haeuser.html?fbclid=IwAR3OMgm2llxDH9d7f3LIrXjB3fNSS3AWnj7HJNN0K209ui9JAJtJ8q2LiTw<\/li>\n<\/ul>\n<\/div>\n","protected":false},"excerpt":{"rendered":"<p>EU kritisiert Israel f\u00fcr Zerst\u00f6rung pal\u00e4stinensischer H\u00e4user<\/p>\n","protected":false},"author":2,"featured_media":0,"comment_status":"open","ping_status":"open","sticky":false,"template":"","format":"standard","meta":{"footnotes":""},"categories":[1],"tags":[],"class_list":["post-5131","post","type-post","status-publish","format-standard","hentry","category-allgemein"],"_links":{"self":[{"href":"http:\/\/www.friedensplattform.at\/index.php?rest_route=\/wp\/v2\/posts\/5131","targetHints":{"allow":["GET"]}}],"collection":[{"href":"http:\/\/www.friedensplattform.at\/index.php?rest_route=\/wp\/v2\/posts"}],"about":[{"href":"http:\/\/www.friedensplattform.at\/index.php?rest_route=\/wp\/v2\/types\/post"}],"author":[{"embeddable":true,"href":"http:\/\/www.friedensplattform.at\/index.php?rest_route=\/wp\/v2\/users\/2"}],"replies":[{"embeddable":true,"href":"http:\/\/www.friedensplattform.at\/index.php?rest_route=%2Fwp%2Fv2%2Fcomments&post=5131"}],"version-history":[{"count":1,"href":"http:\/\/www.friedensplattform.at\/index.php?rest_route=\/wp\/v2\/posts\/5131\/revisions"}],"predecessor-version":[{"id":5132,"href":"http:\/\/www.friedensplattform.at\/index.php?rest_route=\/wp\/v2\/posts\/5131\/revisions\/5132"}],"wp:attachment":[{"href":"http:\/\/www.friedensplattform.at\/index.php?rest_route=%2Fwp%2Fv2%2Fmedia&parent=5131"}],"wp:term":[{"taxonomy":"category","embeddable":true,"href":"http:\/\/www.friedensplattform.at\/index.php?rest_route=%2Fwp%2Fv2%2Fcategories&post=5131"},{"taxonomy":"post_tag","embeddable":true,"href":"http:\/\/www.friedensplattform.at\/index.php?rest_route=%2Fwp%2Fv2%2Ftags&post=5131"}],"curies":[{"name":"wp","href":"https:\/\/api.w.org\/{rel}","templated":true}]}}