{"id":5136,"date":"2019-07-29T13:25:53","date_gmt":"2019-07-29T13:25:53","guid":{"rendered":"http:\/\/www.friedensplattform.at\/?p=5136"},"modified":"2019-07-29T13:25:53","modified_gmt":"2019-07-29T13:25:53","slug":"netanjahus-gefaehrlicher-deal-mit-der-rassistischen-partei","status":"publish","type":"post","link":"http:\/\/www.friedensplattform.at\/?p=5136","title":{"rendered":"Netanjahus gef\u00e4hrlicher Deal mit der rassistischen Partei"},"content":{"rendered":"<div class=\"c-container c-container--is-stacked\">\n<div class=\"o-dreifaltigkeit c-container--mobile-padding\">\n<h2 class=\"c-headline o-dreifaltigkeit__headline rf-o-headline\" data-qa=\"Headline\"><\/h2>\n<\/div>\n<\/div>\n<div class=\"c-container c-container--is-stacked\"><time class=\"c-publish-date\" datetime=\"2019-02-25T14:33:27Z\" data-qa=\"Article.publishDate\">Ver\u00f6ffentlicht am 25.02.2019<\/time> <span class=\"c-readingtime\" data-qa=\"Article.readingTime\"> | Lesedauer: 5 Minuten <\/span><\/div>\n<div class=\"c-container c-container--is-stacked\">\n<div class=\"c-author\" data-qa=\"Article.Author\"><span class=\"c-author__by-line\"> Von Gil Yaron<\/span><\/div>\n<div data-qa=\"Article.Author\"><\/div>\n<\/div>\n<p><!--more--><\/p>\n<div class=\"c-container c-container--is-stacked\"><\/div>\n<div class=\"c-container c-container--has-full-width c-container--additional-padding\">\n<div class=\"o-element c-image-element \" data-qa=\"ImageElement\" data-content-slider-component=\"image\">\n<figure class=\"o-element__main o-element__main--is-colored\">\n<div class=\"o-element__body c-image-element__body u-position--is-relative\" data-qa=\"ImageElement.picture\">\n<div class=\"c-placeholder\" data-component=\"ProgressivePreviewImage\" data-qa=\"ProgressivePreviewImage\" data-progressive-preview-image-placeholder-css-class=\"c-placeholder--is-blurred\" data-progressive-preview-image-original-css-class=\"o-element__image--is-visible\">\n<div class=\"c-image-element--has-hint-icon c-placeholder\" data-qa=\"PictureElement.placeholder\"><picture class=\"o-element__image o-element__image--has-preview c-image-element__image o-element__image--is-visible\" data-content=\"ProgressivePreviewImage.OriginalImage\"><source srcset=\"https:\/\/www.welt.de\/img\/politik\/ausland\/mobile189377951\/7731621317-ci23x11-w1280\/Netanjahu-bei-Kabinettssitzung.jpg 1.0x\" media=\"(min-width: 1600px)\" data-breakpoint=\"XXLarge\" data-src-template=\"https:\/\/www.welt.de\/img\/politik\/ausland\/mobile189377951\/7731621317-ci23x11-wWIDTH\/Netanjahu-bei-Kabinettssitzung.jpg\" \/><source srcset=\"https:\/\/www.welt.de\/img\/politik\/ausland\/mobile189377951\/7731621317-ci23x11-w960\/Netanjahu-bei-Kabinettssitzung.jpg 1.0x\" media=\"(min-width: 1136px)\" data-breakpoint=\"XLarge\" data-src-template=\"https:\/\/www.welt.de\/img\/politik\/ausland\/mobile189377951\/7731621317-ci23x11-wWIDTH\/Netanjahu-bei-Kabinettssitzung.jpg\" \/><source srcset=\"https:\/\/www.welt.de\/img\/politik\/ausland\/mobile189377951\/7731621317-ci23x11-w1136\/Netanjahu-bei-Kabinettssitzung.jpg 1.0x\" media=\"(min-width: 910px)\" data-breakpoint=\"Large\" data-src-template=\"https:\/\/www.welt.de\/img\/politik\/ausland\/mobile189377951\/7731621317-ci23x11-wWIDTH\/Netanjahu-bei-Kabinettssitzung.jpg\" \/><source srcset=\"https:\/\/www.welt.de\/img\/politik\/ausland\/mobile189377951\/7731621317-ci23x11-w910\/Netanjahu-bei-Kabinettssitzung.jpg 1.0x\" media=\"(min-width: 600px)\" data-breakpoint=\"Medium\" data-src-template=\"https:\/\/www.welt.de\/img\/politik\/ausland\/mobile189377951\/7731621317-ci23x11-wWIDTH\/Netanjahu-bei-Kabinettssitzung.jpg\" \/><source srcset=\"https:\/\/www.welt.de\/img\/politik\/ausland\/mobile189377951\/7731621317-ci23x11-w600\/Netanjahu-bei-Kabinettssitzung.jpg 1.0x\" data-breakpoint=\"Small\" data-src-template=\"https:\/\/www.welt.de\/img\/politik\/ausland\/mobile189377951\/7731621317-ci23x11-wWIDTH\/Netanjahu-bei-Kabinettssitzung.jpg\" \/><img decoding=\"async\" src=\"https:\/\/www.welt.de\/img\/politik\/ausland\/mobile189377951\/7732501317-ci102l-w1024\/Netanjahu-bei-Kabinettssitzung.jpg\" alt=\"Ging diesmal m\u00f6glicherweise zu weit: Benjamin Netanjahu, Ministerpr\u00e4sident von Israel\" data-content=\"ProgressivePreviewImage.OriginalImageHandler\" \/> <\/picture><\/div>\n<\/div>\n<\/div>\n<\/figure>\n<\/div>\n<\/div>\n<header class=\"c-content-container\" data-qa=\"Article.Header\">\n<div class=\"c-container c-container--has-full-width c-container--additional-padding\">\n<div class=\"o-element c-image-element \" data-qa=\"ImageElement\" data-content-slider-component=\"image\">\n<figure class=\"o-element__main o-element__main--is-colored\">\n<div class=\"o-element__body c-image-element__body u-position--is-relative\" data-qa=\"ImageElement.picture\">\n<div class=\"c-placeholder\" data-component=\"ProgressivePreviewImage\" data-qa=\"ProgressivePreviewImage\" data-progressive-preview-image-placeholder-css-class=\"c-placeholder--is-blurred\" data-progressive-preview-image-original-css-class=\"o-element__image--is-visible\">\n<div class=\"c-image-element--has-hint-icon c-placeholder\" data-qa=\"PictureElement.placeholder\"><picture class=\"o-element__image c-image-element__image\" data-content=\"ProgressivePreviewImage.PreviewImage\"><source srcset=\"https:\/\/www.welt.de\/img\/politik\/ausland\/mobile189377951\/7731621317-ci23x11-w100\/Netanjahu-bei-Kabinettssitzung.jpg 1.0x\" media=\"(min-width: 1600px)\" data-breakpoint=\"XXLarge\" \/><source srcset=\"https:\/\/www.welt.de\/img\/politik\/ausland\/mobile189377951\/7731621317-ci23x11-w100\/Netanjahu-bei-Kabinettssitzung.jpg 1.0x\" media=\"(min-width: 1136px)\" data-breakpoint=\"XLarge\" \/><source srcset=\"https:\/\/www.welt.de\/img\/politik\/ausland\/mobile189377951\/7731621317-ci23x11-w100\/Netanjahu-bei-Kabinettssitzung.jpg 1.0x\" media=\"(min-width: 910px)\" data-breakpoint=\"Large\" \/><source srcset=\"https:\/\/www.welt.de\/img\/politik\/ausland\/mobile189377951\/7731621317-ci23x11-w100\/Netanjahu-bei-Kabinettssitzung.jpg 1.0x\" media=\"(min-width: 600px)\" data-breakpoint=\"Medium\" \/><source srcset=\"https:\/\/www.welt.de\/img\/politik\/ausland\/mobile189377951\/7731621317-ci23x11-w100\/Netanjahu-bei-Kabinettssitzung.jpg 1.0x\" data-breakpoint=\"Small\" \/><img decoding=\"async\" src=\"https:\/\/www.welt.de\/img\/politik\/ausland\/mobile189377951\/7732501317-ci102l-w1024\/Netanjahu-bei-Kabinettssitzung.jpg\" alt=\"Ging diesmal m\u00f6glicherweise zu weit: Benjamin Netanjahu, Ministerpr\u00e4sident von Israel\" data-content=\"ProgressivePreviewImage.PreviewImageHandler\" \/> <\/picture><\/div>\n<\/div>\n<\/div><figcaption class=\"o-element__caption c-image-element__caption\" data-content=\"Gallery.caption\" data-qa=\"Element.Caption\">\n<div class=\"o-element__text\" data-component=\"Toggle\" data-qa=\"Element.Caption.text\">Ging diesmal m\u00f6glicherweise zu weit: Benjamin Netanjahu, Ministerpr\u00e4sident von Israel<\/div>\n<div class=\"o-element__text o-element__text--is-small u-text--is-left\" data-role=\"copyright\" data-qa=\"Element.Caption.copyright\">Quelle: dpa<\/div>\n<\/figcaption><\/figure>\n<\/div>\n<\/div>\n<div class=\"c-container c-container--is-stacked\">\n<div class=\"o-text c-summary \" data-qa=\"Article.summary\">\n<div class=\"c-summary__intro\" data-qa=\"Article.Intro\">Sechs Wochen vor der Wahl greift Netanjahu zu einem drastischen Schritt, um seine Macht zu sichern. Selbst die loyalen j\u00fcdischen Organisationen in den USA sind erz\u00fcrnt, ein Rabbi zieht sogar Vergleiche zu den Nazis.<\/div>\n<\/div>\n<\/div>\n<div class=\"c-container c-container--has-full-width c-container--is-stacked\" data-qa=\"Commercial-Wrapper.Mobile.BannerTwo\"><\/div>\n<\/header>\n<div class=\"c-container c-container--is-stacked\" data-qa=\"Social\"><\/div>\n<div class=\"c-social-bar__comments\" data-external-component=\"User.Content.Comments\" data-qa=\"SocialBar.CommentCount\"><span class=\"c-social-bar__icon-element\"><a class=\"c-social-bar__icon-link\" href=\"https:\/\/www.welt.de\/politik\/ausland\/article189377953\/Israel-Netanjahus-gefaehrlicher-Deal-mit-der-rassistischen-Partei.html?fbclid=IwAR0PikLNcVY-aFNJuCTyA_odQGsAOpD0O0Njt2riz-y74mCnCOFplOXaVZg#Comments\" data-external-toggle-class=\"c-social-bar__icon-link--is-inactive\" data-action=\"SocialBar.track\" data-socialbar-tracking-name=\"comments\"><span class=\"c-social-bar__icon-label\" data-external-component=\"User.Content.Comments.Count\">11<\/span> <\/a> <\/span><\/div>\n<div class=\"c-social-bar__sharing\"><span class=\"c-social-bar__icon-element\"> <a class=\"c-social-bar__icon-link\" href=\"https:\/\/www.facebook.com\/sharer\/sharer.php?u=https%3A%2F%2Fwww.welt.de%2Fpolitik%2Fausland%2Farticle189377953%2FIsrael-Netanjahus-gefaehrlicher-Deal-mit-der-rassistischen-Partei.html%3Fwtmc%3Dsocialmedia.facebook.shared.web\" target=\"_blank\" rel=\"noopener\" name=\"Share_Facebook_\" data-action=\"SocialBar.openFacebookLink SocialBar.track\" data-socialbar-tracking-name=\"sharing_facebook\"> <\/a> <\/span><\/div>\n<p><span class=\"c-social-bar__icon-element\"> <a class=\"c-social-bar__icon-link\" href=\"https:\/\/twitter.com\/share?url=https%3A%2F%2Fwww.welt.de%2Fpolitik%2Fausland%2Farticle189377953%2FIsrael-Netanjahus-gefaehrlicher-Deal-mit-der-rassistischen-Partei.html%3Fwtmc%3Dsocialmedia.twitter.shared.web&amp;text=Israel%3A+Netanjahus+gef%C3%A4hrlicher+Deal+mit+der+rassistischen+Partei&amp;via=welt\" target=\"_blank\" rel=\"noopener\" name=\"Share_Twitter_\" data-action=\"SocialBar.openTwitterLink SocialBar.track\" data-socialbar-tracking-name=\"sharing_twitter\"> <\/a> <\/span> <span class=\"c-social-bar__icon-element\"> <a class=\"c-social-bar__icon-link\" href=\"mailto:?subject=Empfohlener%20Artikel%20von%20welt.de&amp;body=Hallo%2C%0A%0Adas%20hier%20ist%20interessant%20%E2%80%93%20kommt%20von%20welt.de%3A%0A%0Ahttps%3A%2F%2Fwww.welt.de%2Fpolitik%2Fausland%2Farticle189377953%2FIsrael-Netanjahus-gefaehrlicher-Deal-mit-der-rassistischen-Partei.html%3Fwtrid%3Dsocialmedia.email.sharebutton%0A%0ACheck%20die%20Welt%3A%20Aktuelle%20Nachrichten%2C%20Hintergr%C3%BCnde%2C%20Analysen%20%E2%80%93%20jetzt%20auf%20https%3A%2F%2Fwww.welt.de%2F%0A\" name=\"Share_Mail_\" data-action=\"SocialBar.track\" data-socialbar-tracking-name=\"sharing_email\"> <\/a> <\/span><\/p>\n<div class=\"c-container c-container--is-stacked\" data-qa=\"Social\"><\/div>\n<div class=\"c-article-text c-content-container __margin-bottom--is-0 \" data-content=\"VideoPlayer.JumpMarks\" data-qa=\"Article.Text\">\n<div class=\"c-inline-element c-inline-element--has-commercials\">\n<div class=\"c-spot c-ad__medium-rectangle \" data-qa=\"Commercial.MediumRectangle\" data-ad=\"medium-rectangle\">\n<div class=\"c-placeholder--is-rectangle-ad\" data-component=\"Commercial\" data-commercial-container-id=\"mrec\" data-commercial-format-id=\"mrec\" data-commercial-render-type=\"d\" data-commercial-visible-class=\"c-ad--is-visible\" data-commercial-placeholder-enabled=\"true\" data-commercial-fallback-visibility-class=\"c-placeholder--fallback-is-visible\" data-commercial-fallback-enabled=\"true\" data-qa=\"Commercial.Script\"><a href=\"https:\/\/www.welt.de\/politik\/ausland\/article189377953\/Israel-Netanjahus-gefaehrlicher-Deal-mit-der-rassistischen-Partei.html?fbclid=IwAR0PikLNcVY-aFNJuCTyA_odQGsAOpD0O0Njt2riz-y74mCnCOFplOXaVZg#\" target=\"_blank\" rel=\"noopener\" name=\"mr_\" data-content=\"Commercial.fallback\" data-commercial-fallback=\"[{&quot;imageUrl&quot;:&quot;https:\/\/www.welt.de\/assets\/images\/global\/fallback\/mr_reise_marrakesch-2f221ea415.jpg&quot;,&quot;linkUrl&quot;:&quot;https:\/\/reisen.welt.de\/kulturreisen\/marokko-marrakesch-trendziel-in-der-wuste-reisen-259afce1-f0b1-08ea-da59-95d316c5a93d.html\/?utm_source=weltn24&amp;utm_medium=wmr_wr1&amp;utm_campaign=weltn24&quot;},{&quot;imageUrl&quot;:&quot;https:\/\/www.welt.de\/assets\/images\/global\/fallback\/mr_reise_staatsoper-b5b22e247e.jpg&quot;,&quot;linkUrl&quot;:&quot;https:\/\/reisen.welt.de\/kulturreisen\/berlin-la-traviata-in-der-staatsoper-berlin-reisen-eebfe6f9-66f7-d23d-34ad-d4f2935bd422.html\/?utm_source=weltn24&amp;utm_medium=wmr_wr2&amp;utm_campaign=weltn24&quot;},{&quot;imageUrl&quot;:&quot;https:\/\/www.welt.de\/assets\/images\/global\/fallback\/mrec_venedig_v2-b4a7f67d31.jpg&quot;,&quot;linkUrl&quot;:&quot;https:\/\/reisen.welt.de\/kulturreisen\/venedig-venedig-puccini-im-la-fenice-reisen-5ac2fed7-3cb4-ced7-7ff6-d5840f8ce57d.html\/?utm_source=weltn24&amp;utm_medium=wmr_wr1&amp;utm_campaign=weltn24&quot;},{&quot;imageUrl&quot;:&quot;https:\/\/www.welt.de\/assets\/images\/global\/fallback\/mrec_abudhabi_v2-a2b5cb1a75.jpg&quot;,&quot;linkUrl&quot;:&quot;https:\/\/reisen.welt.de\/kulturreisen\/arabische-emirate-dubai-&amp;-abu-dhabi-reisen-a3dc1cd2-8877-6a82-0d32-bb8f656f105f.html\/?utm_source=weltn24&amp;utm_medium=wmr_wr1&amp;utm_campaign=weltn24&quot;},{&quot;imageUrl&quot;:&quot;https:\/\/www.welt.de\/assets\/images\/global\/fallback\/mr_hardwarebundle_1-b5698b9ea7.jpg&quot;,&quot;linkUrl&quot;:&quot;https:\/\/shop.welt.de\/?wtrid=displayperformance.onsite.hardwarebundle.vertrieb.adblocker_fallback.mrec_gold&quot;},{&quot;imageUrl&quot;:&quot;https:\/\/www.welt.de\/assets\/images\/global\/fallback\/mr_hardwarebundle_2-d45e49a8a4.jpg&quot;,&quot;linkUrl&quot;:&quot;https:\/\/shop.welt.de\/?wtrid=displayperformance.onsite.hardwarebundle.vertrieb.adblocker_fallback.mrec_ipad&quot;},{&quot;imageUrl&quot;:&quot;https:\/\/www.welt.de\/assets\/images\/global\/fallback\/mr_stellenmarkt_2-5c9c29b984.jpg&quot;,&quot;linkUrl&quot;:&quot;https:\/\/stellenmarkt.welt.de\/jobs-welt\/Jobs-in-der-IT.html&quot;},{&quot;imageUrl&quot;:&quot;https:\/\/www.welt.de\/assets\/images\/global\/fallback\/mr_reise_kuba_1-0403ab2aa9.jpg&quot;,&quot;linkUrl&quot;:&quot;https:\/\/reisen.welt.de\/rundreisen\/karibik-kuba-reisen-HOG04BA.html?utm_source=welt&amp;utm_medium=wmr_wr1&amp;utm_campaign=welt&quot;},{&quot;imageUrl&quot;:&quot;https:\/\/www.welt.de\/assets\/images\/global\/fallback\/mr_reise_kuba_2-c93e675759.jpg&quot;,&quot;linkUrl&quot;:&quot;https:\/\/reisen.welt.de\/rundreisen\/karibik-kuba-reisen-HOG04BA.html?utm_source=welt&amp;utm_medium=wmr_wr2&amp;utm_campaign=welt&quot;},{&quot;imageUrl&quot;:&quot;https:\/\/www.welt.de\/assets\/images\/global\/fallback\/mr_reise_karibik_1-87a087599f.jpg&quot;,&quot;linkUrl&quot;:&quot;https:\/\/reisen.welt.de\/kreuzfahrten\/mit-der-%22mein-schiff-5%22-karibik--reisen-e64502be-30e2-cd8d-d8bf-d32eb15016b3.html&quot;}]\"> <\/a><\/p>\n<div id=\"mrec\"><\/div>\n<\/div>\n<\/div>\n<\/div>\n<p><span class=\"c-article-text__drop-cap\">D<\/span>as American Jewish Committee (AJC) und die proisraelische Lobby Aipac geh\u00f6ren zu den gr\u00f6\u00dften, \u00e4ltesten und m\u00e4chtigsten j\u00fcdischen Organisationen in den USA. Sie leisteten dem Staat Israel dank ihres Einflusses im US-Kongress immer wieder bedeutende strategische Unterst\u00fctzung.<\/p>\n<p>Egal, ob Israels Regierung den Oslo-Friedensprozess vorantrieb und nach einer Zwei-Staaten-L\u00f6sung suchte oder ob sie Siedlungen baute, den Gazastreifen bombardierte oder Israels Premierminister vor dem Senat gegen den US-Pr\u00e4sidenten und seinen Atomvertrag mit dem Iran wetterte \u2013 das AJC und Aipac verteidigten Israel stets treu. Das k\u00f6nnte sich nun \u00e4ndern.<\/p>\n<p>Premier Benjamin Netanjahu scheint die Loyalit\u00e4t von Israels treuesten Freunden \u00fcberstrapaziert zu haben, als er beim Zusammenschluss der Siedlerpartei J\u00fcdisches Heim mit der rassistischen Partei J\u00fcdische St\u00e4rke Pate stand.<\/p>\n<div class=\"c-inline-element c-inline-element--has-commercials\"><\/div>\n<p>In einer Stellungnahme \u00fcbte das AJC erstmals Kritik an Israel, <a class=\"o-link\" href=\"https:\/\/welt.de\/188632855\" target=\"_blank\" rel=\"noopener\" name=\"inlineLink_\">Aipac <\/a>unterst\u00fctzte das kritische Statement, andere j\u00fcdische Organisationen und Kongressabgeordnete zogen nach. Viele Israelis f\u00fcrchten, der Premier gef\u00e4hrde die strategisch bedeutsamen Beziehungen zu den Juden in den USA. Steht Israel und der j\u00fcdischen Diaspora ein Bruch bevor?<\/p>\n<\/div>\n<p>&nbsp;<\/p>\n<p>&nbsp;<\/p>\n<p>&nbsp;<\/p>\n<p>https:\/\/www.welt.de\/politik\/ausland\/article189377953\/Israel-Netanjahus-gefaehrlicher-Deal-mit-der-rassistischen-Partei.html?fbclid=IwAR0PikLNcVY-aFNJuCTyA_odQGsAOpD0O0Njt2riz-y74mCnCOFplOXaVZg<\/p>\n","protected":false},"excerpt":{"rendered":"<p>Ver\u00f6ffentlicht am 25.02.2019 | Lesedauer: 5 Minuten Von Gil Yaron<\/p>\n","protected":false},"author":2,"featured_media":0,"comment_status":"open","ping_status":"open","sticky":false,"template":"","format":"standard","meta":{"footnotes":""},"categories":[1],"tags":[],"class_list":["post-5136","post","type-post","status-publish","format-standard","hentry","category-allgemein"],"_links":{"self":[{"href":"http:\/\/www.friedensplattform.at\/index.php?rest_route=\/wp\/v2\/posts\/5136","targetHints":{"allow":["GET"]}}],"collection":[{"href":"http:\/\/www.friedensplattform.at\/index.php?rest_route=\/wp\/v2\/posts"}],"about":[{"href":"http:\/\/www.friedensplattform.at\/index.php?rest_route=\/wp\/v2\/types\/post"}],"author":[{"embeddable":true,"href":"http:\/\/www.friedensplattform.at\/index.php?rest_route=\/wp\/v2\/users\/2"}],"replies":[{"embeddable":true,"href":"http:\/\/www.friedensplattform.at\/index.php?rest_route=%2Fwp%2Fv2%2Fcomments&post=5136"}],"version-history":[{"count":1,"href":"http:\/\/www.friedensplattform.at\/index.php?rest_route=\/wp\/v2\/posts\/5136\/revisions"}],"predecessor-version":[{"id":5137,"href":"http:\/\/www.friedensplattform.at\/index.php?rest_route=\/wp\/v2\/posts\/5136\/revisions\/5137"}],"wp:attachment":[{"href":"http:\/\/www.friedensplattform.at\/index.php?rest_route=%2Fwp%2Fv2%2Fmedia&parent=5136"}],"wp:term":[{"taxonomy":"category","embeddable":true,"href":"http:\/\/www.friedensplattform.at\/index.php?rest_route=%2Fwp%2Fv2%2Fcategories&post=5136"},{"taxonomy":"post_tag","embeddable":true,"href":"http:\/\/www.friedensplattform.at\/index.php?rest_route=%2Fwp%2Fv2%2Ftags&post=5136"}],"curies":[{"name":"wp","href":"https:\/\/api.w.org\/{rel}","templated":true}]}}