{"id":5207,"date":"2019-09-13T07:51:29","date_gmt":"2019-09-13T07:51:29","guid":{"rendered":"http:\/\/www.friedensplattform.at\/?p=5207"},"modified":"2019-09-13T07:59:09","modified_gmt":"2019-09-13T07:59:09","slug":"bitte-bibi-lass-die-annexion-beginnen","status":"publish","type":"post","link":"http:\/\/www.friedensplattform.at\/?p=5207","title":{"rendered":"Bitte Bibi, lass die Annexion beginnen"},"content":{"rendered":"<p>Gideon Levy\u00a0 Haaretz &#8211; 12. September 2019<\/p>\n<p>Original: <a href=\"https:\/\/www.haaretz.com\/opinion\/.premium-please-bibi-let-the-annexations-begin-1.7834383?utm_term=20190912-03%3A32&amp;utm_campaign=Gideon+Levy&amp;utm_medium=email&amp;writerAlerts=true&amp;utm_source=smartfocus&amp;utm_content=www.haaretz.com%2Fopinion%2F.premium--1.7834383\">https:\/\/www.haaretz.com\/opinion\/.premium-please-bibi-let-the-annexations-begin-1.7834383?utm_term=20190912-03%3A32&amp;utm_campaign=Gideon+Levy&amp;utm_medium=email&amp;writerAlerts=true&amp;utm_source=smartfocus&amp;utm_content=www.haaretz.com%2Fopinion%2F.premium&#8211;1.7834383<\/a><\/p>\n<p>Es gibt ein Wahlversprechen von Premierminister Benjamin Netanyahu, von dem wir hoffen sollen, dass es erf\u00fcllt wird: die Annexion des Jordantals an Israel. Bislang war kein anderes Kampagnenversprechen so ermutigend wie dieses. Keine einzige zionistische Partei hat auch nur einen Schimmer einer Idee geliefert, die die derzeitige Situation aufr\u00fctteln k\u00f6nnte, was jetzt durch diesen Annexionsvorschlag geschieht, und der Status quo schreit nach einer Aufr\u00fcttelung.<\/p>\n<p><!--more--><\/p>\n<p><a href=\"http:\/\/www.friedensplattform.at\/wp-content\/uploads\/2019\/09\/jordantalannexion-durch-bibi-kompletter-text.pdf\">jordantalannexion durch bibi kompletter text<\/a><\/p>\n<p>&nbsp;<\/p>\n","protected":false},"excerpt":{"rendered":"<p>Gideon Levy\u00a0 Haaretz &#8211; 12. September 2019 Original: https:\/\/www.haaretz.com\/opinion\/.premium-please-bibi-let-the-annexations-begin-1.7834383?utm_term=20190912-03%3A32&amp;utm_campaign=Gideon+Levy&amp;utm_medium=email&amp;writerAlerts=true&amp;utm_source=smartfocus&amp;utm_content=www.haaretz.com%2Fopinion%2F.premium&#8211;1.7834383 Es gibt ein Wahlversprechen von Premierminister Benjamin Netanyahu, von dem wir hoffen sollen, dass es erf\u00fcllt wird: die Annexion des Jordantals an Israel. Bislang war kein anderes Kampagnenversprechen so ermutigend wie dieses. Keine einzige zionistische Partei hat auch nur einen Schimmer einer Idee geliefert, die die &hellip; <a href=\"http:\/\/www.friedensplattform.at\/?p=5207\" class=\"more-link\"><span class=\"screen-reader-text\">Bitte Bibi, lass die Annexion beginnen<\/span> weiterlesen <span class=\"meta-nav\">&rarr;<\/span><\/a><\/p>\n","protected":false},"author":5,"featured_media":0,"comment_status":"open","ping_status":"open","sticky":false,"template":"","format":"standard","meta":{"footnotes":""},"categories":[1,17,18],"tags":[65,29,30,67],"class_list":["post-5207","post","type-post","status-publish","format-standard","hentry","category-allgemein","category-meinung","category-palaestina-solidaritaet","tag-annexion","tag-israel","tag-palaestina","tag-wahlen-israel"],"_links":{"self":[{"href":"http:\/\/www.friedensplattform.at\/index.php?rest_route=\/wp\/v2\/posts\/5207","targetHints":{"allow":["GET"]}}],"collection":[{"href":"http:\/\/www.friedensplattform.at\/index.php?rest_route=\/wp\/v2\/posts"}],"about":[{"href":"http:\/\/www.friedensplattform.at\/index.php?rest_route=\/wp\/v2\/types\/post"}],"author":[{"embeddable":true,"href":"http:\/\/www.friedensplattform.at\/index.php?rest_route=\/wp\/v2\/users\/5"}],"replies":[{"embeddable":true,"href":"http:\/\/www.friedensplattform.at\/index.php?rest_route=%2Fwp%2Fv2%2Fcomments&post=5207"}],"version-history":[{"count":6,"href":"http:\/\/www.friedensplattform.at\/index.php?rest_route=\/wp\/v2\/posts\/5207\/revisions"}],"predecessor-version":[{"id":5227,"href":"http:\/\/www.friedensplattform.at\/index.php?rest_route=\/wp\/v2\/posts\/5207\/revisions\/5227"}],"wp:attachment":[{"href":"http:\/\/www.friedensplattform.at\/index.php?rest_route=%2Fwp%2Fv2%2Fmedia&parent=5207"}],"wp:term":[{"taxonomy":"category","embeddable":true,"href":"http:\/\/www.friedensplattform.at\/index.php?rest_route=%2Fwp%2Fv2%2Fcategories&post=5207"},{"taxonomy":"post_tag","embeddable":true,"href":"http:\/\/www.friedensplattform.at\/index.php?rest_route=%2Fwp%2Fv2%2Ftags&post=5207"}],"curies":[{"name":"wp","href":"https:\/\/api.w.org\/{rel}","templated":true}]}}