{"id":5297,"date":"2019-11-14T12:55:35","date_gmt":"2019-11-14T12:55:35","guid":{"rendered":"http:\/\/www.friedensplattform.at\/?p=5297"},"modified":"2019-11-29T18:17:37","modified_gmt":"2019-11-29T18:17:37","slug":"ein-leben-fuer-den-frieden","status":"publish","type":"post","link":"http:\/\/www.friedensplattform.at\/?p=5297","title":{"rendered":"\u201eEin Leben f\u00fcr den Frieden\u201c"},"content":{"rendered":"<h3><a href=\"http:\/\/www.friedensplattform.at\/wp-content\/uploads\/2019\/11\/Sumaya_Farhatjpg.jpg\"><img loading=\"lazy\" decoding=\"async\" class=\"size-medium wp-image-5333 alignleft\" src=\"http:\/\/www.friedensplattform.at\/wp-content\/uploads\/2019\/11\/Sumaya_Farhatjpg-300x200.jpg\" alt=\"\" width=\"300\" height=\"200\" srcset=\"http:\/\/www.friedensplattform.at\/wp-content\/uploads\/2019\/11\/Sumaya_Farhatjpg-300x200.jpg 300w, http:\/\/www.friedensplattform.at\/wp-content\/uploads\/2019\/11\/Sumaya_Farhatjpg-768x512.jpg 768w, http:\/\/www.friedensplattform.at\/wp-content\/uploads\/2019\/11\/Sumaya_Farhatjpg-1024x683.jpg 1024w, http:\/\/www.friedensplattform.at\/wp-content\/uploads\/2019\/11\/Sumaya_Farhatjpg.jpg 1200w\" sizes=\"auto, (max-width: 300px) 100vw, 300px\" \/><\/a><\/h3>\n<h3>Dr. Sumaya Farhat-Naser<br \/>\npal\u00e4stinensische Friedensaktivistin, Buchautorin und<br \/>\nTr\u00e4gerin verschiedener internationaler Friedenspreise<\/h3>\n<h3>spricht \u00fcber ihr Engagement gegen Hoffnungslosigkeit und Resignation<br \/>\nin ihrer Heimat Pal\u00e4stina und ihren Einsatz f\u00fcr Frieden in Pal\u00e4stina und Israel<br \/>\nSonntag, 24. November 2019, 19:00 Uhr<br \/>\nHeilandskirche\/Gemeindesaal<br \/>\nGraz, Kaiser-Josef-Platz 9<br \/>\nEintritt: Freiwillige Spenden<\/h3>\n<h3><a href=\"http:\/\/www.friedensplattform.at\/wp-content\/uploads\/2019\/11\/VA-Sumaya_-Graz_A5-Flyer-auf-A4-wenden.pdf\">VA Sumaya_ Graz_A5-Flyer auf A4 wenden<\/a><\/h3>\n<p>&nbsp;<\/p>\n<p>&nbsp;<\/p>\n<p>&nbsp;<\/p>\n","protected":false},"excerpt":{"rendered":"<p>Dr. Sumaya Farhat-Naser pal\u00e4stinensische Friedensaktivistin, Buchautorin und Tr\u00e4gerin verschiedener internationaler Friedenspreise spricht \u00fcber ihr Engagement gegen Hoffnungslosigkeit und Resignation in ihrer Heimat Pal\u00e4stina und ihren Einsatz f\u00fcr Frieden in Pal\u00e4stina und Israel Sonntag, 24. November 2019, 19:00 Uhr Heilandskirche\/Gemeindesaal Graz, Kaiser-Josef-Platz 9 Eintritt: Freiwillige Spenden VA Sumaya_ Graz_A5-Flyer auf A4 wenden &nbsp; &nbsp; &nbsp;<\/p>\n","protected":false},"author":2,"featured_media":0,"comment_status":"open","ping_status":"open","sticky":false,"template":"","format":"standard","meta":{"footnotes":""},"categories":[1],"tags":[],"class_list":["post-5297","post","type-post","status-publish","format-standard","hentry","category-allgemein"],"_links":{"self":[{"href":"http:\/\/www.friedensplattform.at\/index.php?rest_route=\/wp\/v2\/posts\/5297","targetHints":{"allow":["GET"]}}],"collection":[{"href":"http:\/\/www.friedensplattform.at\/index.php?rest_route=\/wp\/v2\/posts"}],"about":[{"href":"http:\/\/www.friedensplattform.at\/index.php?rest_route=\/wp\/v2\/types\/post"}],"author":[{"embeddable":true,"href":"http:\/\/www.friedensplattform.at\/index.php?rest_route=\/wp\/v2\/users\/2"}],"replies":[{"embeddable":true,"href":"http:\/\/www.friedensplattform.at\/index.php?rest_route=%2Fwp%2Fv2%2Fcomments&post=5297"}],"version-history":[{"count":3,"href":"http:\/\/www.friedensplattform.at\/index.php?rest_route=\/wp\/v2\/posts\/5297\/revisions"}],"predecessor-version":[{"id":5337,"href":"http:\/\/www.friedensplattform.at\/index.php?rest_route=\/wp\/v2\/posts\/5297\/revisions\/5337"}],"wp:attachment":[{"href":"http:\/\/www.friedensplattform.at\/index.php?rest_route=%2Fwp%2Fv2%2Fmedia&parent=5297"}],"wp:term":[{"taxonomy":"category","embeddable":true,"href":"http:\/\/www.friedensplattform.at\/index.php?rest_route=%2Fwp%2Fv2%2Fcategories&post=5297"},{"taxonomy":"post_tag","embeddable":true,"href":"http:\/\/www.friedensplattform.at\/index.php?rest_route=%2Fwp%2Fv2%2Ftags&post=5297"}],"curies":[{"name":"wp","href":"https:\/\/api.w.org\/{rel}","templated":true}]}}