{"id":5479,"date":"2019-07-26T12:09:59","date_gmt":"2019-07-26T12:09:59","guid":{"rendered":"http:\/\/www.friedensplattform.at\/?p=5479"},"modified":"2019-12-26T12:16:16","modified_gmt":"2019-12-26T12:16:16","slug":"es-gibt-keinen-gemeinsamen-kampf-mit-rassistinnen-oder-rechtsextremen-fuer-die-rechte-der-palaestinenserinnen","status":"publish","type":"post","link":"http:\/\/www.friedensplattform.at\/?p=5479","title":{"rendered":"Es gibt keinen gemeinsamen Kampf mit Rassist*innen oder Rechtsextremen f\u00fcr die Rechte der Pal\u00e4stinenser*innen!"},"content":{"rendered":"<div>Es ist nicht das erste mal, dass faschistische Gruppen und einzelne Faschist*innen sich positiv auf die internationale BDS-Kampagne beziehen. So hatte sich 2016 eine Person, die sich sp\u00e4ter als Aktivist\u00a0der neonazistischen Szene herausstellte,\u00a0unerkannt und unaufgefordert bei einer Protestaktion von <a href=\"http:\/\/bdsberlin.org\/2016\/09\/20\/bds-ist-eine-antikolonialistische-antirassistische-bewegung\/\">BDS Berlin<\/a> gegen Sodastream vor Galeria Kaufhof am Alexanderplatz in ihre Reihen gestellt.<\/div>\n<p><!--more--><\/p>\n<div><\/div>\n<div><\/div>\n<div><\/div>\n<div class=\"below-entry-meta\"><span class=\"posted-on\"><a title=\"13:39\" href=\"http:\/\/bds-kampagne.de\/2019\/05\/31\/es-gibt-keinen-gemeinsamen-kampf-mit-rassistinnen-oder-rechtsextremen-fuer-die-rechte-der-palaestinenserinnen\/\" rel=\"bookmark\"><i class=\"fa fa-calendar-o\"><\/i> <time class=\"entry-date published\" datetime=\"2019-05-31T13:39:36+02:00\">31. Mai 2019<\/time><\/a><\/span> <i class=\"fa fa-user\"><\/i><\/div>\n<div class=\"entry-content clearfix\">\n<p>In einer Pressemitteilung vom 14. Mai 2019 ruft die Partei DIE RECHTE zur \u201e<em>Versteigerung des Tatwerkzeugs zugunsten der BDS-Kampagne<\/em>\u201c auf. Als Redaktion der Webseite <a href=\"http:\/\/www.bds-kampagne.de\">www.bds-kampagne.de<\/a> nehmen wir dazu Stellung:<\/p>\n<p>Es ist nicht das erste mal, dass faschistische Gruppen und einzelne Faschist*innen sich positiv auf die internationale BDS-Kampagne beziehen. So hatte sich 2016 eine Person, die sich sp\u00e4ter als Aktivist\u00a0der neonazistischen Szene herausstellte,\u00a0unerkannt und unaufgefordert bei einer Protestaktion von <a href=\"http:\/\/bdsberlin.org\/2016\/09\/20\/bds-ist-eine-antikolonialistische-antirassistische-bewegung\/\">BDS Berlin<\/a> gegen Sodastream vor Galeria Kaufhof am Alexanderplatz in ihre Reihen gestellt.<\/p>\n<p>Wenn heute also die Partei DIE RECHTE zu einer Versteigerung zu Gunsten der BDS-Kampagne in Deutschland aufruft, m\u00f6chten wir unmissverst\u00e4ndlich klarstellen, dass wir jegliche Form der Unterst\u00fctzung von der Partei DIE RECHTE und allen anderen Rechtsextremen und Faschist*innen zur\u00fcckweisen.<\/p>\n<figure id=\"attachment_12236\" class=\"wp-caption aligncenter\" aria-describedby=\"caption-attachment-12236\"><a href=\"http:\/\/bds-kampagne.de\/wp-content\/uploads\/2019\/05\/BDS-Austria-Antifa.jpg\"><img loading=\"lazy\" decoding=\"async\" class=\"wp-image-12236\" src=\"http:\/\/bds-kampagne.de\/wp-content\/uploads\/2019\/05\/BDS-Austria-Antifa-300x169.jpg\" sizes=\"auto, (max-width: 800px) 100vw, 800px\" srcset=\"http:\/\/bds-kampagne.de\/wp-content\/uploads\/2019\/05\/BDS-Austria-Antifa-300x169.jpg 300w, http:\/\/bds-kampagne.de\/wp-content\/uploads\/2019\/05\/BDS-Austria-Antifa-768x432.jpg 768w, http:\/\/bds-kampagne.de\/wp-content\/uploads\/2019\/05\/BDS-Austria-Antifa.jpg 960w\" alt=\"\" width=\"800\" height=\"450\" \/><\/a><figcaption id=\"caption-attachment-12236\" class=\"wp-caption-text\">BDS Austria 2018<\/figcaption><\/figure>\n<p>Die weltweite BDS-Bewegung unterst\u00fctzt den <a href=\"http:\/\/bds-kampagne.de\/aufruf\/aufruf-der-palstinensischen-zivilgesellschaft\/\">Aufruf der pal\u00e4stinensischen Zivilgesellschaft<\/a> vom Juli 2005 zu Boykott, Investitionsentzug [Desinvestitionen] und Sanktionen gegen Israel, bis Israel internationalem Recht und den universellen Prinzipien der Menschenrechte nachkommt.<\/p>\n<p>Dementsprechend sind Anh\u00e4nger*innen und Unterst\u00fctzer*innen von Kolonialismus, Apartheid und Rassismus bei unseren Protestaktionen nicht erw\u00fcnscht.\u00a0BDS ist eine antikolonialistische, antirassistische Bewegung. Das hei\u00dft, dass Rechtsextreme und Faschist*innen in unserer Bewegung und bei unseren Aktionen und Veranstaltungen nichts zu suchen haben und, falls sie dennoch auftauchen sollten, nicht geduldet werden. Es gibt keinen gemeinsamen Kampf mit Rassist*innen oder Rechtsextremen f\u00fcr die Rechte der Pal\u00e4stinenser*innen.<\/p>\n<p>Mit internationalistischen und antifaschistischen Gr\u00fc\u00dfen<\/p>\n<p>Redaktion <a href=\"http:\/\/bds-kampagne.de\/\">www.bds-kampagne.de<\/a><\/p>\n<\/div>\n<p>&nbsp;<\/p>\n<p>&nbsp;<\/p>\n<p>&nbsp;<\/p>\n<p>&nbsp;<\/p>\n","protected":false},"excerpt":{"rendered":"<p>Es ist nicht das erste mal, dass faschistische Gruppen und einzelne Faschist*innen sich positiv auf die internationale BDS-Kampagne beziehen. So hatte sich 2016 eine Person, die sich sp\u00e4ter als Aktivist\u00a0der neonazistischen Szene herausstellte,\u00a0unerkannt und unaufgefordert bei einer Protestaktion von BDS Berlin gegen Sodastream vor Galeria Kaufhof am Alexanderplatz in ihre Reihen gestellt.<\/p>\n","protected":false},"author":3,"featured_media":0,"comment_status":"open","ping_status":"open","sticky":false,"template":"","format":"standard","meta":{"footnotes":""},"categories":[71,69],"tags":[],"class_list":["post-5479","post","type-post","status-publish","format-standard","hentry","category-antifaschismus","category-bds-kampagne"],"_links":{"self":[{"href":"http:\/\/www.friedensplattform.at\/index.php?rest_route=\/wp\/v2\/posts\/5479","targetHints":{"allow":["GET"]}}],"collection":[{"href":"http:\/\/www.friedensplattform.at\/index.php?rest_route=\/wp\/v2\/posts"}],"about":[{"href":"http:\/\/www.friedensplattform.at\/index.php?rest_route=\/wp\/v2\/types\/post"}],"author":[{"embeddable":true,"href":"http:\/\/www.friedensplattform.at\/index.php?rest_route=\/wp\/v2\/users\/3"}],"replies":[{"embeddable":true,"href":"http:\/\/www.friedensplattform.at\/index.php?rest_route=%2Fwp%2Fv2%2Fcomments&post=5479"}],"version-history":[{"count":1,"href":"http:\/\/www.friedensplattform.at\/index.php?rest_route=\/wp\/v2\/posts\/5479\/revisions"}],"predecessor-version":[{"id":5481,"href":"http:\/\/www.friedensplattform.at\/index.php?rest_route=\/wp\/v2\/posts\/5479\/revisions\/5481"}],"wp:attachment":[{"href":"http:\/\/www.friedensplattform.at\/index.php?rest_route=%2Fwp%2Fv2%2Fmedia&parent=5479"}],"wp:term":[{"taxonomy":"category","embeddable":true,"href":"http:\/\/www.friedensplattform.at\/index.php?rest_route=%2Fwp%2Fv2%2Fcategories&post=5479"},{"taxonomy":"post_tag","embeddable":true,"href":"http:\/\/www.friedensplattform.at\/index.php?rest_route=%2Fwp%2Fv2%2Ftags&post=5479"}],"curies":[{"name":"wp","href":"https:\/\/api.w.org\/{rel}","templated":true}]}}