{"id":5583,"date":"2020-02-18T06:59:27","date_gmt":"2020-02-18T06:59:27","guid":{"rendered":"http:\/\/www.friedensplattform.at\/?p=5583"},"modified":"2020-03-07T20:10:03","modified_gmt":"2020-03-07T20:10:03","slug":"andreas-zumach-kommt-nach-graz","status":"publish","type":"post","link":"http:\/\/www.friedensplattform.at\/?p=5583","title":{"rendered":"Andreas Zumach kommt am 2.3. nach Graz"},"content":{"rendered":"<h3><a href=\"http:\/\/www.friedensplattform.at\/wp-content\/uploads\/2020\/02\/IMG_20200223_181700.jpg\"><img loading=\"lazy\" decoding=\"async\" class=\"wp-image-5621 alignleft\" src=\"http:\/\/www.friedensplattform.at\/wp-content\/uploads\/2020\/02\/IMG_20200223_181700-300x225.jpg\" alt=\"\" width=\"462\" height=\"347\" srcset=\"http:\/\/www.friedensplattform.at\/wp-content\/uploads\/2020\/02\/IMG_20200223_181700-300x225.jpg 300w, http:\/\/www.friedensplattform.at\/wp-content\/uploads\/2020\/02\/IMG_20200223_181700-768x576.jpg 768w, http:\/\/www.friedensplattform.at\/wp-content\/uploads\/2020\/02\/IMG_20200223_181700-1024x768.jpg 1024w\" sizes=\"auto, (max-width: 462px) 100vw, 462px\" \/><\/a><a href=\"http:\/\/www.friedensplattform.at\/wp-content\/uploads\/2020\/02\/Einladg-VA-Zumach_20200302_1.pdf\">Einladg VA Zumach_20200302_1<\/a><a href=\"http:\/\/www.friedensplattform.at\/wp-content\/uploads\/2020\/02\/Zumach-Foto-gr\u00f6\u00dfere-DAtenmenge.jpg\"><img loading=\"lazy\" decoding=\"async\" class=\"size-medium wp-image-5589 aligncenter\" src=\"http:\/\/www.friedensplattform.at\/wp-content\/uploads\/2020\/02\/Zumach-Foto-gr\u00f6\u00dfere-DAtenmenge-201x300.jpg\" alt=\"\" width=\"201\" height=\"300\" srcset=\"http:\/\/www.friedensplattform.at\/wp-content\/uploads\/2020\/02\/Zumach-Foto-gr\u00f6\u00dfere-DAtenmenge-201x300.jpg 201w, http:\/\/www.friedensplattform.at\/wp-content\/uploads\/2020\/02\/Zumach-Foto-gr\u00f6\u00dfere-DAtenmenge.jpg 685w\" sizes=\"auto, (max-width: 201px) 100vw, 201px\" \/><\/a><\/h3>\n<h2><span style=\"font-family: Arial; font-size: small;\">Werte SympathisantInnen der Friedensplattform!<\/span><\/h2>\n<h2><span style=\"font-family: Arial; font-size: small;\">Der in friedenspolitischen Fragen \u00e4u\u00dferst kompetente deutsch-schweizerische Journalist Andreas Zumach kommt nach Graz:<br \/>\n<\/span><\/h2>\n<h2><span style=\"font-family: Arial; font-size: small;\"><b>Montag, 2. M\u00e4rz 19:00 FH Joanneum, Alte-Poststra\u00dfe 149<\/b><br \/>\n<\/span><\/h2>\n<p><!--more--><\/p>\n<p><span style=\"font-family: Arial; font-size: small;\">(siehe Einladung)<\/span><\/p>\n<p><span style=\"font-family: Arial; font-size: small;\">Inhaltlich wird es dabei um Analysen der wichtigsten aktuellen <\/span><span style=\"font-family: Arial; font-size: small;\">friedenspolitischen Herausforderungen gehen.<\/span><\/p>\n<h3><\/h3>\n<p><span class=\"wing floating\" role=\"contentinfo\">Seit 1988 UNO- und Schweizkorrespondent der taz <\/span><span class=\"wing floating\" role=\"contentinfo\">mit Sitz in Genf und freier Korrespondent f\u00fcr andere<\/span><\/p>\n<p><span class=\"wing floating\" role=\"contentinfo\"> Printmedien, Rundfunk-und Fernsehanstalten in <\/span><span class=\"wing floating\" role=\"contentinfo\">Deutschland,<\/span><span class=\"wing floating\" role=\"contentinfo\">Schweiz,\u00d6sterreich, USA und Gro\u00dfbritannien;<\/span><\/p>\n<p><span class=\"wing floating\" role=\"contentinfo\">zudem t\u00e4tig als Vortragsreferent, Diskutant und Moderator zu zahlreichen Themen der internationalen Politik, insbesondere:UNO, Menschenrechte, R\u00fcstung und Abr\u00fcstung, Kriege, Nahost, Ressourcenkonflikte (Energie, Wasser, Nahrung), Afghanistan&#8230; geb. 1954 in K\u00f6ln, nach zweij\u00e4hrigem Zivildienst in den USA 1975-1979 Studium der Sozialarbeit, Volkswirtschaft und Journalismus in K\u00f6ln; 1979-81 Redakteur bei der 1978 parallel zur taz gegr\u00fcndeten Westberliner Zeitung &#8222;Die Neue&#8220;; 1981-87 Referent bei der Aktion S\u00fchnezeichen\/Friedensdienste, verantwortlich f\u00fcr die Organisation der Bonner Friedensdemonstrationen 1981 ff.; Sprecher des Bonner Koordinationsausschuss der bundesweiten Friedensbewegung. B\u00fccher: Die kommenden Kriege (2005), Irak-Chronik eines gewollten Krieges (2003); Vereinte Nationen (1995) <\/span><\/p>\n<p>&nbsp;<\/p>\n","protected":false},"excerpt":{"rendered":"<p>Einladg VA Zumach_20200302_1 Werte SympathisantInnen der Friedensplattform! Der in friedenspolitischen Fragen \u00e4u\u00dferst kompetente deutsch-schweizerische Journalist Andreas Zumach kommt nach Graz: Montag, 2. M\u00e4rz 19:00 FH Joanneum, Alte-Poststra\u00dfe 149<\/p>\n","protected":false},"author":2,"featured_media":0,"comment_status":"open","ping_status":"open","sticky":false,"template":"","format":"standard","meta":{"footnotes":""},"categories":[1],"tags":[],"class_list":["post-5583","post","type-post","status-publish","format-standard","hentry","category-allgemein"],"_links":{"self":[{"href":"http:\/\/www.friedensplattform.at\/index.php?rest_route=\/wp\/v2\/posts\/5583","targetHints":{"allow":["GET"]}}],"collection":[{"href":"http:\/\/www.friedensplattform.at\/index.php?rest_route=\/wp\/v2\/posts"}],"about":[{"href":"http:\/\/www.friedensplattform.at\/index.php?rest_route=\/wp\/v2\/types\/post"}],"author":[{"embeddable":true,"href":"http:\/\/www.friedensplattform.at\/index.php?rest_route=\/wp\/v2\/users\/2"}],"replies":[{"embeddable":true,"href":"http:\/\/www.friedensplattform.at\/index.php?rest_route=%2Fwp%2Fv2%2Fcomments&post=5583"}],"version-history":[{"count":9,"href":"http:\/\/www.friedensplattform.at\/index.php?rest_route=\/wp\/v2\/posts\/5583\/revisions"}],"predecessor-version":[{"id":5625,"href":"http:\/\/www.friedensplattform.at\/index.php?rest_route=\/wp\/v2\/posts\/5583\/revisions\/5625"}],"wp:attachment":[{"href":"http:\/\/www.friedensplattform.at\/index.php?rest_route=%2Fwp%2Fv2%2Fmedia&parent=5583"}],"wp:term":[{"taxonomy":"category","embeddable":true,"href":"http:\/\/www.friedensplattform.at\/index.php?rest_route=%2Fwp%2Fv2%2Fcategories&post=5583"},{"taxonomy":"post_tag","embeddable":true,"href":"http:\/\/www.friedensplattform.at\/index.php?rest_route=%2Fwp%2Fv2%2Ftags&post=5583"}],"curies":[{"name":"wp","href":"https:\/\/api.w.org\/{rel}","templated":true}]}}