{"id":5607,"date":"2020-02-20T17:14:07","date_gmt":"2020-02-20T17:14:07","guid":{"rendered":"http:\/\/www.friedensplattform.at\/?p=5607"},"modified":"2020-02-20T17:14:07","modified_gmt":"2020-02-20T17:14:07","slug":"leserbrief-von-f-soelkner-auf-erneut-diffamierenden-artikel-in-kleiner-zeitung-18-2-20","status":"publish","type":"post","link":"http:\/\/www.friedensplattform.at\/?p=5607","title":{"rendered":"Leserbrief von F.S\u00f6lkner auf erneut diffamierenden Artikel in Kleiner Zeitung 18.2.20"},"content":{"rendered":"<p><span style=\"font-family: Arial; font-size: small;\"><b>R\u00fcckenwind von Trump?<\/b><br \/>\n<\/span><\/p>\n<p><span style=\"font-family: Arial; font-size: small;\">Nach monatelangem Druck war MMag. Elie Rosen am 14. Nov. 2019 erfolgreich. Der Grazer Gemeinderat hat <\/span><span style=\"font-family: Arial; font-size: small;\">in einer Erkl\u00e4rung Kritik am Zionismus, die ethnozentrisch-<wbr \/>nationalistische Staatsideologie Israels, und die Unterst\u00fctzung von BDS, die auf gewaltfreien Boykott\u00a0 Israels setzende internationale Pal\u00e4stina-Solidarit\u00e4tsbewegung als &#8222;antisemitisch&#8220; diffamiert. Diskussionen \u00fcber Israels v\u00f6lkerrechtswidrige Pal\u00e4stina-Politik sollen aus dem \u00f6ffentlichen Raum der Stadt Graz verbannt werden.<br \/>\n<\/span><!--more--><\/p>\n<p><span style=\"font-family: Arial; font-size: small;\">Die extrem einseitige Parteinahme des Welthegemons USA unter Trump zugunsten Israels ermutigt Herr Rosen wahrscheinlich jetzt zum n\u00e4chsten Schlag auszuholen. Dass er dabei auch BDS, den Verein Somm, die Steirische Friedensplattform, die Plattform &#8222;Pal\u00e4stina Solidarit\u00e4t \u00d6sterreich&#8220; und mich attackiert, ist aus seiner Sicht verst\u00e4ndlich. Anders als er orientieren wir uns ja nicht an der Politik der Netanjahus und Trumps, sondern an den legitimen Freiheitsinteressen des seit Jahrzehnten hart unterdr\u00fcckten pal\u00e4stinensischen Volkes und an den Stimmen der Friedens- und Menschenrechtsbewegungen in Israel und weltweit.<br \/>\n<\/span><\/p>\n<p><span style=\"font-family: Arial; font-size: small;\">V\u00f6llig inakzeptabel ist aber sein neuerlicher Angriff auf den renommierten V\u00f6lkerrechtler Univ. Prof. em. Dr. Wolfgang Benedek, den er offenbar nicht einmal f\u00fcr w\u00fcrdig befindet, mit ihm in einer Arbeitsgruppe \u00fcber das Ph\u00e4nomen des &#8222;Antisemitismus&#8220; zu diskutieren.<br \/>\n<\/span><\/p>\n<p><span style=\"font-family: Arial; font-size: small;\">Herr Rosen sagt, er spreche im Namen der J\u00fcdischen Gemeinde Graz. Ich bef\u00fcrchte, l\u00e4ngerfristig gedacht, erweist er mit dieser &#8222;Antisemitenmacherei&#8220; seiner Gemeinde einen B\u00e4rendienst.<\/span><\/p>\n","protected":false},"excerpt":{"rendered":"<p>R\u00fcckenwind von Trump? Nach monatelangem Druck war MMag. Elie Rosen am 14. Nov. 2019 erfolgreich. Der Grazer Gemeinderat hat in einer Erkl\u00e4rung Kritik am Zionismus, die ethnozentrisch-nationalistische Staatsideologie Israels, und die Unterst\u00fctzung von BDS, die auf gewaltfreien Boykott\u00a0 Israels setzende internationale Pal\u00e4stina-Solidarit\u00e4tsbewegung als &#8222;antisemitisch&#8220; diffamiert. Diskussionen \u00fcber Israels v\u00f6lkerrechtswidrige Pal\u00e4stina-Politik sollen aus dem \u00f6ffentlichen Raum &hellip; <a href=\"http:\/\/www.friedensplattform.at\/?p=5607\" class=\"more-link\"><span class=\"screen-reader-text\">Leserbrief von F.S\u00f6lkner auf erneut diffamierenden Artikel in Kleiner Zeitung 18.2.20<\/span> weiterlesen <span class=\"meta-nav\">&rarr;<\/span><\/a><\/p>\n","protected":false},"author":3,"featured_media":0,"comment_status":"open","ping_status":"open","sticky":false,"template":"","format":"standard","meta":{"footnotes":""},"categories":[1],"tags":[],"class_list":["post-5607","post","type-post","status-publish","format-standard","hentry","category-allgemein"],"_links":{"self":[{"href":"http:\/\/www.friedensplattform.at\/index.php?rest_route=\/wp\/v2\/posts\/5607","targetHints":{"allow":["GET"]}}],"collection":[{"href":"http:\/\/www.friedensplattform.at\/index.php?rest_route=\/wp\/v2\/posts"}],"about":[{"href":"http:\/\/www.friedensplattform.at\/index.php?rest_route=\/wp\/v2\/types\/post"}],"author":[{"embeddable":true,"href":"http:\/\/www.friedensplattform.at\/index.php?rest_route=\/wp\/v2\/users\/3"}],"replies":[{"embeddable":true,"href":"http:\/\/www.friedensplattform.at\/index.php?rest_route=%2Fwp%2Fv2%2Fcomments&post=5607"}],"version-history":[{"count":1,"href":"http:\/\/www.friedensplattform.at\/index.php?rest_route=\/wp\/v2\/posts\/5607\/revisions"}],"predecessor-version":[{"id":5609,"href":"http:\/\/www.friedensplattform.at\/index.php?rest_route=\/wp\/v2\/posts\/5607\/revisions\/5609"}],"wp:attachment":[{"href":"http:\/\/www.friedensplattform.at\/index.php?rest_route=%2Fwp%2Fv2%2Fmedia&parent=5607"}],"wp:term":[{"taxonomy":"category","embeddable":true,"href":"http:\/\/www.friedensplattform.at\/index.php?rest_route=%2Fwp%2Fv2%2Fcategories&post=5607"},{"taxonomy":"post_tag","embeddable":true,"href":"http:\/\/www.friedensplattform.at\/index.php?rest_route=%2Fwp%2Fv2%2Ftags&post=5607"}],"curies":[{"name":"wp","href":"https:\/\/api.w.org\/{rel}","templated":true}]}}