{"id":5753,"date":"2020-03-08T19:15:55","date_gmt":"2020-03-08T19:15:55","guid":{"rendered":"http:\/\/www.friedensplattform.at\/?p=5753"},"modified":"2020-03-26T19:16:36","modified_gmt":"2020-03-26T19:16:36","slug":"palaestinensische-frauen-im-widerstand","status":"publish","type":"post","link":"http:\/\/www.friedensplattform.at\/?p=5753","title":{"rendered":"Pal\u00e4stinensische Frauen im Widerstand"},"content":{"rendered":"<p>Eine Dokumentation, als zweiter Teil der Ver\u00f6ffentlichung &#8222;Warum Pal\u00e4stina und Feminismus zusammengeh\u00f6ren&#8220;*.<\/p>\n<p>Zum Internationalen Frauentag 2020.<\/p>\n<p><em>Frauen der Pal\u00e4stina Solidarit\u00e4t Steiermark<\/em><\/p>\n<p><!--more--><\/p>\n<p><strong>\u201eAber neben den vielen Namen, die in der pal\u00e4stinensischen Geschichte verzeichnet sind, gibt es die Tausenden und Abertausenden von ungenannten heroischen Frauen, die Aktivistinnen und die K\u00e4mpferinnen, deren Namen wir nie kennen werden, die aber immer Teil von uns sein werden, weil sie unsere Gro\u00dfm\u00fctter, unsere M\u00fctter, unsere Schwestern, unsere Freundinnen und unsere Mitk\u00e4mpferinnen sind. Und das ist auch ein wichtiger Punkt. Wir tun das<\/strong> <strong>nicht wegen des Ruhmes oder des Protestfotos, wir k\u00e4mpfen, weil unser Leben davon abh\u00e4ngt.\u201c<br \/>\n<\/strong><em>Eman Khaleq (Foto) bei einem Treffen der Union of Palestinian American Women am 7. November 2015<a href=\"#_ftn1\" name=\"_ftnref1\"><strong>[1]<\/strong><\/a><\/em><\/p>\n<p><strong>Lesen Sie die Dokumentation HIER:\u00a0 <\/strong><a href=\"http:\/\/www.friedensplattform.at\/wp-content\/uploads\/2020\/03\/Pal\u00e4stinensische-Frauen-im-Widerstand-03_20.pdf\"><strong><span style=\"color: #ff0000;\">Pal\u00e4stinensische Frauen im Widerstand 03_20<\/span><\/strong><\/a><\/p>\n<p>&nbsp;<\/p>\n<p>*<a href=\"http:\/\/www.friedensplattform.at\/?p=4625\">http:\/\/www.friedensplattform.at\/?p=4625<\/a><\/p>\n<p><a href=\"#_ftnref1\" name=\"_ftn1\">[1]<\/a> <a href=\"http:\/\/liberationschool.org\/palestinian-women-the-backbone-of-resistance\/\">http:\/\/liberationschool.org\/palestinian-women-the-backbone-of-resistance\/<\/a><\/p>\n","protected":false},"excerpt":{"rendered":"<p>Eine Dokumentation, als zweiter Teil der Ver\u00f6ffentlichung &#8222;Warum Pal\u00e4stina und Feminismus zusammengeh\u00f6ren&#8220;*. Zum Internationalen Frauentag 2020. Frauen der Pal\u00e4stina Solidarit\u00e4t Steiermark<\/p>\n","protected":false},"author":3,"featured_media":0,"comment_status":"open","ping_status":"open","sticky":false,"template":"","format":"standard","meta":{"footnotes":""},"categories":[1,51],"tags":[],"class_list":["post-5753","post","type-post","status-publish","format-standard","hentry","category-allgemein","category-palfem"],"_links":{"self":[{"href":"http:\/\/www.friedensplattform.at\/index.php?rest_route=\/wp\/v2\/posts\/5753","targetHints":{"allow":["GET"]}}],"collection":[{"href":"http:\/\/www.friedensplattform.at\/index.php?rest_route=\/wp\/v2\/posts"}],"about":[{"href":"http:\/\/www.friedensplattform.at\/index.php?rest_route=\/wp\/v2\/types\/post"}],"author":[{"embeddable":true,"href":"http:\/\/www.friedensplattform.at\/index.php?rest_route=\/wp\/v2\/users\/3"}],"replies":[{"embeddable":true,"href":"http:\/\/www.friedensplattform.at\/index.php?rest_route=%2Fwp%2Fv2%2Fcomments&post=5753"}],"version-history":[{"count":1,"href":"http:\/\/www.friedensplattform.at\/index.php?rest_route=\/wp\/v2\/posts\/5753\/revisions"}],"predecessor-version":[{"id":5763,"href":"http:\/\/www.friedensplattform.at\/index.php?rest_route=\/wp\/v2\/posts\/5753\/revisions\/5763"}],"wp:attachment":[{"href":"http:\/\/www.friedensplattform.at\/index.php?rest_route=%2Fwp%2Fv2%2Fmedia&parent=5753"}],"wp:term":[{"taxonomy":"category","embeddable":true,"href":"http:\/\/www.friedensplattform.at\/index.php?rest_route=%2Fwp%2Fv2%2Fcategories&post=5753"},{"taxonomy":"post_tag","embeddable":true,"href":"http:\/\/www.friedensplattform.at\/index.php?rest_route=%2Fwp%2Fv2%2Ftags&post=5753"}],"curies":[{"name":"wp","href":"https:\/\/api.w.org\/{rel}","templated":true}]}}