{"id":5909,"date":"2020-05-04T09:55:45","date_gmt":"2020-05-04T09:55:45","guid":{"rendered":"http:\/\/www.friedensplattform.at\/?p=5909"},"modified":"2020-05-05T11:38:05","modified_gmt":"2020-05-05T11:38:05","slug":"aufruf-juedischer-intellektueller-zur-abloesung-von-felix-klein-als-antisemitismus-beauftragten-der-dt-bundesregierung","status":"publish","type":"post","link":"http:\/\/www.friedensplattform.at\/?p=5909","title":{"rendered":"Aufruf j\u00fcdischer Intellektueller zur Abl\u00f6sung von Felix Klein als Antisemitismus-Beauftragten der dt. Bundesregierung"},"content":{"rendered":"<p>Sehr geehrter Herr Minister Seehofer,<\/p>\n<p>Wir, j\u00fcdische Gelehrte und K\u00fcnstlerInnen aus Israel und anderswo, von denen viele ExpertInnen zu Antisemitismus, Judaistik, Holocaust- und Israel-Studien sind , fordern Sie auf, Felix Klein zu ersetzen, den Beauftragten der Bundesregierung f\u00fcr das j\u00fcdische Leben in Deutschland und den Kampf gegen Antisemitismus, nach seinem sch\u00e4ndlichen Angriff auf Prof. Achille Mbembe.<!--more--><\/p>\n<p>Herr Horst Seehofer<br \/>\nBundesminister des Innern,<br \/>\nBau- und Wohnungswesen<br \/>\nAlt-Moabit 14010557 Berlin\/Deutschland<\/p>\n<p>In Kopie an: Angela Merkel, Bundeskanzlerin der Bundesrepublik Deutschland<br \/>\nHeiko Maas, Minister f\u00fcr Ausw\u00e4rtiges<\/p>\n<p>Betrifft: Aufruf zur Abl\u00f6sung Felix Kleins als Beauftragtem der Bundesregierung f\u00fcr die Bek\u00e4mpfung des Antisemitismus<br \/>\n30.April 2020<\/p>\n<p>Sehr geehrter Herr Minister Seehofer,<br \/>\nWir, j\u00fcdische Wissenschaftler und K\u00fcnstlerInnen aus Israel und anderswo, von denen viele auf Antisemitismus, Judaistik, Holocaust und Israelwissenschaften spezialisiert sind, fordern Sie auf, Felix Klein, den Beauftragten der Bundesregierung f\u00fcr das j\u00fcdische Leben in Deutschland und die Bek\u00e4mpfung des Antisemitismus, nach seinem sch\u00e4ndlichen Angriff auf Prof. Achille Mbembe, abzul\u00f6sen.<\/p>\n<p>Prof. Achille Mbembe ist, wie Sie wissen, einer der bedeutendsten Intellektuellen Afrikas, dessen humanistische Stimme und Gelehrsamkeit weltweit geh\u00f6rt und bewundert wird.<\/p>\n<p>Wir halten Herrn Kleins Versuch, Prof. Mbembe als Antisemiten darzustellen, f\u00fcr unbegr\u00fcndet, unangemessen, beleidigend und sch\u00e4dlich.<\/p>\n<p>Wir sind uns bewusst, dass der Angriff auf Prof. Mbembe von Dritten initiiert wurde, die ihn als Er\u00f6ffnungsredner der diesj\u00e4hrigen Ruhrtriennale ablehnten. Angesichts seiner offiziellen Rolle und Verantwortung halten wir es f\u00fcr inakzeptabel, dass Herr Klein sich diesem Angriff, der zu einer Hexenjagd herabsank, angeschlossen hat.<\/p>\n<p>Wir sind best\u00fcrzt, dass Herr Klein dies getan hat, ohne sich die M\u00fche gemacht zu haben, das Werk von Prof. Mbembe zu studieren. Stattdessen st\u00fctzte er sich f\u00fcr seine Anschuldigungen auf eine zutiefst selektive Lekt\u00fcre und manipulative Interpretation der Schriften von Prof. Mbembe durch Dritte. Wenn man bedenkt, dass der Vorwurf des Antisemitismus das Ansehen eines Menschen ruinieren kann, ist dies an sich schon ein schwerwiegendes berufliches und moralisches Fehlverhalten.<\/p>\n<p>Das Festival Ruhrtriennale wurde wegen des Coronavirus inzwischen abgesagt. Dieser Vorfall kann jedoch nicht ohne Folgen f\u00fcr Herrn Klein bleiben. Neben der pers\u00f6nlichen und beruflichen Sch\u00e4digung von Prof. Mbembe hat Klein dem dringenden Kampf gegen den echten Antisemitismus einen B\u00e4rendienst erwiesen und einen Schatten auf die Integrit\u00e4t seines \u00f6ffentlichen Amtes geworfen.<\/p>\n<p>Mit dem Vorwurf, Prof. Mbembe habe den Holocaust &#8222;relativiert&#8220;, hat Klein auch der akademischen Freiheit geschadet. Dieser toxische Vorwurf bezieht sich auf die Studie von Prof. Mbembe in Bezug auf den Holocaust-Vergleichskontext. Wir m\u00f6chten ganz klar sagen: eine solche Studie ist keine Verharmlosung des Holocaust und schon gar nicht Antisemitismus. Sie ist legitim, wesentlich und in der Tat allt\u00e4glich in der Holocaust- und V\u00f6lkermordforschung. Ungef\u00e4hr 600 f\u00fchrende Holocaust-ForscherInnen haben k\u00fcrzlich behauptet, dass das Verbot von Analogien in der Debatte \u00fcber den Holocaust&#8220;eine radikale Position ist, die weit von der Mainstream-Forschung \u00fcber den Holocaust und V\u00f6lkermord entfernt ist. Und die es fast unm\u00f6glich macht, aus der Vergangenheit zu lernen&#8220;.<\/p>\n<p>Kleins Angriff auf Prof. Mbembe passt in ein Muster. Er hat eine f\u00fchrende Rolle bei der &#8222;Umwandlung\u201c des Antisemitismus \u201ein eine Waffe\u201c gegen KritikerInnen der israelischen Regierung und AktivistInnen \u00fcbernommen, die von ihrer Rede- und Versammlungsfreiheit Gebrauch machen, um gegen Israels Verletzungen der Grundrechte der Pal\u00e4stinenserInnen zu protestieren.<br \/>\nAls offizieller Vertreter der deutschen Regierung untergr\u00e4bt Herr Klein die Aus\u00fcbung der Grundfreiheiten &#8211; dies sollte Ihre Regierung angesichts ihres Bekenntnisses zu demokratischen Prinzipien und Rechtsstaatlichkeit zutiefst beunruhigen.<\/p>\n<p>Ungerechtfertigte Vorw\u00fcrfe des Antisemitismus schaffen in Deutschland zunehmend ein Klima der Angst und halten Intellektuelle, JournalistInnen und die breite \u00d6ffentlichkeit davon ab, sich frei zu kontroversen Themen zu \u00e4u\u00dfern, die \u00f6ffentlich debattiert werden sollten. Gerade in dieser Stunde ist eine freie und kritische Rede in Bezug auf Israel notwendiger denn je.<\/p>\n<p>W\u00e4hrend die Welt verzweifelt gegen das Coronavirus k\u00e4mpft, bewegt sich die neue israelische Regierung auf die Annexion wichtiger Teile der besetzten pal\u00e4stinensischen Westbank zu &#8211; eine schwere Verletzung des V\u00f6lkerrechts, die die Situation zweier V\u00f6lker mit ungleichen Rechten innerhalb eines Territoriums formalisiert.<\/p>\n<p>56 ehemalige Mitglieder der Knesset, von denen einige als Minister in verschiedenen israelischen Regierungen gedient haben, warnten k\u00fcrzlich davor, dass dadurch ein Apartheidstaat in Israel-Pal\u00e4stina etabliert w\u00fcrde.<\/p>\n<p>H\u00e4lt Herr Klein sie f\u00fcr Antisemiten? Und alle anderen, die nach der Umsetzung der Annexion von Ungleichheit und Diskriminierung sprechen werden?<\/p>\n<p>Diese Fragen stellen sich, nachdem Herr Klein Prof. Mbembe des Antisemitismus beschuldigt hat, weil er Israel angeblich mit dem einstigen Apartheidstaat S\u00fcdafrika gleichsetzt.<\/p>\n<p>Dar\u00fcber hinaus hat Herr Klein aggressive Kampagnen gegen Organisationen und Einzelpersonen, einige von ihnen J\u00fcdisch, aufgrund ihrer Unterst\u00fctzung f\u00fcr &#8222;BDS&#8220; gef\u00f6rdert und verst\u00e4rkt. Er ist eindeutig besessen von der BDS-Kampagne, die in Deutschland nur einen winzigen Fu\u00dfabdruck hat, und scheint ihr mehr Zeit zu widmen als der akuten Bedrohung, die der Anstieg des rechtsextremen Antisemitismus f\u00fcr J\u00fcdInnen und j\u00fcdisches Leben in Deutschland darstellt.<\/p>\n<p>Unsere Ansichten \u00fcber BDS gehen auseinander, aber es ist v\u00f6llig klar: BDS als solches ist nicht antisemitisch und wird essentiell durch die Meinungs- und Versammlungsfreiheit gesch\u00fctzt, was auch von mehreren deutschen Gerichten best\u00e4tigt wurde. Es ist bedauerlich, aber nicht \u00fcberraschend, dass die israelische Regierung Krieg gegen BDS f\u00fchrt &#8211; aber wie kann sich ein deutscher Regierungsbeamter diesem Krieg in Frontlinie anschlie\u00dfen?<\/p>\n<p>In diesem Zusammenhang m\u00f6chten wir hinzuf\u00fcgen, dass dieser Anti-BDS-Kreuzzug unbestreitbar zur Marginalisierung nicht-wei\u00dfer Stimmen und Minderheiten in Deutschland beitr\u00e4gt und Rassismus und nationalistische Emotionen f\u00f6rdert.<\/p>\n<p>Wir bedauern auch, dass Herr Klein den politisierten Missbrauch der IHRA-Definition, die Antisemitismus mit Kritik und Aktivismus gegen Israel verbindet, gef\u00f6rdert hat, um GegnerInnen der israelischen Politik zu diskreditieren und zum Schweigen zu bringen. Auch hier beobachten wir, dass Herr Klein in Synergie mit der israelischen Regierung arbeitet.<\/p>\n<p>Genau diese israelische Regierung bereitet sich derzeit auf die Annexion wichtiger Teile Pal\u00e4stinas vor. Um diesen dramatischen Schritt politisch abzuschirmen und von den dokumentierten Beweisen f\u00fcr die systematische Verletzung der Menschenrechte der Pal\u00e4stinenserInnen abzulenken, hat sie absichtlich Antisemitismusvorw\u00fcrfe zur Waffe gemacht.<\/p>\n<p>Seit seiner Ernennung im Mai 2018 hat Herr Klein diese fatale Instrumentalisierung, die &#8211; wie wir wiederholen m\u00f6chten &#8211; dem Kampf gegen den echten Antisemitismus schadet, bei zahlreichen Gelegenheiten erm\u00f6glicht und legitimiert; das j\u00fcngste Beispiel ist sein Angriff auf Prof. Mbembe.<\/p>\n<p>Aus all diesen Gr\u00fcnden halten wir Herrn Klein f\u00fcr unqualifiziert und ungeeignet f\u00fcr die ihm \u00fcbertragene wichtige Aufgabe. Er ist ein Beamter, der unter Ihrer politischen Verantwortung arbeitet. <b>Wir fordern Sie auf, Herrn Klein unverz\u00fcglich als Beauftragter der Bundesregierung f\u00fcr das j\u00fcdische Leben und den Kampf gegen den Antisemitismus abzul\u00f6sen.<\/b><\/p>\n<p>\u00dcbersetzt mit www.DeepL.com\/Translator (kostenlose Version), red. HS<\/p>\n<p>Unterschriften im Original:<\/p>\n<p><a href=\"http:\/\/www.friedensplattform.at\/wp-content\/uploads\/2020\/05\/459345514-Call-on-German-Minister-Seehofer.pdf\"><strong>459345514-Call-on-German-Minister-Seehofer<\/strong><\/a><\/p>\n","protected":false},"excerpt":{"rendered":"<p>Sehr geehrter Herr Minister Seehofer, Wir, j\u00fcdische Gelehrte und K\u00fcnstlerInnen aus Israel und anderswo, von denen viele ExpertInnen zu Antisemitismus, Judaistik, Holocaust- und Israel-Studien sind , fordern Sie auf, Felix Klein zu ersetzen, den Beauftragten der Bundesregierung f\u00fcr das j\u00fcdische Leben in Deutschland und den Kampf gegen Antisemitismus, nach seinem sch\u00e4ndlichen Angriff auf Prof. Achille &hellip; <a href=\"http:\/\/www.friedensplattform.at\/?p=5909\" class=\"more-link\"><span class=\"screen-reader-text\">Aufruf j\u00fcdischer Intellektueller zur Abl\u00f6sung von Felix Klein als Antisemitismus-Beauftragten der dt. Bundesregierung<\/span> weiterlesen <span class=\"meta-nav\">&rarr;<\/span><\/a><\/p>\n","protected":false},"author":3,"featured_media":0,"comment_status":"open","ping_status":"open","sticky":false,"template":"","format":"standard","meta":{"footnotes":""},"categories":[18],"tags":[],"class_list":["post-5909","post","type-post","status-publish","format-standard","hentry","category-palaestina-solidaritaet"],"_links":{"self":[{"href":"http:\/\/www.friedensplattform.at\/index.php?rest_route=\/wp\/v2\/posts\/5909","targetHints":{"allow":["GET"]}}],"collection":[{"href":"http:\/\/www.friedensplattform.at\/index.php?rest_route=\/wp\/v2\/posts"}],"about":[{"href":"http:\/\/www.friedensplattform.at\/index.php?rest_route=\/wp\/v2\/types\/post"}],"author":[{"embeddable":true,"href":"http:\/\/www.friedensplattform.at\/index.php?rest_route=\/wp\/v2\/users\/3"}],"replies":[{"embeddable":true,"href":"http:\/\/www.friedensplattform.at\/index.php?rest_route=%2Fwp%2Fv2%2Fcomments&post=5909"}],"version-history":[{"count":4,"href":"http:\/\/www.friedensplattform.at\/index.php?rest_route=\/wp\/v2\/posts\/5909\/revisions"}],"predecessor-version":[{"id":5919,"href":"http:\/\/www.friedensplattform.at\/index.php?rest_route=\/wp\/v2\/posts\/5909\/revisions\/5919"}],"wp:attachment":[{"href":"http:\/\/www.friedensplattform.at\/index.php?rest_route=%2Fwp%2Fv2%2Fmedia&parent=5909"}],"wp:term":[{"taxonomy":"category","embeddable":true,"href":"http:\/\/www.friedensplattform.at\/index.php?rest_route=%2Fwp%2Fv2%2Fcategories&post=5909"},{"taxonomy":"post_tag","embeddable":true,"href":"http:\/\/www.friedensplattform.at\/index.php?rest_route=%2Fwp%2Fv2%2Ftags&post=5909"}],"curies":[{"name":"wp","href":"https:\/\/api.w.org\/{rel}","templated":true}]}}