{"id":6065,"date":"2020-09-07T20:51:30","date_gmt":"2020-09-07T20:51:30","guid":{"rendered":"http:\/\/www.friedensplattform.at\/?p=6065"},"modified":"2020-09-07T20:54:31","modified_gmt":"2020-09-07T20:54:31","slug":"replik-auf-den-profil-artikel-von-christa-zoechling","status":"publish","type":"post","link":"http:\/\/www.friedensplattform.at\/?p=6065","title":{"rendered":"Replik auf den Profil-Artikel von Christa Z\u00f6chling"},"content":{"rendered":"<p><a href=\"http:\/\/www.friedensplattform.at\/wp-content\/uploads\/2020\/09\/gaza-3829403_640.jpg\"><img loading=\"lazy\" decoding=\"async\" class=\" wp-image-6069 alignleft\" src=\"http:\/\/www.friedensplattform.at\/wp-content\/uploads\/2020\/09\/gaza-3829403_640-300x200.jpg\" alt=\"\" width=\"275\" height=\"183\" srcset=\"http:\/\/www.friedensplattform.at\/wp-content\/uploads\/2020\/09\/gaza-3829403_640-300x200.jpg 300w, http:\/\/www.friedensplattform.at\/wp-content\/uploads\/2020\/09\/gaza-3829403_640.jpg 640w\" sizes=\"auto, (max-width: 275px) 100vw, 275px\" \/><\/a>Guten Tag Frau Z\u00f6chling! Im Namen der Steirischen Friedensplattform weisen wir die \u00fcber uns aufgestellte Behauptung in ihrem <a href=\"https:\/\/www.profil.at\/oesterreich\/synagogen-anschlag-der-neue-antisemitismus-von-rechts-und-links\/401021459\">Artikel<\/a> vom 4.9.20 zur\u00fcck:<br \/>\n<em>Bei ihren Anti-Israel-Protesten waren auch schon Rechtsextreme mitmarschiert<\/em><br \/>\nDavon ist uns nichts bekannt. Auf unseren Demonstrationen und Kundgebungen achten wir so genau wie nur m\u00f6glich darauf, wer mit uns mitmarschiert. Als am Rande einer Demonstration im Jahr 2014, als wir gegen die Bombardierung des Gaza-Streifens durch Israel protestierten, ein offenbar provozieren wollender Rechtsextremer die Hand zum Hitlergru\u00df erhob, meldeten wir das sofort den anwesenden PolizistInnen und forderten sie auf, den Mann von der Demo zu verweisen und ihn wegen Wiederbet\u00e4tigung anzuzeigen.<!--more--><\/p>\n<p>Wir k\u00f6nnen nicht nachvollziehen, worauf Sie sich mit dieser Aussage beziehen. H\u00e4tten Sie nur einen Blick auf unsere Homepage geworfen: <a href=\"http:\/\/www.friedensplattform.at\/\">www.friedensplattform.at<\/a>, w\u00fcrden Sie diese Aussage schwer anzweifeln, denn wir positionieren uns seit jeher scharf gegen Rechtsextremismus und Faschismus und <a href=\"http:\/\/www.friedensplattform.at\/index.php?s=Feliferhof\">nicht nur mit Worten<\/a>.<\/p>\n<p>Dass eine Gruppe innerhalb der Friedensplattform als \u201ePal\u00e4stina Solidarit\u00e4t Steiermark\u201c sich f\u00fcr BDS einsetzt, ist korrekt und dazu stehen wir. Unsere Gr\u00fcnde daf\u00fcr k\u00f6nnen Sie u.a. in unserer <a href=\"http:\/\/www.friedensplattform.at\/?p=5303\">Medieninformation zum Beschluss gegen Antisemitismus, Antizionismus und BDS<\/a> des Grazer Stadtrats nachlesen.<\/p>\n<p>Die Behauptung der Involvierung des migrantischen Vereins in diese Aktivit\u00e4ten, allein auf Grund personeller \u00dcberschneidung wie Sie formulieren, weisen wir hingegen zur\u00fcck.<\/p>\n<p>Sowohl die Steir. Friedensplattform als auch der Verein haben diese und weitere falsche Behauptungen und Diffamierungen in der vor allem von der FP\u00d6 vorangetriebenen Medienkampagne im Sommer 2019 klar zur\u00fcckgewiesen.<\/p>\n<p>Leider haben Sie sich offenbar vor allem auf einschl\u00e4gige Medienberichte aus dieser Kampagne gest\u00fctzt und weder das Gespr\u00e4ch mit uns gesucht noch unsere Homepage konsultiert.<\/p>\n<p>Auch die von Herrn Rosen erw\u00e4hnte \u201eBrunnen-Vergiftung\u201c, k\u00f6nnen wir von unseren Publikationen her nicht nachvollziehen.<\/p>\n<p>Wie haben auf unserer Homepage zwei Artikel zum Thema \u201eWasserversorgung\u201c in Pal\u00e4stina ver\u00f6ffentlicht.<\/p>\n<p>&#8211;<a href=\"http:\/\/www.friedensplattform.at\/?p=5693\">\u00b4Dying of Thirst in Gaza\u00b4<\/a><\/p>\n<p>&#8211;<a href=\"http:\/\/www.friedensplattform.at\/?p=1565\">Wasser ist im Nahen Osten<\/a><\/p>\n<p>Lesen Sie sie bitte, \u00fcberpr\u00fcfen Sie ihre Behauptungen.<\/p>\n<p>Dass Herr Rosen im Kontext der israelischen Regierungspropaganda unsere Pal\u00e4stina-Solidarit\u00e4ts- aktivit\u00e4ten ablehnt, erscheint uns geradezu logisch.<\/p>\n<p>Das Vorgehen gegen Prof. Benedek von Seiten Herrn Rosens ist allerdings absolut unverst\u00e4ndlich und nicht hinnehmbar.<\/p>\n<p>Prof. Benedek ist ein hochangesehener V\u00f6lkerrechtsexperte, der den Grazer Menschenrechtsbeirat mitgegr\u00fcndet hat und sich immer wieder gesellschafts- und friedenspolitisch artikuliert. Ein Wissenschafter wie er ist unabdingbar f\u00fcr eine kritische Zivilgesellschaft, die einen Resonanzboden in Wissenschaft und Medien braucht, wie es in einer Demokratie sein soll.<\/p>\n<p>Unsere Publikationen dazu finden Sie hier<\/p>\n<p>&#8211;<a href=\"http:\/\/www.friedensplattform.at\/?p=5611\">Grazer Israel-Lobby attackiert V\u00f6lkerrechtler Benedek<\/a><\/p>\n<p>und hier<\/p>\n<p>&#8211;<a href=\"http:\/\/www.friedensplattform.at\/?p=5165\">Replik auf Presseerkl\u00e4rung der Gesellschaft d Freunde d j\u00fcd.Gemeinde<\/a><\/p>\n<p>Wir machen Sie auch ausdr\u00fccklich auf unsere <a href=\"http:\/\/www.friedensplattform.at\/?p=6047\">Verurteilung des Angriffes auf den Vorsitzenden der j\u00fcdischen Gemeinde in Graz<\/a> aufmerksam.<\/p>\n<p>Wir vermissen die journalistische Sorgfaltspflicht in ihrem Artikel.<\/p>\n<p>&nbsp;<\/p>\n<p>Mit friedenspolitischen Gr\u00fc\u00dfen<\/p>\n<p>f\u00fcr die steirische Friedensplattform<\/p>\n<p>Franz S\u00f6lkner<\/p>\n<p>Helga Suleiman<\/p>\n<p>Graz, am 7.9.2020<\/p>\n<p>NACHTRAG:<\/p>\n<div class=\"gmail_default\">unseren Nachtrag zu ihrem Hannah Arendt Zitat entnehmen Sie diesem Artikel von Omri Boehm.<\/div>\n<div class=\"gmail_default\">Hannah Arendt wusste zu differenzieren zwischen Antisemitismus und Antizionismus.<\/div>\n<div class=\"gmail_default\">&#8222;<em>Die Verfasserin des Essays &#8222;Wir Fl\u00fcchtlinge&#8220; wusste, dass sich hinter der verharmlosenden Formulierung eine Politik der Vertreibungen\u00a0verbarg.<\/em>&#8222;<\/div>\n<div class=\"gmail_default\">Sie kritisierte den politischen Zionismus scharf und machte sich f\u00fcr ein Zusammenleben von J\u00fcdInnen und AraberInnen stark.<\/div>\n<div class=\"gmail_default\"><a href=\"https:\/\/www.sueddeutsche.de\/kultur\/nahostkonflikt-israel-palaestina-trump-1.5022187\" target=\"_blank\" rel=\"noopener\" data-saferedirecturl=\"https:\/\/www.google.com\/url?q=https:\/\/www.sueddeutsche.de\/kultur\/nahostkonflikt-israel-palaestina-trump-1.5022187&amp;source=gmail&amp;ust=1599596733707000&amp;usg=AFQjCNGgmWFyNMqhpY3kwoGyejG7Q-rHmw\">https:\/\/www.sueddeutsche.de\/<wbr \/>kultur\/nahostkonflikt-israel-<wbr \/>palaestina-trump-1.5022187<\/a><\/div>\n<div class=\"gmail_default\"><\/div>\n<div>Bild: hosny_salah Gaza Streifen<\/div>\n","protected":false},"excerpt":{"rendered":"<p>Guten Tag Frau Z\u00f6chling! Im Namen der Steirischen Friedensplattform weisen wir die \u00fcber uns aufgestellte Behauptung in ihrem Artikel vom 4.9.20 zur\u00fcck: Bei ihren Anti-Israel-Protesten waren auch schon Rechtsextreme mitmarschiert Davon ist uns nichts bekannt. Auf unseren Demonstrationen und Kundgebungen achten wir so genau wie nur m\u00f6glich darauf, wer mit uns mitmarschiert. Als am Rande &hellip; <a href=\"http:\/\/www.friedensplattform.at\/?p=6065\" class=\"more-link\"><span class=\"screen-reader-text\">Replik auf den Profil-Artikel von Christa Z\u00f6chling<\/span> weiterlesen <span class=\"meta-nav\">&rarr;<\/span><\/a><\/p>\n","protected":false},"author":3,"featured_media":0,"comment_status":"open","ping_status":"open","sticky":false,"template":"","format":"standard","meta":{"footnotes":""},"categories":[1,22],"tags":[],"class_list":["post-6065","post","type-post","status-publish","format-standard","hentry","category-allgemein","category-interview-mit-dr-werner-ruf"],"_links":{"self":[{"href":"http:\/\/www.friedensplattform.at\/index.php?rest_route=\/wp\/v2\/posts\/6065","targetHints":{"allow":["GET"]}}],"collection":[{"href":"http:\/\/www.friedensplattform.at\/index.php?rest_route=\/wp\/v2\/posts"}],"about":[{"href":"http:\/\/www.friedensplattform.at\/index.php?rest_route=\/wp\/v2\/types\/post"}],"author":[{"embeddable":true,"href":"http:\/\/www.friedensplattform.at\/index.php?rest_route=\/wp\/v2\/users\/3"}],"replies":[{"embeddable":true,"href":"http:\/\/www.friedensplattform.at\/index.php?rest_route=%2Fwp%2Fv2%2Fcomments&post=6065"}],"version-history":[{"count":4,"href":"http:\/\/www.friedensplattform.at\/index.php?rest_route=\/wp\/v2\/posts\/6065\/revisions"}],"predecessor-version":[{"id":6073,"href":"http:\/\/www.friedensplattform.at\/index.php?rest_route=\/wp\/v2\/posts\/6065\/revisions\/6073"}],"wp:attachment":[{"href":"http:\/\/www.friedensplattform.at\/index.php?rest_route=%2Fwp%2Fv2%2Fmedia&parent=6065"}],"wp:term":[{"taxonomy":"category","embeddable":true,"href":"http:\/\/www.friedensplattform.at\/index.php?rest_route=%2Fwp%2Fv2%2Fcategories&post=6065"},{"taxonomy":"post_tag","embeddable":true,"href":"http:\/\/www.friedensplattform.at\/index.php?rest_route=%2Fwp%2Fv2%2Ftags&post=6065"}],"curies":[{"name":"wp","href":"https:\/\/api.w.org\/{rel}","templated":true}]}}