{"id":6425,"date":"2021-08-15T14:12:29","date_gmt":"2021-08-15T14:12:29","guid":{"rendered":"http:\/\/www.friedensplattform.at\/?p=6425"},"modified":"2021-08-15T14:12:29","modified_gmt":"2021-08-15T14:12:29","slug":"brian-eno-unterstuetzt-bds","status":"publish","type":"post","link":"http:\/\/www.friedensplattform.at\/?p=6425","title":{"rendered":"BRIAN ENO UNTERST\u00dcTZT BDS!"},"content":{"rendered":"<p><strong class=\"field-content\">Der britische K\u00fcnstler ist Stargast beim Stadt-Graz gef\u00f6rderten Elevate-Festival. Pal\u00e4stina Solidarit\u00e4t fordert die R\u00fccknahme des Anti-BDS Gemeinderatsbeschlusses vom November 2019. Brian Eno unterst\u00fctzt BDS! <\/strong><\/p>\n<p><!--more--><\/p>\n<p><strong>\u00a0<\/strong><\/p>\n<p><strong>F\u00dcR DIE FREIHEIT DER PAL\u00c4STINENSERINNEN!<\/strong><\/p>\n<p><strong>\u00a0<\/strong><\/p>\n<p>Der britische K\u00fcnstler <strong>Brian Eno<\/strong> ist der Stargast beim Grazer Elevate Festival 2021. Vom 5. bis 28. August wird von Mittwoch bis Sonntag jeweils von 14:00\u201322:00 im Dom im Berg seine gro\u00dfartige audiovisuelle Installation \u201e77 Million Paintings\u201c gezeigt.<\/p>\n<p>Brian Eno z\u00e4hlt nicht nur zur internationalen k\u00fcnstlerischen Avantgarde, sondern nimmt auch politisch fortschrittliche Positionen ein. Er verurteilt die Kriege gegen die Bev\u00f6lkerung in Gaza, die ethnischen S\u00e4uberungen, das israelische Apartheidsystem und die andauernde Kolonialisierung Pal\u00e4stinas.<\/p>\n<p><strong>Brian Eno unterst\u00fctzt die zivilgesellschaftliche Bewegung BDS (Boykott, Desinvestment, Sanktionen) als legitimen Protest gegen die israelische Besatzung Pal\u00e4stinas.<\/strong><\/p>\n<p>&nbsp;<\/p>\n<p><strong>WAS IST BDS?<a href=\"#_ftn1\" name=\"_ftnref1\">[1]<\/a><\/strong><\/p>\n<p>BDS ist eine internationale Solidarit\u00e4tsbewegung. Sie wurde 2005 von 171 zivilgesellschaftlichen pal\u00e4stinensischen Organisationen gegr\u00fcndet. Sie bekennt sich zur Gewaltfreiheit und orientiert sich am Vorbild der Boykott-Bewegung, die in den 1980er-Jahren entscheidend zur \u00dcberwindung des Apartheid-Regimes in S\u00fcdafrika beigetragen hat.<\/p>\n<p>Mit BDS fordern die Pal\u00e4stinenserInnen die Einl\u00f6sung ihrer international garantierten Rechte, die in zahlreichen UN-Resolutionen festgeschrieben sind:<\/p>\n<ul>\n<li>Beendigung der Besatzung und Abbruch der Trennungsmauer<\/li>\n<li>Gleiche Rechte f\u00fcr die Menschen zwischen Mittelmeer und Jordan.<\/li>\n<li>Realisierung des Rechts auf R\u00fcckkehr der Vertriebenen und Geflohenen.<\/li>\n<\/ul>\n<p>&nbsp;<\/p>\n<p>Brian Eno ist Mitglied der Plattform \u201eArtists for Palestine UK\u201c. Mit tausenden K\u00fcnstler:innen weltweit setzt er sich f\u00fcr ein Ende der Kollaboration mit dem israelischen Apartheidsystem ein. Koloniale Herrschaftsverh\u00e4ltnisse verlangen ein klares Bekenntnis: sich auf die Seite jener zu stellen, die um ihre Befreiung von Unterdr\u00fcckung k\u00e4mpfen. Brian Eno und viele andere K\u00fcnstler:innen tun das, indem sie die Zusammenarbeit mit dem israelischen Regime boykottieren.<\/p>\n<p><strong>ISRAEL BEK\u00c4MPFT BDS<\/strong><\/p>\n<p>Israels Regierungen f\u00fcrchten den wachsenden internationalen Erfolg der Bewegung. Sie sehen ihre ethnonationalistische Staats-struktur gef\u00e4hrdet. Gemeinsam mit einer starken Pro-Israel-Lobby in den USA und Europa bek\u00e4mpft Israel die BDS-Bewegung daher seit Jahren in einer zig-Millionen teuren Propaganda-Kampagne (\u201eHasbara\u201c) mit dem Vorwurf des \u201eAntisemitismus\u201c. Namhafte Pers\u00f6nlichkeiten, darunter auch viele mit j\u00fcdischem Hintergrund (u.a. Noam Chomsky, Moshe Zuckermann), nehmen BDS gegen diesen k\u00fcnstlich konstruierten Vorwurf in Schutz. Regisseur Len Loach, der Historiker Ilan Pappe, der Popmusiker Roger Waters oder eben Brian Eno unterst\u00fctzen BDS ausdr\u00fccklich.<\/p>\n<p>Brian Eno kritisiert \u00f6ffentlich die Hexenjagd, mit welcher israelkritische K\u00fcnstler:innen, Philosoph:innen, Festival-organisator:innen, Aktivist:innen in Deutschland konfrontiert sind.<a href=\"#_ftn2\" name=\"_ftnref2\">[2]<\/a> Selbst ihm als international gefeierten K\u00fcnstler wurden in Deutschland bereits Ausstellungsm\u00f6glichkeiten entzogen. Aber er l\u00e4sst sich davon nicht einsch\u00fcchtern, weil er die Absicht der israelischen Anti-BDS-Kampagne klar erkennt. <em>\u201eThis is the work of tyranny: create a situation where people are frightened enough to keep their mouths shut, and self-censorship will do the rest.\u201c<\/em>, schreibt Brian Eno in seinem Beitrag.<\/p>\n<p>&nbsp;<\/p>\n<p><strong>DIE ELEVATE-ORGANISATORINNEN ZEIGEN COURAGE<\/strong><\/p>\n<p>Mit der Pr\u00e4sentation der Arbeit von Brian Eno leistet das Elevate-Festival einen wichtigen Beitrag zum Grazer Kulturleben. Mit der Einladung von Brian zeigen die VeranstalterInnen Courage &#8211; hat sich doch <strong>der Grazer Gemeinderat in den Dienst der israelischen Anti-BDS-Propaganda<\/strong> gestellt. Am 14. November 2019 wurde beschlossen, dass Veranstaltungen mit BDS-Inhalt keine st\u00e4dtischen R\u00e4ume zur Verf\u00fcgung gestellt werden d\u00fcrfen. Veranstalter:innen droht der Verlust von Geldmittelf\u00f6rderungen durch die Stadt Graz.<\/p>\n<p>&nbsp;<\/p>\n<p><strong>WIR FORDERN DIE R\u00dcCKNAHME DES GEMEINDERATSBESCHLUSSES!<\/strong><\/p>\n<p>Mit Ausnahme der KP\u00d6 (Stimmenthaltung) haben alle Fraktionen des Gemeinderates diesem Beschluss zugestimmt. Das ist ein Machtmissbrauch zur Einschr\u00e4nkung des Menschenrechts auf Meinungsfreiheit (Art. 10 der Europ\u00e4ischen Menschen-rechtskonvention\/EMRK) und eine autorit\u00e4re Bevormundung der W\u00e4hler:innen. Gegen \u00e4hnliche Raumverbote in deutschen St\u00e4dten liegen Gerichtsurteile vor.<\/p>\n<p>Und <strong>der Europ\u00e4ische Menschenrechtsgerichtshof hat in seiner Entscheidung vom 11. Juni 2020 erkl\u00e4rt, dass Aktivit\u00e4ten der BDS-Bewegung durch das Grundrecht auf Meinungsfreiheit gedeckt sind.<\/strong><\/p>\n<p>&nbsp;<\/p>\n<p>Wir fordern im Sinne der Wiederherstellung des Menschenrechtes auf Meinungsfreiheit die Aufhebung des Anti-BDS-Beschlusses des Grazer Gemeinderates und auch des steirischen Landtages!<\/p>\n<p>&nbsp;<\/p>\n<p><em>\u201eDie israelische Regierung nach den j\u00fcngsten Morden an unbewaffneten pal\u00e4stinensischen Demonstrant:innen zu kritisieren, ist kein Antisemitismus. Das ist zivilisationsfreundlich \u2013 das spricht sich f\u00fcr zivilisiertes Verhalten und gegen staatliche Brutalit\u00e4t aus. Es bedeutet aufzustehen und zu sagen: Die Rechtsstaatlichkeit gilt \u00fcberall.\u201c<\/em>\u00a0 Zitat von Brian Eno.<\/p>\n<p><strong>\u00a0<\/strong><\/p>\n<p><strong>Wir von Pal\u00e4stina Solidarit\u00e4t Steiermark unterst\u00fctzen BDS als legitimen Protest gegen Unterdr\u00fcckung, Besatzung und Apartheid. <\/strong><\/p>\n<p><strong>Wenn auch Sie einen wirksamen Beitrag leisten wollen zur Befreiung des seit Jahrzehnten hart unterdr\u00fcckten Volkes der Pal\u00e4stinenser:innen, f\u00fcr Frieden und Gerechtigkeit, dann kontaktieren Sie uns unter: <\/strong><\/p>\n<p><a href=\"mailto:palaestina_solidaritaet@gmx.at\"><strong>palaestina_solidaritaet@gmx.at<\/strong><\/a><\/p>\n<p>&nbsp;<\/p>\n<p>Der zweite Infostand &#8222;Brian Eno supports BDS&#8220; fand am Samstag, 15.8.21 in Graz vor dem Ausstellungseingang am Schlo\u00dfbergplatz statt.<\/p>\n<p><a href=\"http:\/\/www.friedensplattform.at\/wp-content\/uploads\/2021\/08\/235cb5ed-f59d-4b24-b901-597975933703.jpg\"><img loading=\"lazy\" decoding=\"async\" class=\"alignnone size-medium wp-image-6427\" src=\"http:\/\/www.friedensplattform.at\/wp-content\/uploads\/2021\/08\/235cb5ed-f59d-4b24-b901-597975933703-225x300.jpg\" alt=\"\" width=\"225\" height=\"300\" srcset=\"http:\/\/www.friedensplattform.at\/wp-content\/uploads\/2021\/08\/235cb5ed-f59d-4b24-b901-597975933703-225x300.jpg 225w, http:\/\/www.friedensplattform.at\/wp-content\/uploads\/2021\/08\/235cb5ed-f59d-4b24-b901-597975933703-768x1024.jpg 768w, http:\/\/www.friedensplattform.at\/wp-content\/uploads\/2021\/08\/235cb5ed-f59d-4b24-b901-597975933703.jpg 1200w\" sizes=\"auto, (max-width: 225px) 100vw, 225px\" \/><\/a> <a href=\"http:\/\/www.friedensplattform.at\/wp-content\/uploads\/2021\/08\/af638d2a-e56e-4481-b1a2-5ee74518e8b5.jpg\"><img loading=\"lazy\" decoding=\"async\" class=\"alignnone size-medium wp-image-6429\" src=\"http:\/\/www.friedensplattform.at\/wp-content\/uploads\/2021\/08\/af638d2a-e56e-4481-b1a2-5ee74518e8b5-225x300.jpg\" alt=\"\" width=\"225\" height=\"300\" srcset=\"http:\/\/www.friedensplattform.at\/wp-content\/uploads\/2021\/08\/af638d2a-e56e-4481-b1a2-5ee74518e8b5-225x300.jpg 225w, http:\/\/www.friedensplattform.at\/wp-content\/uploads\/2021\/08\/af638d2a-e56e-4481-b1a2-5ee74518e8b5-768x1024.jpg 768w, http:\/\/www.friedensplattform.at\/wp-content\/uploads\/2021\/08\/af638d2a-e56e-4481-b1a2-5ee74518e8b5.jpg 1200w\" sizes=\"auto, (max-width: 225px) 100vw, 225px\" \/><\/a> <a href=\"http:\/\/www.friedensplattform.at\/wp-content\/uploads\/2021\/08\/IMG_1044.jpg\"><img loading=\"lazy\" decoding=\"async\" class=\"alignnone size-medium wp-image-6431\" src=\"http:\/\/www.friedensplattform.at\/wp-content\/uploads\/2021\/08\/IMG_1044-300x225.jpg\" alt=\"\" width=\"300\" height=\"225\" srcset=\"http:\/\/www.friedensplattform.at\/wp-content\/uploads\/2021\/08\/IMG_1044-300x225.jpg 300w, http:\/\/www.friedensplattform.at\/wp-content\/uploads\/2021\/08\/IMG_1044.jpg 320w\" sizes=\"auto, (max-width: 300px) 100vw, 300px\" \/><\/a> <a href=\"http:\/\/www.friedensplattform.at\/wp-content\/uploads\/2021\/08\/IMG_1046.jpg\"><img loading=\"lazy\" decoding=\"async\" class=\"alignnone size-medium wp-image-6433\" src=\"http:\/\/www.friedensplattform.at\/wp-content\/uploads\/2021\/08\/IMG_1046-225x300.jpg\" alt=\"\" width=\"225\" height=\"300\" srcset=\"http:\/\/www.friedensplattform.at\/wp-content\/uploads\/2021\/08\/IMG_1046-225x300.jpg 225w, http:\/\/www.friedensplattform.at\/wp-content\/uploads\/2021\/08\/IMG_1046.jpg 240w\" sizes=\"auto, (max-width: 225px) 100vw, 225px\" \/><\/a> <a href=\"http:\/\/www.friedensplattform.at\/wp-content\/uploads\/2021\/08\/IMG_1048.jpg\"><img loading=\"lazy\" decoding=\"async\" class=\"alignnone size-medium wp-image-6435\" src=\"http:\/\/www.friedensplattform.at\/wp-content\/uploads\/2021\/08\/IMG_1048-300x225.jpg\" alt=\"\" width=\"300\" height=\"225\" srcset=\"http:\/\/www.friedensplattform.at\/wp-content\/uploads\/2021\/08\/IMG_1048-300x225.jpg 300w, http:\/\/www.friedensplattform.at\/wp-content\/uploads\/2021\/08\/IMG_1048.jpg 320w\" sizes=\"auto, (max-width: 300px) 100vw, 300px\" \/><\/a><\/p>\n<p>&nbsp;<\/p>\n<p>&nbsp;<\/p>\n<p>&nbsp;<\/p>\n<p><a href=\"#_ftnref1\" name=\"_ftn1\">[1]<\/a>https:\/\/bds-info.at\/<\/p>\n<p><a href=\"#_ftnref2\" name=\"_ftn2\">[2]<\/a>https:\/\/artistsforpalestine.org.uk\/tag\/brian-eno\/<\/p>\n","protected":false},"excerpt":{"rendered":"<p>Der britische K\u00fcnstler ist Stargast beim Stadt-Graz gef\u00f6rderten Elevate-Festival. Pal\u00e4stina Solidarit\u00e4t fordert die R\u00fccknahme des Anti-BDS Gemeinderatsbeschlusses vom November 2019. Brian Eno unterst\u00fctzt BDS!<\/p>\n","protected":false},"author":3,"featured_media":0,"comment_status":"open","ping_status":"open","sticky":false,"template":"","format":"standard","meta":{"footnotes":""},"categories":[18],"tags":[],"class_list":["post-6425","post","type-post","status-publish","format-standard","hentry","category-palaestina-solidaritaet"],"_links":{"self":[{"href":"http:\/\/www.friedensplattform.at\/index.php?rest_route=\/wp\/v2\/posts\/6425","targetHints":{"allow":["GET"]}}],"collection":[{"href":"http:\/\/www.friedensplattform.at\/index.php?rest_route=\/wp\/v2\/posts"}],"about":[{"href":"http:\/\/www.friedensplattform.at\/index.php?rest_route=\/wp\/v2\/types\/post"}],"author":[{"embeddable":true,"href":"http:\/\/www.friedensplattform.at\/index.php?rest_route=\/wp\/v2\/users\/3"}],"replies":[{"embeddable":true,"href":"http:\/\/www.friedensplattform.at\/index.php?rest_route=%2Fwp%2Fv2%2Fcomments&post=6425"}],"version-history":[{"count":1,"href":"http:\/\/www.friedensplattform.at\/index.php?rest_route=\/wp\/v2\/posts\/6425\/revisions"}],"predecessor-version":[{"id":6437,"href":"http:\/\/www.friedensplattform.at\/index.php?rest_route=\/wp\/v2\/posts\/6425\/revisions\/6437"}],"wp:attachment":[{"href":"http:\/\/www.friedensplattform.at\/index.php?rest_route=%2Fwp%2Fv2%2Fmedia&parent=6425"}],"wp:term":[{"taxonomy":"category","embeddable":true,"href":"http:\/\/www.friedensplattform.at\/index.php?rest_route=%2Fwp%2Fv2%2Fcategories&post=6425"},{"taxonomy":"post_tag","embeddable":true,"href":"http:\/\/www.friedensplattform.at\/index.php?rest_route=%2Fwp%2Fv2%2Ftags&post=6425"}],"curies":[{"name":"wp","href":"https:\/\/api.w.org\/{rel}","templated":true}]}}