{"id":6475,"date":"2021-09-16T07:04:37","date_gmt":"2021-09-16T07:04:37","guid":{"rendered":"http:\/\/www.friedensplattform.at\/?p=6475"},"modified":"2021-09-16T07:04:37","modified_gmt":"2021-09-16T07:04:37","slug":"seichte-analyse","status":"publish","type":"post","link":"http:\/\/www.friedensplattform.at\/?p=6475","title":{"rendered":"Seichte Analyse"},"content":{"rendered":"<div class=\"field field-name-body field-type-text-with-summary field-label-hidden\">\n<div class=\"field-items\">\n<div class=\"field-item even\">\n<p>Leserbrief von Franz S\u00f6lkner zum Kommentar von Israels Botschafter Rodgold in der Kleinen Zeitung 15.9.21<\/p>\n<\/div>\n<\/div>\n<\/div>\n<p><a href=\"http:\/\/www.friedensplattform.at\/wp-content\/uploads\/2021\/09\/221725525.jpg\"><img loading=\"lazy\" decoding=\"async\" class=\"alignnone size-medium wp-image-6477\" src=\"http:\/\/www.friedensplattform.at\/wp-content\/uploads\/2021\/09\/221725525-300x158.jpg\" alt=\"\" width=\"300\" height=\"158\" srcset=\"http:\/\/www.friedensplattform.at\/wp-content\/uploads\/2021\/09\/221725525-300x158.jpg 300w, http:\/\/www.friedensplattform.at\/wp-content\/uploads\/2021\/09\/221725525-768x405.jpg 768w, http:\/\/www.friedensplattform.at\/wp-content\/uploads\/2021\/09\/221725525.jpg 947w\" sizes=\"auto, (max-width: 300px) 100vw, 300px\" \/><\/a><\/p>\n<p>&nbsp;<\/p>\n<p><!--more--><\/p>\n<div class=\"field field-name-body field-type-text-with-summary field-label-hidden\">\n<div class=\"field-items\">\n<div class=\"field-item even\">\n<p>&nbsp;<\/p>\n<p>Die &#8222;Aussensicht&#8220; von Israels Botschafter Rodgold blendet wesentliche Fakten aus. Die Abraham-Vertr\u00e4ge sind keine &#8222;Normalisierung mit der arabischen Welt&#8220;, sondern Vereinbarungen der ethnonationalistischen Regierung Israels mit den politischen und wirtschaftlichen Eliten in arabischen Feudaldiktaturen (VAE, Bahrein) und einer autorit\u00e4ren Halbdemokratie (Marokko).\u00a0 Nat\u00fcrlich hat das technologisch starke Israel den Interessen dieser Regierungen einiges zu bieten. Die Arabischen Aufst\u00e4nde des letzten Jahrzehnts haben aber gezeigt, dass die dauerhafte Herrschaft dieser arabischen Regime h\u00f6chst unwahrscheinlich ist. Die Bev\u00f6lkerungsmehrheit in den arabischen Staaten steht Israel nach wie vor feindlich gegen\u00fcber. Und das wird auch so bleiben, solange Israel gegen\u00fcber dem pal\u00e4stinensischen Volk seine Politik der Apartheid, des Siedlerkolonialismus\u00a0 und der harten Milit\u00e4rbesatzung aufrecht erh\u00e4lt. Von dieser l\u00e4ngerfristigen Selbstgef\u00e4hrdung Israels keine einzige Zeile zu schreiben, zeigt ein erhebliches Ma\u00df an Realit\u00e4tsverweigerung.<\/p>\n<p>Franz S\u00f6lkner<\/p>\n<p>&nbsp;<\/p>\n<p><a class=\"moz-txt-link-freetext\" href=\"https:\/\/www.kleinezeitung.at\/meinung\/6033837\/Aussensicht_Israel-steht-als-Partner-bereit\" target=\"_blank\" rel=\"noreferrer noopener\" data-extlink=\"\">https:\/\/www.kleinezeitung.at\/meinung\/6033837\/Aussensicht_Israel-steht-als-Partner-bereit<span class=\"ext\"><span class=\"element-invisible\">(link is external)<\/span><\/span><\/a> .<\/p>\n<\/div>\n<\/div>\n<\/div>\n<p><!--more--><\/p>\n","protected":false},"excerpt":{"rendered":"<p>Leserbrief von Franz S\u00f6lkner zum Kommentar von Israels Botschafter Rodgold in der Kleinen Zeitung 15.9.21 &nbsp;<\/p>\n","protected":false},"author":3,"featured_media":0,"comment_status":"open","ping_status":"open","sticky":false,"template":"","format":"standard","meta":{"footnotes":""},"categories":[18],"tags":[],"class_list":["post-6475","post","type-post","status-publish","format-standard","hentry","category-palaestina-solidaritaet"],"_links":{"self":[{"href":"http:\/\/www.friedensplattform.at\/index.php?rest_route=\/wp\/v2\/posts\/6475","targetHints":{"allow":["GET"]}}],"collection":[{"href":"http:\/\/www.friedensplattform.at\/index.php?rest_route=\/wp\/v2\/posts"}],"about":[{"href":"http:\/\/www.friedensplattform.at\/index.php?rest_route=\/wp\/v2\/types\/post"}],"author":[{"embeddable":true,"href":"http:\/\/www.friedensplattform.at\/index.php?rest_route=\/wp\/v2\/users\/3"}],"replies":[{"embeddable":true,"href":"http:\/\/www.friedensplattform.at\/index.php?rest_route=%2Fwp%2Fv2%2Fcomments&post=6475"}],"version-history":[{"count":1,"href":"http:\/\/www.friedensplattform.at\/index.php?rest_route=\/wp\/v2\/posts\/6475\/revisions"}],"predecessor-version":[{"id":6479,"href":"http:\/\/www.friedensplattform.at\/index.php?rest_route=\/wp\/v2\/posts\/6475\/revisions\/6479"}],"wp:attachment":[{"href":"http:\/\/www.friedensplattform.at\/index.php?rest_route=%2Fwp%2Fv2%2Fmedia&parent=6475"}],"wp:term":[{"taxonomy":"category","embeddable":true,"href":"http:\/\/www.friedensplattform.at\/index.php?rest_route=%2Fwp%2Fv2%2Fcategories&post=6475"},{"taxonomy":"post_tag","embeddable":true,"href":"http:\/\/www.friedensplattform.at\/index.php?rest_route=%2Fwp%2Fv2%2Ftags&post=6475"}],"curies":[{"name":"wp","href":"https:\/\/api.w.org\/{rel}","templated":true}]}}