{"id":7615,"date":"2023-12-30T20:34:09","date_gmt":"2023-12-30T20:34:09","guid":{"rendered":"http:\/\/www.friedensplattform.at\/?p=7615"},"modified":"2023-12-30T20:38:06","modified_gmt":"2023-12-30T20:38:06","slug":"gaza-demo-vom-30-12-23-in-graz","status":"publish","type":"post","link":"http:\/\/www.friedensplattform.at\/?p=7615","title":{"rendered":"Gaza-Demo vom 30.12.23 in Graz"},"content":{"rendered":"<p>Mehrere hundert TeilnehmerInnen waren vom Hauptbahnhof bis zum Stadtpark unterwegs und gaben ein kr\u00e4ftiges Zeichen gegen den V\u00f6lkermord in Gaza.<br \/>\nDie Demo verlief ohne Zwischenf\u00e4lle.<\/p>\n<p><a href=\"http:\/\/www.friedensplattform.at\/wp-content\/uploads\/2023\/12\/IMG_4015.jpg\"><img loading=\"lazy\" decoding=\"async\" src=\"http:\/\/www.friedensplattform.at\/wp-content\/uploads\/2023\/12\/IMG_4015-300x169.jpg\" alt=\"\" width=\"300\" height=\"169\" class=\"alignleft size-medium wp-image-7617\" srcset=\"http:\/\/www.friedensplattform.at\/wp-content\/uploads\/2023\/12\/IMG_4015-300x169.jpg 300w, http:\/\/www.friedensplattform.at\/wp-content\/uploads\/2023\/12\/IMG_4015-768x432.jpg 768w, http:\/\/www.friedensplattform.at\/wp-content\/uploads\/2023\/12\/IMG_4015-1024x576.jpg 1024w\" sizes=\"auto, (max-width: 300px) 100vw, 300px\" \/><\/a><br \/>\n<a href=\"http:\/\/www.friedensplattform.at\/wp-content\/uploads\/2023\/12\/IMG_4013.jpg\"><img loading=\"lazy\" decoding=\"async\" src=\"http:\/\/www.friedensplattform.at\/wp-content\/uploads\/2023\/12\/IMG_4013-300x169.jpg\" alt=\"\" width=\"300\" height=\"169\" class=\"alignleft size-medium wp-image-7619\" srcset=\"http:\/\/www.friedensplattform.at\/wp-content\/uploads\/2023\/12\/IMG_4013-300x169.jpg 300w, http:\/\/www.friedensplattform.at\/wp-content\/uploads\/2023\/12\/IMG_4013-768x432.jpg 768w, http:\/\/www.friedensplattform.at\/wp-content\/uploads\/2023\/12\/IMG_4013-1024x576.jpg 1024w\" sizes=\"auto, (max-width: 300px) 100vw, 300px\" \/><\/a><\/p>\n<p>Videos: https:\/\/photos.app.goo.gl\/Ek9FQE7i22tAMS6b7<br \/>\n        https:\/\/photos.app.goo.gl\/ueVXnQ4suRzz37SX8<\/p>\n","protected":false},"excerpt":{"rendered":"<p>Mehrere hundert TeilnehmerInnen waren vom Hauptbahnhof bis zum Stadtpark unterwegs und gaben ein kr\u00e4ftiges Zeichen gegen den V\u00f6lkermord in Gaza. Die Demo verlief ohne Zwischenf\u00e4lle. Videos: https:\/\/photos.app.goo.gl\/Ek9FQE7i22tAMS6b7 https:\/\/photos.app.goo.gl\/ueVXnQ4suRzz37SX8<\/p>\n","protected":false},"author":2,"featured_media":0,"comment_status":"open","ping_status":"open","sticky":false,"template":"","format":"standard","meta":{"footnotes":""},"categories":[1],"tags":[],"class_list":["post-7615","post","type-post","status-publish","format-standard","hentry","category-allgemein"],"_links":{"self":[{"href":"http:\/\/www.friedensplattform.at\/index.php?rest_route=\/wp\/v2\/posts\/7615","targetHints":{"allow":["GET"]}}],"collection":[{"href":"http:\/\/www.friedensplattform.at\/index.php?rest_route=\/wp\/v2\/posts"}],"about":[{"href":"http:\/\/www.friedensplattform.at\/index.php?rest_route=\/wp\/v2\/types\/post"}],"author":[{"embeddable":true,"href":"http:\/\/www.friedensplattform.at\/index.php?rest_route=\/wp\/v2\/users\/2"}],"replies":[{"embeddable":true,"href":"http:\/\/www.friedensplattform.at\/index.php?rest_route=%2Fwp%2Fv2%2Fcomments&post=7615"}],"version-history":[{"count":3,"href":"http:\/\/www.friedensplattform.at\/index.php?rest_route=\/wp\/v2\/posts\/7615\/revisions"}],"predecessor-version":[{"id":7625,"href":"http:\/\/www.friedensplattform.at\/index.php?rest_route=\/wp\/v2\/posts\/7615\/revisions\/7625"}],"wp:attachment":[{"href":"http:\/\/www.friedensplattform.at\/index.php?rest_route=%2Fwp%2Fv2%2Fmedia&parent=7615"}],"wp:term":[{"taxonomy":"category","embeddable":true,"href":"http:\/\/www.friedensplattform.at\/index.php?rest_route=%2Fwp%2Fv2%2Fcategories&post=7615"},{"taxonomy":"post_tag","embeddable":true,"href":"http:\/\/www.friedensplattform.at\/index.php?rest_route=%2Fwp%2Fv2%2Ftags&post=7615"}],"curies":[{"name":"wp","href":"https:\/\/api.w.org\/{rel}","templated":true}]}}