{"id":7845,"date":"2024-02-22T19:03:03","date_gmt":"2024-02-22T19:03:03","guid":{"rendered":"http:\/\/www.friedensplattform.at\/?p=7845"},"modified":"2024-02-22T19:03:03","modified_gmt":"2024-02-22T19:03:03","slug":"die-ost-west-gegeninformationen-sind-digitalisiert","status":"publish","type":"post","link":"http:\/\/www.friedensplattform.at\/?p=7845","title":{"rendered":"Die Ost-West-Gegeninformationen sind digitalisiert"},"content":{"rendered":"<h3>Die Zeitschrift <a title=\"\u00d6ffnet Link in neuem Fenster\" href=\"https:\/\/ld.zdb-services.de\/resource\/1096366-2\">&#8222;Ost-West-Gegeninformationen&#8220; (OWG)<\/a> erschien von 1989 bis 2007 in Graz. Sie wurden initiiert und herausgegeben vom Alternativ-Sozialistischen Osteuropakomitee Graz<\/h3>\n<p><!--more--><\/p>\n<p>, ab 2004 traten das <a title=\"\u00d6ffnet Link in neuem Fenster\" href=\"https:\/\/suedosteuropa.uni-graz.at\/de\/\">Center for the Study of Balkan Societies and Cultures, Graz<\/a><u>,<\/u> und der Arbeitsbereichs Geschichte und Kultur am <a title=\"\u00d6ffnet Link in neuem Fenster\" href=\"https:\/\/www.oei.fu-berlin.de\/\">Osteuropa-Institut der FU Berlin<\/a> als herausgebende Institutionen hinzu. Die Zeitschrift ver\u00f6ffentlichte Analysen \u00fcber aktuelle politische, \u00f6konomische, gesellschaftliche und kulturelle Entwicklungen in den ehemals realsozialistischen L\u00e4ndern Europas. Das besondere Anliegen der Redaktion war es, Fachleute aus diesen L\u00e4ndern selbst zu Wort kommen zu lassen sowie die Schattenseiten der Transition, wie wachsende Ungleichheit und Nationalismus, kritisch zu reflektieren; dar\u00fcber hinaus wurden auch Artikel von &#8222;westlichen&#8220; Expert*innen ver\u00f6ffentlicht.<\/p>\n<p><a href=\"http:\/\/digital.bib-bvb.de\/collections\/IOS\/#\/documents\/SOLR-0220\">http:\/\/digital.bib-bvb.de\/collections\/IOS\/#\/documents\/SOLR-0220<\/a><\/p>\n","protected":false},"excerpt":{"rendered":"<p>Die Zeitschrift &#8222;Ost-West-Gegeninformationen&#8220; (OWG) erschien von 1989 bis 2007 in Graz. Sie wurden initiiert und herausgegeben vom Alternativ-Sozialistischen Osteuropakomitee Graz<\/p>\n","protected":false},"author":2,"featured_media":0,"comment_status":"open","ping_status":"open","sticky":false,"template":"","format":"standard","meta":{"footnotes":""},"categories":[1],"tags":[],"class_list":["post-7845","post","type-post","status-publish","format-standard","hentry","category-allgemein"],"_links":{"self":[{"href":"http:\/\/www.friedensplattform.at\/index.php?rest_route=\/wp\/v2\/posts\/7845","targetHints":{"allow":["GET"]}}],"collection":[{"href":"http:\/\/www.friedensplattform.at\/index.php?rest_route=\/wp\/v2\/posts"}],"about":[{"href":"http:\/\/www.friedensplattform.at\/index.php?rest_route=\/wp\/v2\/types\/post"}],"author":[{"embeddable":true,"href":"http:\/\/www.friedensplattform.at\/index.php?rest_route=\/wp\/v2\/users\/2"}],"replies":[{"embeddable":true,"href":"http:\/\/www.friedensplattform.at\/index.php?rest_route=%2Fwp%2Fv2%2Fcomments&post=7845"}],"version-history":[{"count":1,"href":"http:\/\/www.friedensplattform.at\/index.php?rest_route=\/wp\/v2\/posts\/7845\/revisions"}],"predecessor-version":[{"id":7847,"href":"http:\/\/www.friedensplattform.at\/index.php?rest_route=\/wp\/v2\/posts\/7845\/revisions\/7847"}],"wp:attachment":[{"href":"http:\/\/www.friedensplattform.at\/index.php?rest_route=%2Fwp%2Fv2%2Fmedia&parent=7845"}],"wp:term":[{"taxonomy":"category","embeddable":true,"href":"http:\/\/www.friedensplattform.at\/index.php?rest_route=%2Fwp%2Fv2%2Fcategories&post=7845"},{"taxonomy":"post_tag","embeddable":true,"href":"http:\/\/www.friedensplattform.at\/index.php?rest_route=%2Fwp%2Fv2%2Ftags&post=7845"}],"curies":[{"name":"wp","href":"https:\/\/api.w.org\/{rel}","templated":true}]}}