{"id":1013,"date":"2009-12-02T07:57:33","date_gmt":"2009-12-02T05:57:33","guid":{"rendered":"http:\/\/www.luxorbis.org\/friedensplattform.at\/?p=1013"},"modified":"2009-12-02T07:57:33","modified_gmt":"2009-12-02T05:57:33","slug":"globaler-aktionstag-klimaschutz","status":"publish","type":"post","link":"https:\/\/www.friedensplattform.at\/?p=1013","title":{"rendered":"Globaler Aktionstag &#8211; Klimaschutz"},"content":{"rendered":"<p><strong>12. Dezember 2009 &#8211; 14 UHR &#8211; WIEN<br \/>\nDemonstration &#8211; Westbahnhof<\/strong><\/p>\n<p>Europaplatz\/ Mariahilferstra\u00dfe<br \/>\n<!--more--><br \/>\nw\u00e4hrend des UN Klimakonferenz<br \/>\nin Kopenhagen (7. \u2013 18. Dezember)<\/p>\n<p><a style=\"text-decoration: underline;\" href=\"http:\/\/service.gmx.net\/de\/cgi\/derefer?TYPE=3&amp;DEST=http%3A%2F%2Fwww.globalclimatecampaign.org\" target=\"_blank\">www.globalclimatecampaign.org<\/a><\/p>\n<p>Wir verlangen von den M\u00e4chtigen der Welt dringende und radikale Ma\u00dfnahmen zu setzen, die geeignet sind, die drohende katastrophale Destabilisierung des globalen Klimas zu verhindern, damit die ganze Welt die Chance beh\u00e4lt, und eine st\u00e4rkere Reduzierung der Emission von Treibhausgasen vorantreiben kann.Wir verlangen von den \u00e4ltesten Industrienationen der Welt, die den gr\u00f6\u00dften Teil der Treibhausgase produziert haben, dass sie die Verantwortung daf\u00fcr wahrnehmen, indem sie umgehend ihre eigenen Emissionen reduzieren und in saubere Energieproduktion in den L\u00e4ndern der Dritten Welt investieren.<\/p>\n<p>Von der \u00f6sterreichischen Regierung verlangen wir ein v\u00f6llig neues \u00d6kostromgesetz zu beschlie\u00dfen und die Banken dazu zu verpflichten, \u00d6kostromproduktion entsprechend zu f\u00f6rdern. Weiters fordern wir alle Ma\u00dfnahmen f\u00fcr den Ausbau des \u00f6ffentlichen Verkehrs zu treffen und die Emission von Treibhausgasen durch die Industrie zu reduzieren.<\/p>\n<p>Kontakt: <a style=\"text-decoration: underline;\" href=\"http:\/\/service.gmx.net\/de\/cgi\/g.fcgi\/mail\/new?CUSTOMERNO=24638949&amp;t=de1263235875.1259733331.d5f1ee2a&amp;to=viennaclimatecampaign%40gmx.at\">viennaclimatecampaign@gmx.at<\/a><\/p>\n","protected":false},"excerpt":{"rendered":"<p>12. Dezember 2009 &#8211; 14 UHR &#8211; WIEN Demonstration &#8211; Westbahnhof Europaplatz\/ Mariahilferstra\u00dfe<\/p>\n","protected":false},"author":1,"featured_media":0,"comment_status":"open","ping_status":"open","sticky":false,"template":"","format":"standard","meta":{"footnotes":""},"categories":[1],"tags":[],"class_list":["post-1013","post","type-post","status-publish","format-standard","hentry","category-allgemein"],"_links":{"self":[{"href":"https:\/\/www.friedensplattform.at\/index.php?rest_route=\/wp\/v2\/posts\/1013","targetHints":{"allow":["GET"]}}],"collection":[{"href":"https:\/\/www.friedensplattform.at\/index.php?rest_route=\/wp\/v2\/posts"}],"about":[{"href":"https:\/\/www.friedensplattform.at\/index.php?rest_route=\/wp\/v2\/types\/post"}],"author":[{"embeddable":true,"href":"https:\/\/www.friedensplattform.at\/index.php?rest_route=\/wp\/v2\/users\/1"}],"replies":[{"embeddable":true,"href":"https:\/\/www.friedensplattform.at\/index.php?rest_route=%2Fwp%2Fv2%2Fcomments&post=1013"}],"version-history":[{"count":0,"href":"https:\/\/www.friedensplattform.at\/index.php?rest_route=\/wp\/v2\/posts\/1013\/revisions"}],"wp:attachment":[{"href":"https:\/\/www.friedensplattform.at\/index.php?rest_route=%2Fwp%2Fv2%2Fmedia&parent=1013"}],"wp:term":[{"taxonomy":"category","embeddable":true,"href":"https:\/\/www.friedensplattform.at\/index.php?rest_route=%2Fwp%2Fv2%2Fcategories&post=1013"},{"taxonomy":"post_tag","embeddable":true,"href":"https:\/\/www.friedensplattform.at\/index.php?rest_route=%2Fwp%2Fv2%2Ftags&post=1013"}],"curies":[{"name":"wp","href":"https:\/\/api.w.org\/{rel}","templated":true}]}}