{"id":1015,"date":"2009-12-06T21:58:22","date_gmt":"2009-12-06T19:58:22","guid":{"rendered":"http:\/\/www.luxorbis.org\/friedensplattform.at\/?p=1015"},"modified":"2009-12-06T21:58:22","modified_gmt":"2009-12-06T19:58:22","slug":"winfried-wolf-sieben-krisen-ein-crash","status":"publish","type":"post","link":"https:\/\/www.friedensplattform.at\/?p=1015","title":{"rendered":"Winfried Wolf SIEBEN  KRISEN &#8211; EIN CRASH"},"content":{"rendered":"<p>Winfrieds Wolf Buch bietet eine tiefgehende Analyse der aktuellen  Krisen des globalen Kapitalismus- quer zu diversen g\u00e4nzlich an der Oberfl\u00e4che verharrenden &#8220; Erkl\u00e4rungen &#8222;.<\/p>\n<p><!--more--><\/p>\n<p>Der  Gro\u00dfteil der &#8220; Erkl\u00e4rungen&#8220; der aktuellen globalen Krise des Kapitalismus verbleibt weitgehend an der Oberfl\u00e4che: geredet wird von einer blo\u00dfen Krise des &#8220; Finanzsektors&#8220;, der &#8220; Gier der Spekulanten &#8222;,&#8230; Entsprechend d\u00fcrftig fallen auch die &#8220; Antworten zur Behebung der Krise&#8220;  aus: Mehr Regulierung der aus den Fugen geratenen Finanzm\u00e4rkte, Transaktionssteuer,  etwas mehr staatliche Intervertionen &#8211; also eine Prise Neokeynesianismus.<\/p>\n<p>Solange solche Erk\u00e4rungen und Antworten nur  auf den b\u00fcrgerlichen Meinungsm\u00e4rkten zirkulieren, sollte uns das nicht weiter kratzen. Peinlich wirds, wenn Gewerkschaften daraufreinfallen, ja sogar Teile der globalisierungskritischen Bewegung sie verzapfen .Und ungen\u00fcgend ist es auch, wenn nur von Krise in der Einzahl gesprochen wird, also ihre nicht\u00f6konomischen Facetten ausgeblendet bleiben.<\/p>\n<p>Die Argumentation des \u00fcberzeugten &#8211; undogmatischen- Marxisten Winfried Wolfs hebt sich hier wohltuend ab. Sie st\u00f6\u00dft  in die Tiefenstruktur der kapitalistischen Produktionsweise vor und kommt auf insgesamt sieben Krisenstr\u00e4nge, die ineinander verwoben, den aktuellen Crash bewirkt haben.<\/p>\n<p>Wolf zerpfl\u00fcckt in beeindruckender Manier, den Mythos, da\u00df die &#8220; Krise nicht vorausssehbar war&#8220;. Im Kapitel &#8220; Die Krise der Realwirtschaft&#8220;  (S.22 ff.) werden gleich &#8222;200 Jahre kapitalistischer Krisenzyklus&#8220; dargestellt. Und auch &#8220; die gegenw\u00e4rtige Weltwirtschaftskrise ist in erster Linie eine Krise der materiellen Produktion&#8220; ( ebd.).<\/p>\n<p>Diese These wird  an Hand der IT-Branche und  Autoindustrie, als &#8220; Exempel f\u00fcr die allgemeine Krise&#8220; (S.42 ff.) empirisch erh\u00e4rtet.<\/p>\n<p>\u00dcberproduktion ist die eine Seite  der \u00f6konomischen Krise. Ihre Kehrseite hei\u00dft Unterkonsumption &#8211; also der allgemeine R\u00fcckgang der zahlungsf\u00e4higen Nachfrage. W\u00e4hrend die Vulg\u00e4r\u00f6konomie beide Seiten auseinanderrei\u00dft, unterstreicht Wolf: &#8222;\u00dcberproduktion und Unterkonsumption bilden eine  Einheit &#8220; (S. 65 ). Der Abschnitt &#8220; Die Verteilungskrise &#8220; belegt dies  durch die Schilderung zahlreicher internationaler Entwicklungen .<\/p>\n<p>Die Krisen lassen sich auch geografisch lokalisieren. Sie verlaufen nicht zuletzt &#8222;Nord-S\u00fcd&#8220; (S.125ff.) und zeigen sich in einer &#8222;diabolischen Allianz von Erd\u00f6l- Auto- und Agrobusiness &#8220; (ebd.).<\/p>\n<p>Der Kapitalismus stellt ein spezifisches Wachstumsmodell dar und &#8222;diese spezifische \u00f6konomische Grundstruktur ( hat ) eine dramatische Klimaver\u00e4nderung heraufbeschworen und damit die gr\u00f6\u00dfte Herausfordrung in der Geschichte der Menschheit auf die Tagesordnung gesetzt &#8220; ( S.149 ).<\/p>\n<p>Das Kapitel &#8220; Die Hegemoniekrise  &#8220; hat die Relativierung der F\u00fchrungsrolle der imperialistischen Hauptmacht , der USA, zum Thema (S.164 ).<\/p>\n<p>All diese einlnen Faktorenstr\u00e4nge beeinflussen das, was  Marx den &#8220; tendentiellen Fall der Profitrate&#8220; genannt hat ( &#8220; Die Krise des Profits&#8220;-S.188ff.).<\/p>\n<p>Die diversen milliardenschweren &#8222;Rettungsprogramme &#8220; der b\u00fcrgerlichen Staaten bedeuten nur ein kurzes Durchatmen ( auf Kosten der Massen ). Und die n\u00e4chste Krise ist &#8211; nicht nur f\u00fcr  Wolf- so sicher wie das Amen im Gebet.<\/p>\n<p>Um aus der L\u00e4hmung und Passivit\u00e4t herauszukommen, ist es  notwendig ein &#8222;alternatives antikapitalistisches Programm &#8220; zu entwickeln, ein Programm , das an den &#8220; aktuellen Erscheinungen der Krise und am Bewu\u00dftsein der Menschen  ankn\u00fcpft und zugleich perspektivisch auf eine andere Wirtschafts- und Gesellschaftsordnung orientiert&#8220; ( S.199). Denn es ist &#8222;das kapitalistische System selbst, das die Systemfrage auf die Tagesordnung setzt &#8220; (S.205 ).<\/p>\n<p>Hermann Dworczak ( 0676 \/ 972 31 10<\/p>\n<p>Wifried Wolf<\/p>\n<p>Sieben Krisen- Ein Crash<\/p>\n<p>2009 Promedia Wien 253 Seiten<\/p>\n","protected":false},"excerpt":{"rendered":"<p>Winfrieds Wolf Buch bietet eine tiefgehende Analyse der aktuellen Krisen des globalen Kapitalismus- quer zu diversen g\u00e4nzlich an der Oberfl\u00e4che verharrenden &#8220; Erkl\u00e4rungen &#8222;.<\/p>\n","protected":false},"author":1,"featured_media":0,"comment_status":"open","ping_status":"open","sticky":false,"template":"","format":"standard","meta":{"footnotes":""},"categories":[17],"tags":[],"class_list":["post-1015","post","type-post","status-publish","format-standard","hentry","category-meinung"],"_links":{"self":[{"href":"https:\/\/www.friedensplattform.at\/index.php?rest_route=\/wp\/v2\/posts\/1015","targetHints":{"allow":["GET"]}}],"collection":[{"href":"https:\/\/www.friedensplattform.at\/index.php?rest_route=\/wp\/v2\/posts"}],"about":[{"href":"https:\/\/www.friedensplattform.at\/index.php?rest_route=\/wp\/v2\/types\/post"}],"author":[{"embeddable":true,"href":"https:\/\/www.friedensplattform.at\/index.php?rest_route=\/wp\/v2\/users\/1"}],"replies":[{"embeddable":true,"href":"https:\/\/www.friedensplattform.at\/index.php?rest_route=%2Fwp%2Fv2%2Fcomments&post=1015"}],"version-history":[{"count":0,"href":"https:\/\/www.friedensplattform.at\/index.php?rest_route=\/wp\/v2\/posts\/1015\/revisions"}],"wp:attachment":[{"href":"https:\/\/www.friedensplattform.at\/index.php?rest_route=%2Fwp%2Fv2%2Fmedia&parent=1015"}],"wp:term":[{"taxonomy":"category","embeddable":true,"href":"https:\/\/www.friedensplattform.at\/index.php?rest_route=%2Fwp%2Fv2%2Fcategories&post=1015"},{"taxonomy":"post_tag","embeddable":true,"href":"https:\/\/www.friedensplattform.at\/index.php?rest_route=%2Fwp%2Fv2%2Ftags&post=1015"}],"curies":[{"name":"wp","href":"https:\/\/api.w.org\/{rel}","templated":true}]}}