{"id":1027,"date":"2009-12-10T23:10:14","date_gmt":"2009-12-10T21:10:14","guid":{"rendered":"http:\/\/www.luxorbis.org\/friedensplattform.at\/?p=1027"},"modified":"2009-12-10T23:10:14","modified_gmt":"2009-12-10T21:10:14","slug":"klimaaktionstag-am-sa-12-12-2009","status":"publish","type":"post","link":"https:\/\/www.friedensplattform.at\/?p=1027","title":{"rendered":"Klimaaktionstag am Sa. 12.12.2009"},"content":{"rendered":"<p><a href=\"http:\/\/www.luxorbis.org\/friedensplattform.at\/wp-content\/uploads\/2009\/12\/KlimaAktionstag-Graz-_Mail.jpg\"><img loading=\"lazy\" decoding=\"async\" class=\"size-medium wp-image-1028 alignleft\" title=\"KlimaAktionstag Graz _Mail\" src=\"http:\/\/www.luxorbis.org\/friedensplattform.at\/wp-content\/uploads\/2009\/12\/KlimaAktionstag-Graz-_Mail-212x300.jpg\" alt=\"KlimaAktionstag Graz _Mail\" width=\"212\" height=\"300\" \/><\/a><\/p>\n<p>Kurzinfo zur MAHNWACHE<\/p>\n<p><!--more--><\/p>\n<p>im Rahmen des Globalen Klima Aktionstages am Samstag 12.12. in der Herrengasse von 12-16 Uhr<\/p>\n<p>haben wir auch eine KLIMA MAHNWACHE von 13 bis 14 Uhr am Kundgebungsort am Eisernen Tor angemeldet. <a title=\"www.avaaz.org\" href=\"https:\/\/secure.avaaz.org\/de\/real_deal_hosts\" target=\"_blank\">www.AVAAZ.ORG<\/a><\/p>\n<p>Nehmt teil an dieser Aktion! Wir haben 50 Kerzen besorgt; mehrere Plakate und Texte.<\/p>\n<p>Wir wollen mit den teilnehmenden Personen mit den Kerzen die Zahl 5 bilden als Symbol f\u00fcr<\/p>\n<p>\u201e5 vor 12\u201c bzw. die negative Note 5 f\u00fcr Politik, Wirtschaft u. Forschung<\/p>\n<p>\u201cDIE WELT WILL EIN ECHTES ABKOMMEN\u201c SCHLIESST EUCH DEN KERZEN-MAHNWACHEN IN ALLER WELT AN!<\/p>\n<p>Am 12. Dezember schlie\u00dfen sich Menschen aus aller Welt den mehr als 2.000 Kerzen-Mahnwachen in \u00fcber 130 L\u00e4ndern an, um ein echtes Abkommen bei den Kopenhagener Klimagespr\u00e4chen zu fordern.<\/p>\n<p>Auf zahlreiche Teilnahme hoffen<\/p>\n<p>Johann, Franz, Anja, Thomas, Veronika, Rudi, Konrad, Pia, David, Herbert, Karin, Mario, Brigitte, Markus, Bettina, Stefan Sch., Stefan H., Walter, Gottfried,\u2026..<\/p>\n<p><a href=\"http:\/\/www.luxorbis.org\/friedensplattform.at\/wp-content\/uploads\/2009\/12\/klima_flugi_dez09scr.pdf\">Flugblatt_Klimaaktiostag09.pdf<\/a><\/p>\n","protected":false},"excerpt":{"rendered":"<p>Kurzinfo zur MAHNWACHE<\/p>\n","protected":false},"author":1,"featured_media":0,"comment_status":"open","ping_status":"open","sticky":false,"template":"","format":"standard","meta":{"footnotes":""},"categories":[1],"tags":[],"class_list":["post-1027","post","type-post","status-publish","format-standard","hentry","category-allgemein"],"_links":{"self":[{"href":"https:\/\/www.friedensplattform.at\/index.php?rest_route=\/wp\/v2\/posts\/1027","targetHints":{"allow":["GET"]}}],"collection":[{"href":"https:\/\/www.friedensplattform.at\/index.php?rest_route=\/wp\/v2\/posts"}],"about":[{"href":"https:\/\/www.friedensplattform.at\/index.php?rest_route=\/wp\/v2\/types\/post"}],"author":[{"embeddable":true,"href":"https:\/\/www.friedensplattform.at\/index.php?rest_route=\/wp\/v2\/users\/1"}],"replies":[{"embeddable":true,"href":"https:\/\/www.friedensplattform.at\/index.php?rest_route=%2Fwp%2Fv2%2Fcomments&post=1027"}],"version-history":[{"count":0,"href":"https:\/\/www.friedensplattform.at\/index.php?rest_route=\/wp\/v2\/posts\/1027\/revisions"}],"wp:attachment":[{"href":"https:\/\/www.friedensplattform.at\/index.php?rest_route=%2Fwp%2Fv2%2Fmedia&parent=1027"}],"wp:term":[{"taxonomy":"category","embeddable":true,"href":"https:\/\/www.friedensplattform.at\/index.php?rest_route=%2Fwp%2Fv2%2Fcategories&post=1027"},{"taxonomy":"post_tag","embeddable":true,"href":"https:\/\/www.friedensplattform.at\/index.php?rest_route=%2Fwp%2Fv2%2Ftags&post=1027"}],"curies":[{"name":"wp","href":"https:\/\/api.w.org\/{rel}","templated":true}]}}