{"id":1041,"date":"2009-12-20T16:55:27","date_gmt":"2009-12-20T14:55:27","guid":{"rendered":"http:\/\/www.luxorbis.org\/friedensplattform.at\/?p=1041"},"modified":"2009-12-20T16:55:27","modified_gmt":"2009-12-20T14:55:27","slug":"schwedische-umweltaktivistinnen-versuchten-einen-daenischen-konsul-zu-verhaften","status":"publish","type":"post","link":"https:\/\/www.friedensplattform.at\/?p=1041","title":{"rendered":"Schwedische UmweltaktivistInnen versuchten, einen d&#228;nischen Konsul zu verhaften!"},"content":{"rendered":"<p>In Modkraft (\u201eGegenkraft\u201c), dem progressiven \u2013 wie es sich selbst umrei\u00dft \u2013 Gesamtportal der d\u00e4nischen Bewegungen wurde Freitag fr\u00fch Folgendes angek\u00fcndigt:<\/p>\n<p><!--more--><\/p>\n<p>Schwedische AktivistInnen werden am Freitag den 18. Dezember das d\u00e4nische Botschaftspersonal in Malm\u00f6 in \u201eSicherheitsgewahrsam\u201c (1) nehmen! Dies aus Protest gegen die \u201epr\u00e4ventiven\u201c Massenverhaftungen w\u00e4hrend des Klimagipfels in Kopenhagen. Und weil, wie die AktivistInnen in einer Pressemitteilung bekanntgaben, \u201edas Konsulat eines Landes die Nation im Ausland vertritt, und das Vorgehen des d\u00e4nischen Staates eine Gefahr f\u00fcr das Demonstrationsrecht darstellt.\u201c (2). Es werde in allen St\u00e4dten mit d\u00e4nischen Konsulaten Aktionen gaben, teilt die Sprecherin der AktivistInnen mit.<\/p>\n<p>\u201eMan hat Menschen daran gehindert, ihre Positionen auf Demonstrationen zu verteidigen, mit denen versucht wurde, auf das Gipfeltreffen politisch Einflu\u00df zu nehmen\u201c, betonen die AktivistInnen.<\/p>\n<p>\u201eNiemand darf der Folter ausgesetzt werden oder einer unmenschlichen oder erniedrigenden Behandlung oder Strafe. Die Vereinten Nationen sind der Gastgeber diese Gipfeltreffens, das jedoch in einem Land stattfindet, das die grundlegendsten Menschenrechte nicht einh\u00e4lt.\u201c<\/p>\n<p>Von den AktivistInnen wird ein Besetzer aus Malm\u00f6 zitiert: \u201eAm vergangenen Donnerstag sa\u00df ich vier Stunden lang bei Minusgraden auf dem nackten Asphalt, die Polizei verbot mir, auf die Toilette zu gehen oder mich auch nur ein wenig auszustrecken. Ich habe gesehen, wie Leute geschlagen wurden, die versuchten, ihre K\u00f6rperhaltung zu \u00e4ndern, einem Teil der Festgenommenen wurden die F\u00e4ustlinge (Wollhandschuhe) abgenommen. Die Handgelenke meines Freundes waren rundherum blutig, das wurde durch die Kabelbinder verursacht, die als provisorische Fessel dienten.<\/p>\n<p>Mir wurde nicht erkl\u00e4rt, warum ich festgenommen wurde, und wenn ich nach der Begr\u00fcndung fragte, gab man sich nicht die M\u00fche, mir zu antworten. Wir wurden in eine Art Klima-Guant\u00e1namo hineinverstaut, und die, die keinen Platz mehr fanden, mu\u00dften sich in Autobusse setzen.\u201c So der Betroffene.<\/p>\n<p>Jetzt kehren die UmweltaktivistInnen den Spie\u00df um: Drei junge Frauen und ein Mann (3) von der Ung V\u00e4nster (5) (\u201eJunge Linke\u201c, Jugendpartei der V\u00e4nsterparti, der schwedischen Linkspartei, AuO) suchten am Freitag den 18. 12. um 11 Uhr 20 den d\u00e4nischen Konsul Jens Basse in Landskrona auf, lasen ihm ein Protestschreiben vor, und eine Frau berichtet ihm von ihren Erfahrungen w\u00e4hrend der Festnahme (5). Landskrona liegt auf halber H\u00f6he zwischen Malm\u00f6 und Helsingborg.<\/p>\n<p>Der Konsul war nicht erbaut, und die politische Vorbeugehaft des Konsuls wurde leider dadurch verhindert, da\u00df er sich in einen Raum des Konsulats einschlo\u00df und die Polizei rief (5). Dem Treffen mit der schwedischen Polizei kamen die Protestierenden zuvor, indem sie schnell aus dem Konsulat verschwanden.<\/p>\n<p>Konsul Basse berichtete der Polizei den Vorfall, sah allerdings von einer Anzeige ab und \u00fcbergab die Sache seinem Chef in Stockholm (6).<\/p>\n<p>Im Malm\u00f6 war das d\u00e4nische Konsulat f\u00fcr Menschenrechtsangelegenheiten noch weniger empf\u00e4nglich. Etwa um 12 Uhr 30 versammelten sich davor an die 40 AktivistInnen (3), das Konsulat war geschlossen.<\/p>\n<p>\u201dWir werden dazu gezwungen einzugreifen, damit wir nicht kriminalisiert werden. Den Leuten m\u00fcssen die Augen ge\u00f6ffnet werden, denn die Demonstrations- und Meinungsfreigheit ist bedroht\u201d hie\u00df es in Landskrona (4).<\/p>\n<p>Aug und Ohr, 18. 12. 2009<\/p>\n<p>(1) d\u00e4nisch: \u201epr\u00e6ventiv tilbageholdelse\u201c<br \/>\n(2) Ole Wugge Christiansen\/Monsun: Svenske aktivister vil \u00bbpr\u00e6ventivt tilbageholde\u00ab konsulatpersonale, Modkraft, 18. 12. 2009, http:\/\/www.modkraft.dk\/spip.php?article12273<br \/>\n(3) Ole Wugge Christiansen\/Monsun: Udramatisk \u00bbtilbageholdelse\u00ab af konsulatansat, Modkraft, 18. 12. 2009 http:\/\/www.modkraft.dk\/spip.php?article12274<br \/>\n(4) Sandra Jakob: H\u00e4r missar polisen aktivisterna, Helsingborgs Dagblad, 18. 12. 2009<br \/>\n(5) Henrik Kilefors: Ung V\u00e4nster t\u00e4nkte gripa danske konsuln, Helsingborgs Dagblad, 18. 12. 2009<br \/>\n(6) Sandra Jakob: Ambassad\u00f6ren i Stockholm avg\u00f6r om vi ska polisanm\u00e4la&#8220;, Helsingborgs Dagblad, 18. 12. 2009<\/p>\n","protected":false},"excerpt":{"rendered":"<p>In Modkraft (\u201eGegenkraft\u201c), dem progressiven \u2013 wie es sich selbst umrei\u00dft \u2013 Gesamtportal der d\u00e4nischen Bewegungen wurde Freitag fr\u00fch Folgendes angek\u00fcndigt:<\/p>\n","protected":false},"author":1,"featured_media":0,"comment_status":"open","ping_status":"open","sticky":false,"template":"","format":"standard","meta":{"footnotes":""},"categories":[1],"tags":[],"class_list":["post-1041","post","type-post","status-publish","format-standard","hentry","category-allgemein"],"_links":{"self":[{"href":"https:\/\/www.friedensplattform.at\/index.php?rest_route=\/wp\/v2\/posts\/1041","targetHints":{"allow":["GET"]}}],"collection":[{"href":"https:\/\/www.friedensplattform.at\/index.php?rest_route=\/wp\/v2\/posts"}],"about":[{"href":"https:\/\/www.friedensplattform.at\/index.php?rest_route=\/wp\/v2\/types\/post"}],"author":[{"embeddable":true,"href":"https:\/\/www.friedensplattform.at\/index.php?rest_route=\/wp\/v2\/users\/1"}],"replies":[{"embeddable":true,"href":"https:\/\/www.friedensplattform.at\/index.php?rest_route=%2Fwp%2Fv2%2Fcomments&post=1041"}],"version-history":[{"count":0,"href":"https:\/\/www.friedensplattform.at\/index.php?rest_route=\/wp\/v2\/posts\/1041\/revisions"}],"wp:attachment":[{"href":"https:\/\/www.friedensplattform.at\/index.php?rest_route=%2Fwp%2Fv2%2Fmedia&parent=1041"}],"wp:term":[{"taxonomy":"category","embeddable":true,"href":"https:\/\/www.friedensplattform.at\/index.php?rest_route=%2Fwp%2Fv2%2Fcategories&post=1041"},{"taxonomy":"post_tag","embeddable":true,"href":"https:\/\/www.friedensplattform.at\/index.php?rest_route=%2Fwp%2Fv2%2Ftags&post=1041"}],"curies":[{"name":"wp","href":"https:\/\/api.w.org\/{rel}","templated":true}]}}