{"id":1047,"date":"2009-12-25T18:21:03","date_gmt":"2009-12-25T16:21:03","guid":{"rendered":"http:\/\/www.luxorbis.org\/friedensplattform.at\/?p=1047"},"modified":"2009-12-25T18:21:03","modified_gmt":"2009-12-25T16:21:03","slug":"austrian-social-forum-asf-protesiert-gegen-raeuemung-des-audimax","status":"publish","type":"post","link":"https:\/\/www.friedensplattform.at\/?p=1047","title":{"rendered":"Austrian Social Forum ( ASF ) protesiert gegen R&#228;&#252;mung des Audimax"},"content":{"rendered":"<p>Das Austrian Social Forum ( ASF ), das von Anfang an mit der Bewegung der StudentInnen solidarisch war,\u00a0protestiert sch\u00e4rfstens gegen die R\u00e4\u00fcmung des Audimax durch die Exekutive. Anstatt die Bildungsmisere zu beheben, r\u00fcckt die Polizei aus.\u00a0Ein bezeichnendes Beispiel- wie nicht nur in \u00d6sterreich- &#8220; oben &#8220; Politik gemacht wird. Dem gilt es weiter &#8220; von unten &#8220;\u00a0entgegenzuhalten- hier und international .<br \/>\n<!--more--><br \/>\nWir sind fest davon \u00fcberzeugt, da\u00df die R\u00e4\u00fcmung eines Saales nicht das Ende der Bewegung ist!<\/p>\n<p>EINE ANDERE WELT IST M\u00d6GLICH !<\/p>\n<p>Hermann Dworczak ( Austrian Social Forum \/ ASF ; 0676 \/ 972 31 10 )<\/p>\n<p>5. ASF 13.-16. Mai 2010\u00a0Leoben\u00a0\u00a0 <a href=\"http:\/\/www.sozialforum-asf.at\/\">www.sozialforum-asf.at<\/a><\/p>\n","protected":false},"excerpt":{"rendered":"<p>Das Austrian Social Forum ( ASF ), das von Anfang an mit der Bewegung der StudentInnen solidarisch war,\u00a0protestiert sch\u00e4rfstens gegen die R\u00e4\u00fcmung des Audimax durch die Exekutive. Anstatt die Bildungsmisere zu beheben, r\u00fcckt die Polizei aus.\u00a0Ein bezeichnendes Beispiel- wie nicht nur in \u00d6sterreich- &#8220; oben &#8220; Politik gemacht wird. Dem gilt es weiter &#8220; von &hellip; <a href=\"https:\/\/www.friedensplattform.at\/?p=1047\" class=\"more-link\"><span class=\"screen-reader-text\">Austrian Social Forum ( ASF ) protesiert gegen R&#228;&#252;mung des Audimax<\/span> weiterlesen <span class=\"meta-nav\">&rarr;<\/span><\/a><\/p>\n","protected":false},"author":1,"featured_media":0,"comment_status":"open","ping_status":"open","sticky":false,"template":"","format":"standard","meta":{"footnotes":""},"categories":[7],"tags":[],"class_list":["post-1047","post","type-post","status-publish","format-standard","hentry","category-asf-bewegung"],"_links":{"self":[{"href":"https:\/\/www.friedensplattform.at\/index.php?rest_route=\/wp\/v2\/posts\/1047","targetHints":{"allow":["GET"]}}],"collection":[{"href":"https:\/\/www.friedensplattform.at\/index.php?rest_route=\/wp\/v2\/posts"}],"about":[{"href":"https:\/\/www.friedensplattform.at\/index.php?rest_route=\/wp\/v2\/types\/post"}],"author":[{"embeddable":true,"href":"https:\/\/www.friedensplattform.at\/index.php?rest_route=\/wp\/v2\/users\/1"}],"replies":[{"embeddable":true,"href":"https:\/\/www.friedensplattform.at\/index.php?rest_route=%2Fwp%2Fv2%2Fcomments&post=1047"}],"version-history":[{"count":0,"href":"https:\/\/www.friedensplattform.at\/index.php?rest_route=\/wp\/v2\/posts\/1047\/revisions"}],"wp:attachment":[{"href":"https:\/\/www.friedensplattform.at\/index.php?rest_route=%2Fwp%2Fv2%2Fmedia&parent=1047"}],"wp:term":[{"taxonomy":"category","embeddable":true,"href":"https:\/\/www.friedensplattform.at\/index.php?rest_route=%2Fwp%2Fv2%2Fcategories&post=1047"},{"taxonomy":"post_tag","embeddable":true,"href":"https:\/\/www.friedensplattform.at\/index.php?rest_route=%2Fwp%2Fv2%2Ftags&post=1047"}],"curies":[{"name":"wp","href":"https:\/\/api.w.org\/{rel}","templated":true}]}}