{"id":1053,"date":"2009-12-29T23:04:59","date_gmt":"2009-12-29T21:04:59","guid":{"rendered":"http:\/\/www.luxorbis.org\/friedensplattform.at\/?p=1053"},"modified":"2009-12-29T23:04:59","modified_gmt":"2009-12-29T21:04:59","slug":"klima-bolivien-beruft-internationale-konferenz-von-sozialen-bewegungen-ein","status":"publish","type":"post","link":"https:\/\/www.friedensplattform.at\/?p=1053","title":{"rendered":"Klima: Bolivien beruft internationale Konferenz von Sozialen Bewegungen ein"},"content":{"rendered":"<p>Granma, 20. Dezember 2009<\/p>\n<p>CHUQUISACA, Bolivien, 20. Dezember \u2014 Der bolivianische Pr\u00e4sident Evo Morales hat heute bekannt gegeben, dass als Antwort auf den Fehlschlag des 15. Gipfel zum Klimawandel, der vor kurzem in Kopenhagen stattgefunden hat, in Bolivien eine internationale Konferenz von sozialen Bewegungen stattfinden wird.<\/p>\n<p><!--more--><\/p>\n<p>&#8222;Die Probleme des Klimawandels sind direkt mit der irrationalen Entwicklungen der Industrie verbunden&#8220;, sagte der Pr\u00e4sident bei den Feiern zum 49. Jahrestag der Gr\u00fcndung der Gemeinde Culpina in der Region Chuquisaca.<\/p>\n<p>Morales sagte, er habe technische und wissenschaftliche Argumente angefordert, um eine breit angelegte internationale Mobilisierung zur Verteidigung der Umwelt, insbesondere des Wassers, zu unterst\u00fctzen.<\/p>\n<p>Die Versammlung wird am 22. April stattfinden, dem Internationalen Tag der Mutter Erde.<\/p>\n<p>&#8222;Es wird eine gro\u00dfe Versammlung werden, auf der wir L\u00f6sungen f\u00fcr das Problem des Klimawandels anbieten k\u00f6nnen&#8220;, sagte er.<\/p>\n<p>Er bedauerte, dass der in Kopenhagen stattgefundene Gipfel zu Ende gegangen ist, ohne dass irgend eine bedeutende Vereinbarung erreicht worden ist. Er stellte fest, dass Ereignis jedoch eine Gelegenheit ist, die Hegemonie der industrialisierten L\u00e4nder zu brechen, die an der Zusammenkunft teilgenommen haben.<\/p>\n<p>&#8222;Wenn wir jetzt nicht bedeutsame Entscheidungen treffen, werden sich unsere Kinder und die kommenden Generationen mit ernsthaften Problemen gegen\u00fcber sehen&#8220;, warnte der Pr\u00e4sident.<\/p>\n<p>Er stellte heraus, dass die internationale Konferenz von sozialen Bewegungen in Bolivien darauf abzielen wird, in Anbetracht des Hungers, von dem verschiedene Teile der Welt betroffen sind, Optionen f\u00fcr die Garantie von Nahrung f\u00fcr die V\u00f6lker zu finden.<\/p>\n<p>Aus dem Englischen \u00fcbersetzt<\/p>\n<p><a href=\"http:\/\/www.europe-solidaire.org\/spip.php?article16031\" target=\"_blank\">http:\/\/www.europe-solidaire.org\/spip.php?article16031<\/a><\/p>\n","protected":false},"excerpt":{"rendered":"<p>Granma, 20. Dezember 2009 CHUQUISACA, Bolivien, 20. Dezember \u2014 Der bolivianische Pr\u00e4sident Evo Morales hat heute bekannt gegeben, dass als Antwort auf den Fehlschlag des 15. Gipfel zum Klimawandel, der vor kurzem in Kopenhagen stattgefunden hat, in Bolivien eine internationale Konferenz von sozialen Bewegungen stattfinden wird.<\/p>\n","protected":false},"author":1,"featured_media":0,"comment_status":"open","ping_status":"open","sticky":false,"template":"","format":"standard","meta":{"footnotes":""},"categories":[1],"tags":[],"class_list":["post-1053","post","type-post","status-publish","format-standard","hentry","category-allgemein"],"_links":{"self":[{"href":"https:\/\/www.friedensplattform.at\/index.php?rest_route=\/wp\/v2\/posts\/1053","targetHints":{"allow":["GET"]}}],"collection":[{"href":"https:\/\/www.friedensplattform.at\/index.php?rest_route=\/wp\/v2\/posts"}],"about":[{"href":"https:\/\/www.friedensplattform.at\/index.php?rest_route=\/wp\/v2\/types\/post"}],"author":[{"embeddable":true,"href":"https:\/\/www.friedensplattform.at\/index.php?rest_route=\/wp\/v2\/users\/1"}],"replies":[{"embeddable":true,"href":"https:\/\/www.friedensplattform.at\/index.php?rest_route=%2Fwp%2Fv2%2Fcomments&post=1053"}],"version-history":[{"count":0,"href":"https:\/\/www.friedensplattform.at\/index.php?rest_route=\/wp\/v2\/posts\/1053\/revisions"}],"wp:attachment":[{"href":"https:\/\/www.friedensplattform.at\/index.php?rest_route=%2Fwp%2Fv2%2Fmedia&parent=1053"}],"wp:term":[{"taxonomy":"category","embeddable":true,"href":"https:\/\/www.friedensplattform.at\/index.php?rest_route=%2Fwp%2Fv2%2Fcategories&post=1053"},{"taxonomy":"post_tag","embeddable":true,"href":"https:\/\/www.friedensplattform.at\/index.php?rest_route=%2Fwp%2Fv2%2Ftags&post=1053"}],"curies":[{"name":"wp","href":"https:\/\/api.w.org\/{rel}","templated":true}]}}