{"id":1059,"date":"2010-01-04T22:40:43","date_gmt":"2010-01-04T20:40:43","guid":{"rendered":"http:\/\/www.luxorbis.org\/friedensplattform.at\/?p=1059"},"modified":"2010-01-04T22:40:43","modified_gmt":"2010-01-04T20:40:43","slug":"bundesweites-asf-vorbereitungstreffen-6-februar-salzburg-robert-jungk-bibliothek-11-15h","status":"publish","type":"post","link":"https:\/\/www.friedensplattform.at\/?p=1059","title":{"rendered":"Bundesweites ASF-Vorbereitungstreffen 6.FEBRUAR \/ SALZBURG &quot;Robert-Jungk-Bibliothek &quot; 11-15h"},"content":{"rendered":"<p>Liebe FreundInnen des ASF !<\/p>\n<p>Das n\u00e4chste bundesweite Vorbereitungstreffen f\u00fcr das kommende ASF in Leoben 13.-16. Mai findet am 6. Februar statt. Und zwar in SALZBURG:&#8220; Robert-Jungk-Bibliothek&#8220; , Imbergstra\u00dfe 2( liegt im Zentrum ).               Wie immer werden wir von 11-15 h zusammensitzen. F\u00fcr Verpflegung wird gesorgt.<\/p>\n<p><!--more--><\/p>\n<p>F\u00fcr die Tagesordnung bieten sich folgende Punkte an :<\/p>\n<p>&#8211; Bericht vom Alternativgipfel in Kopenhagen und Vorbereitung des Treffens der sozialen Bewegungen in Bolivien am 22. April ( wahrscheinlich Cochabamba). Das ASF hat die Initiative ergriffen, das eine Art &#8220; ESF-Delegation&#8220; nach Bolivien f\u00e4hrt.<\/p>\n<p>&#8211; Stand der Vorbereitung und der Mobilisierung f\u00fcr das ASF in Leoben<\/p>\n<p>&#8211; Stand der Vorbereitung und Mobilisierung f\u00fcr das ESF in Istanbul 1.-4. Juli. ( 29.-31. J\u00e4nner findet die vorletzte EPA f\u00fcr das ESF in  Berlin statt. W\u00e4re sch\u00f6n, wenn auch &#8220; neue Gesichter&#8220; aus \u00d6sterreich daran teilnehmen w\u00fcrden&#8230;).<\/p>\n<p>&#8211; Bericht von der Lage an den Unis- insbesonders die Gegenaktivit\u00e4ten zu den &#8220; Feiern&#8220; ad Bolognaproze\u00df in Budapest und Wien im M\u00e4rz<\/p>\n<p>Mit solidarischen Gr\u00fc\u00dfen<\/p>\n<p>Hermannn Dworczak ( 0676 \/ 972 31 10 )<\/p>\n","protected":false},"excerpt":{"rendered":"<p>Liebe FreundInnen des ASF ! Das n\u00e4chste bundesweite Vorbereitungstreffen f\u00fcr das kommende ASF in Leoben 13.-16. Mai findet am 6. Februar statt. Und zwar in SALZBURG:&#8220; Robert-Jungk-Bibliothek&#8220; , Imbergstra\u00dfe 2( liegt im Zentrum ). Wie immer werden wir von 11-15 h zusammensitzen. F\u00fcr Verpflegung wird gesorgt.<\/p>\n","protected":false},"author":1,"featured_media":0,"comment_status":"open","ping_status":"open","sticky":false,"template":"","format":"standard","meta":{"footnotes":""},"categories":[7],"tags":[],"class_list":["post-1059","post","type-post","status-publish","format-standard","hentry","category-asf-bewegung"],"_links":{"self":[{"href":"https:\/\/www.friedensplattform.at\/index.php?rest_route=\/wp\/v2\/posts\/1059","targetHints":{"allow":["GET"]}}],"collection":[{"href":"https:\/\/www.friedensplattform.at\/index.php?rest_route=\/wp\/v2\/posts"}],"about":[{"href":"https:\/\/www.friedensplattform.at\/index.php?rest_route=\/wp\/v2\/types\/post"}],"author":[{"embeddable":true,"href":"https:\/\/www.friedensplattform.at\/index.php?rest_route=\/wp\/v2\/users\/1"}],"replies":[{"embeddable":true,"href":"https:\/\/www.friedensplattform.at\/index.php?rest_route=%2Fwp%2Fv2%2Fcomments&post=1059"}],"version-history":[{"count":0,"href":"https:\/\/www.friedensplattform.at\/index.php?rest_route=\/wp\/v2\/posts\/1059\/revisions"}],"wp:attachment":[{"href":"https:\/\/www.friedensplattform.at\/index.php?rest_route=%2Fwp%2Fv2%2Fmedia&parent=1059"}],"wp:term":[{"taxonomy":"category","embeddable":true,"href":"https:\/\/www.friedensplattform.at\/index.php?rest_route=%2Fwp%2Fv2%2Fcategories&post=1059"},{"taxonomy":"post_tag","embeddable":true,"href":"https:\/\/www.friedensplattform.at\/index.php?rest_route=%2Fwp%2Fv2%2Ftags&post=1059"}],"curies":[{"name":"wp","href":"https:\/\/api.w.org\/{rel}","templated":true}]}}