{"id":1061,"date":"2010-01-05T17:18:56","date_gmt":"2010-01-05T15:18:56","guid":{"rendered":"http:\/\/www.luxorbis.org\/friedensplattform.at\/?p=1061"},"modified":"2010-01-05T17:18:56","modified_gmt":"2010-01-05T15:18:56","slug":"resolutionsentwurf-kapitalistische-klimaveraenderung-und-unsere-aufgaben-4-internationale","status":"publish","type":"post","link":"https:\/\/www.friedensplattform.at\/?p=1061","title":{"rendered":"Resolutionsentwurf &quot;Kapitalistische Klimaver&#228;nderung und unsere Aufgaben&quot; (4. Internationale)"},"content":{"rendered":"<p>Dieser Resolutionsentwurf ist ein Diskussionspapier f\u00fcr den kommenden Weltkongress der 4. Internationale, der 2010 stattfinden wird. Die Diskussion wird auch \u00f6ffentlich, insbesondere mit MitstreiterInnen in den Gewerkschaften und sozialen Bewegungen, gef\u00fchrt.<\/p>\n<p><a title=\"linke.cc\" href=\"http:\/\/linke.cc\/news\/article.php?story=2010010511115814\" target=\"_blank\">Weiterlesen auf www.linke.cc<\/a><\/p>\n","protected":false},"excerpt":{"rendered":"<p>Dieser Resolutionsentwurf ist ein Diskussionspapier f\u00fcr den kommenden Weltkongress der 4. Internationale, der 2010 stattfinden wird. Die Diskussion wird auch \u00f6ffentlich, insbesondere mit MitstreiterInnen in den Gewerkschaften und sozialen Bewegungen, gef\u00fchrt. Weiterlesen auf www.linke.cc<\/p>\n","protected":false},"author":1,"featured_media":0,"comment_status":"open","ping_status":"open","sticky":false,"template":"","format":"standard","meta":{"footnotes":""},"categories":[1],"tags":[],"class_list":["post-1061","post","type-post","status-publish","format-standard","hentry","category-allgemein"],"_links":{"self":[{"href":"https:\/\/www.friedensplattform.at\/index.php?rest_route=\/wp\/v2\/posts\/1061","targetHints":{"allow":["GET"]}}],"collection":[{"href":"https:\/\/www.friedensplattform.at\/index.php?rest_route=\/wp\/v2\/posts"}],"about":[{"href":"https:\/\/www.friedensplattform.at\/index.php?rest_route=\/wp\/v2\/types\/post"}],"author":[{"embeddable":true,"href":"https:\/\/www.friedensplattform.at\/index.php?rest_route=\/wp\/v2\/users\/1"}],"replies":[{"embeddable":true,"href":"https:\/\/www.friedensplattform.at\/index.php?rest_route=%2Fwp%2Fv2%2Fcomments&post=1061"}],"version-history":[{"count":0,"href":"https:\/\/www.friedensplattform.at\/index.php?rest_route=\/wp\/v2\/posts\/1061\/revisions"}],"wp:attachment":[{"href":"https:\/\/www.friedensplattform.at\/index.php?rest_route=%2Fwp%2Fv2%2Fmedia&parent=1061"}],"wp:term":[{"taxonomy":"category","embeddable":true,"href":"https:\/\/www.friedensplattform.at\/index.php?rest_route=%2Fwp%2Fv2%2Fcategories&post=1061"},{"taxonomy":"post_tag","embeddable":true,"href":"https:\/\/www.friedensplattform.at\/index.php?rest_route=%2Fwp%2Fv2%2Ftags&post=1061"}],"curies":[{"name":"wp","href":"https:\/\/api.w.org\/{rel}","templated":true}]}}