{"id":1063,"date":"2010-01-05T21:14:10","date_gmt":"2010-01-05T19:14:10","guid":{"rendered":"http:\/\/www.luxorbis.org\/friedensplattform.at\/?p=1063"},"modified":"2010-01-05T21:14:10","modified_gmt":"2010-01-05T19:14:10","slug":"artikel-in-der-jungen-welt-die-eiserne-mauer","status":"publish","type":"post","link":"https:\/\/www.friedensplattform.at\/?p=1063","title":{"rendered":"Artikel in der jungen Welt: Die eiserne Mauer"},"content":{"rendered":"<p>Warum \u00c4gypten die israelische Blockade des Gazastreifens unterst\u00fctzt und das Embargo gegen 1,5 Millionen Pal\u00e4stinenser sogar noch versch\u00e4rft<\/p>\n<p><em>Von Uri Avnery<\/em><\/p>\n<p><a title=\"junge Welt\" href=\"http:\/\/www.jungewelt.de\/2010\/01-05\/034.php\" target=\"_blank\">Weiterlesen in der jungen Welt<\/a><\/p>\n","protected":false},"excerpt":{"rendered":"<p>Warum \u00c4gypten die israelische Blockade des Gazastreifens unterst\u00fctzt und das Embargo gegen 1,5 Millionen Pal\u00e4stinenser sogar noch versch\u00e4rft Von Uri Avnery Weiterlesen in der jungen Welt<\/p>\n","protected":false},"author":1,"featured_media":0,"comment_status":"open","ping_status":"open","sticky":false,"template":"","format":"standard","meta":{"footnotes":""},"categories":[1,5],"tags":[],"class_list":["post-1063","post","type-post","status-publish","format-standard","hentry","category-allgemein","category-arabischer-raum"],"_links":{"self":[{"href":"https:\/\/www.friedensplattform.at\/index.php?rest_route=\/wp\/v2\/posts\/1063","targetHints":{"allow":["GET"]}}],"collection":[{"href":"https:\/\/www.friedensplattform.at\/index.php?rest_route=\/wp\/v2\/posts"}],"about":[{"href":"https:\/\/www.friedensplattform.at\/index.php?rest_route=\/wp\/v2\/types\/post"}],"author":[{"embeddable":true,"href":"https:\/\/www.friedensplattform.at\/index.php?rest_route=\/wp\/v2\/users\/1"}],"replies":[{"embeddable":true,"href":"https:\/\/www.friedensplattform.at\/index.php?rest_route=%2Fwp%2Fv2%2Fcomments&post=1063"}],"version-history":[{"count":0,"href":"https:\/\/www.friedensplattform.at\/index.php?rest_route=\/wp\/v2\/posts\/1063\/revisions"}],"wp:attachment":[{"href":"https:\/\/www.friedensplattform.at\/index.php?rest_route=%2Fwp%2Fv2%2Fmedia&parent=1063"}],"wp:term":[{"taxonomy":"category","embeddable":true,"href":"https:\/\/www.friedensplattform.at\/index.php?rest_route=%2Fwp%2Fv2%2Fcategories&post=1063"},{"taxonomy":"post_tag","embeddable":true,"href":"https:\/\/www.friedensplattform.at\/index.php?rest_route=%2Fwp%2Fv2%2Ftags&post=1063"}],"curies":[{"name":"wp","href":"https:\/\/api.w.org\/{rel}","templated":true}]}}